{"id":15613,"date":"2023-12-29T11:06:32","date_gmt":"2023-12-29T10:06:32","guid":{"rendered":"http:\/\/euwps06.newsmemory.com\/gardaseezeitung_new\/de\/2023\/12\/29\/verona-silvesterparty-auf-der-piazza-bra-zur-begruessung-des-neuen-jahres\/"},"modified":"2023-12-29T11:06:37","modified_gmt":"2023-08-01T11:06:37","slug":"verona-silvesterparty-auf-der-piazza-bra-zur-begruessung-des-neuen-jahres","status":"publish","type":"post","link":"https:\/\/www.gardaseezeitung.it\/2023\/12\/29\/verona-silvesterparty-auf-der-piazza-bra-zur-begruessung-des-neuen-jahres\/","title":{"rendered":"Verona: Silvesterparty auf der Piazza Bra zur Begr\u00fc\u00dfung des neuen Jahres"},"content":{"rendered":"<p>&nbsp;<\/p>\n<p>Der Zauber der Silvesternacht wird um Mitternacht auf der Piazza Bra in Verona ansteckend sein, wo die Stadtverwaltung seit 1999 die gro\u00dfe Silvesterparty organisiert und eines der sch\u00f6nsten Feuerwerke anbietet.Eine Veranstaltung, die von den Menschen in Verona und dar\u00fcber hinaus verfolgt wird und an der in den letzten Jahren auch ber\u00fchmte K\u00fcnstler teilgenommen haben.In diesem Jahr treten die vier Finalisten von X-Factor 2023 auf, der Talentshow, die die vielversprechendsten Stimmen der italienischen Musik entdeckt. Am 31. Dezember werden Maria Tomba, Sarafine, Stunt Pilots und Il Solito Dandy aus Verona auf der Piazza Bra auftreten.Die Veranstaltung wird live auf RTL 102.5, dem meistgeh\u00f6rten Radiosender Italiens, \u00fcbertragen, der landesweit \u00fcber die Veranstaltung berichten wird. Die S\u00e4ngerinnen und S\u00e4nger wurden so ausgew\u00e4hlt, dass sie ein junges Publikum ansprechen, aber auch den Geschmack der verschiedenen Generationen treffen.<\/p>\n<p>&nbsp;<\/p>\n","protected":false},"excerpt":{"rendered":"<p>Auch in diesem Jahr findet am 31. Dezember die traditionelle Silvesterparty in Verona statt: Der Zauber der Arena, Feuerwerk, Live-Musik und viele Menschen werden das neue Jahr willkommen hei\u00dfen<\/p>\n","protected":false},"author":9,"featured_media":15612,"comment_status":"open","ping_status":"open","sticky":false,"template":"","format":"standard","meta":[],"categories":[2,5],"tags":[36,23,26,4637,4638,4639,4640,38],"news-destination":[],"news-source":[],"is_homepage":[],"ta_other":[],"featured_media_details":{"width":1000,"height":580,"file":"2023\/12\/capodanno-verona.jpg","sizes":{"thumbnail":{"file":"capodanno-verona-150x150.jpg","width":150,"height":150,"mime-type":"image\/jpeg","source_url":"https:\/\/www.gardaseezeitung.it\/gardaseezeitung_new\/de\/wp-content\/uploads\/sites\/2\/2023\/12\/capodanno-verona-150x150.jpg"},"medium":{"file":"capodanno-verona-300x174.jpg","width":300,"height":174,"mime-type":"image\/jpeg","source_url":"https:\/\/www.gardaseezeitung.it\/gardaseezeitung_new\/de\/wp-content\/uploads\/sites\/2\/2023\/12\/capodanno-verona-300x174.jpg"},"medium_large":{"file":"capodanno-verona-768x445.jpg","width":768,"height":445,"mime-type":"image\/jpeg","source_url":"https:\/\/www.gardaseezeitung.it\/gardaseezeitung_new\/de\/wp-content\/uploads\/sites\/2\/2023\/12\/capodanno-verona-768x445.jpg"},"big_image":{"file":"capodanno-verona-750x435.jpg","width":750,"height":435,"mime-type":"image\/jpeg","source_url":"https:\/\/www.gardaseezeitung.it\/gardaseezeitung_new\/de\/wp-content\/uploads\/sites\/2\/2023\/12\/capodanno-verona-750x435.jpg"},"guest-author-32":{"file":"capodanno-verona-32x32.jpg","width":32,"height":32,"mime-type":"image\/jpeg","source_url":"https:\/\/www.gardaseezeitung.it\/gardaseezeitung_new\/de\/wp-content\/uploads\/sites\/2\/2023\/12\/capodanno-verona-32x32.jpg"},"guest-author-50":{"file":"capodanno-verona-50x50.jpg","width":50,"height":50,"mime-type":"image\/jpeg","source_url":"https:\/\/www.gardaseezeitung.it\/gardaseezeitung_new\/de\/wp-content\/uploads\/sites\/2\/2023\/12\/capodanno-verona-50x50.jpg"},"guest-author-64":{"file":"capodanno-verona-64x64.jpg","width":64,"height":64,"mime-type":"image\/jpeg","source_url":"https:\/\/www.gardaseezeitung.it\/gardaseezeitung_new\/de\/wp-content\/uploads\/sites\/2\/2023\/12\/capodanno-verona-64x64.jpg"},"guest-author-96":{"file":"capodanno-verona-96x96.jpg","width":96,"height":96,"mime-type":"image\/jpeg","source_url":"https:\/\/www.gardaseezeitung.it\/gardaseezeitung_new\/de\/wp-content\/uploads\/sites\/2\/2023\/12\/capodanno-verona-96x96.jpg"},"guest-author-128":{"file":"capodanno-verona-128x128.jpg","width":128,"height":128,"mime-type":"image\/jpeg","source_url":"https:\/\/www.gardaseezeitung.it\/gardaseezeitung_new\/de\/wp-content\/uploads\/sites\/2\/2023\/12\/capodanno-verona-128x128.jpg"},"full":{"file":"capodanno-verona.jpg","width":1000,"height":580,"mime_type":"","source_url":"https:\/\/www.gardaseezeitung.it\/gardaseezeitung_new\/de\/wp-content\/uploads\/sites\/2\/2023\/12\/capodanno-verona.jpg"}},"image_meta":{"aperture":"0","credit":"","camera":"","caption":"","created_timestamp":"0","copyright":"","focal_length":"0","iso":"0","shutter_speed":"0","title":"","orientation":"1","keywords":[]}},"_links":{"self":[{"href":"https:\/\/www.gardaseezeitung.it\/gardaseezeitung_new\/de\/wp-json\/wp\/v2\/posts\/15613"}],"collection":[{"href":"https:\/\/www.gardaseezeitung.it\/gardaseezeitung_new\/de\/wp-json\/wp\/v2\/posts"}],"about":[{"href":"https:\/\/www.gardaseezeitung.it\/gardaseezeitung_new\/de\/wp-json\/wp\/v2\/types\/post"}],"author":[{"embeddable":true,"href":"https:\/\/www.gardaseezeitung.it\/gardaseezeitung_new\/de\/wp-json\/wp\/v2\/users\/9"}],"replies":[{"embeddable":true,"href":"https:\/\/www.gardaseezeitung.it\/gardaseezeitung_new\/de\/wp-json\/wp\/v2\/comments?post=15613"}],"version-history":[{"count":1,"href":"https:\/\/www.gardaseezeitung.it\/gardaseezeitung_new\/de\/wp-json\/wp\/v2\/posts\/15613\/revisions"}],"predecessor-version":[{"id":15615,"href":"https:\/\/www.gardaseezeitung.it\/gardaseezeitung_new\/de\/wp-json\/wp\/v2\/posts\/15613\/revisions\/15615"}],"wp:featuredmedia":[{"embeddable":true,"href":"https:\/\/www.gardaseezeitung.it\/gardaseezeitung_new\/de\/wp-json\/wp\/v2\/media\/15612"}],"wp:attachment":[{"href":"https:\/\/www.gardaseezeitung.it\/gardaseezeitung_new\/de\/wp-json\/wp\/v2\/media?parent=15613"}],"wp:term":[{"taxonomy":"category","embeddable":true,"href":"https:\/\/www.gardaseezeitung.it\/gardaseezeitung_new\/de\/wp-json\/wp\/v2\/categories?post=15613"},{"taxonomy":"post_tag","embeddable":true,"href":"https:\/\/www.gardaseezeitung.it\/gardaseezeitung_new\/de\/wp-json\/wp\/v2\/tags?post=15613"},{"taxonomy":"news-destination","embeddable":true,"href":"https:\/\/www.gardaseezeitung.it\/gardaseezeitung_new\/de\/wp-json\/wp\/v2\/news-destination?post=15613"},{"taxonomy":"news-source","embeddable":true,"href":"https:\/\/www.gardaseezeitung.it\/gardaseezeitung_new\/de\/wp-json\/wp\/v2\/news-source?post=15613"},{"taxonomy":"is_homepage","embeddable":true,"href":"https:\/\/www.gardaseezeitung.it\/gardaseezeitung_new\/de\/wp-json\/wp\/v2\/is_homepage?post=15613"},{"taxonomy":"ta_other","embeddable":true,"href":"https:\/\/www.gardaseezeitung.it\/gardaseezeitung_new\/de\/wp-json\/wp\/v2\/ta_other?post=15613"}],"curies":[{"name":"wp","href":"https:\/\/api.w.org\/{rel}","templated":true}]}}