{"id":15647,"date":"2024-01-06T11:02:20","date_gmt":"2024-01-06T10:02:20","guid":{"rendered":"http:\/\/euwps06.newsmemory.com\/gardaseezeitung_new\/de\/2024\/01\/06\/villafranca-dreikoenigstag-im-nicolis-museum-mit-der-geschichte-der-autos\/"},"modified":"2024-01-06T11:02:23","modified_gmt":"2023-08-09T11:02:23","slug":"villafranca-dreikoenigstag-im-nicolis-museum-mit-der-geschichte-der-autos","status":"publish","type":"post","link":"https:\/\/www.gardaseezeitung.it\/2024\/01\/06\/villafranca-dreikoenigstag-im-nicolis-museum-mit-der-geschichte-der-autos\/","title":{"rendered":"Villafranca: Dreik\u00f6nigstag im Nicolis Museum mit der Geschichte der Autos"},"content":{"rendered":"<p>&nbsp;<\/p>\n<p>Die Leitung des Nicolis-Museums (Via Postumia 71, Villafranca di Verona) hat anl\u00e4sslich des Dreik\u00f6nigstages eine Aktion organisiert, die auch eine \u00dcberraschung f\u00fcr die Kleinen beinhaltet. Am 6. Januar ist der Eintritt f\u00fcr Kinder und Jugendliche bis 18 Jahre frei, w\u00e4hrend die Eintrittskarte f\u00fcr Erwachsene auf 12 Euro (statt 14) reduziert wird. Die G\u00e4ste, so hei\u00dft es in einer Mitteilung des Museums, k\u00f6nnen einen Tag lang die Geschichte und die Kuriosit\u00e4ten des Automobils bei einer kostenlosen F\u00fchrung entdecken. Eine Reise durch das letzte Jahrhundert zeigt die Meilensteine in der Geschichte des Automobils, angefangen beim ersten Benzinverbrennungsmotor, der von Enrico Bernardi aus Verona patentiert wurde, bis hin zum DeLorean DMC 12, der durch den Film &#8222;Zur\u00fcck in die Zukunft&#8220; bekannt wurde. Arrow, das Maskottchen des Museums, wird die G\u00e4ste um 14:45 Uhr begr\u00fc\u00dfen und nach der F\u00fchrung ist ein Spiel geplant, an dem die Kinder teilnehmen k\u00f6nnen. Um die Angebote nutzen zu k\u00f6nnen, ist eine Reservierung erforderlich, die je nach Verf\u00fcgbarkeit unter urly.it\/3z98m oder unter der Telefonnummer 045 630 32 89 oder per E-Mail an info@musenicolis.com erfolgen kann.<\/p>\n<p>&nbsp;<\/p>\n","protected":false},"excerpt":{"rendered":"<p>In Villafranca di Verona gibt es einen alternativen Dreik\u00f6nigstag mit einem Besuch der Sammlungen des Nicolis-Museums<\/p>\n","protected":false},"author":9,"featured_media":3685,"comment_status":"open","ping_status":"open","sticky":false,"template":"","format":"standard","meta":[],"categories":[2,4,5,6],"tags":[4662,23,26,463,464,38,467],"news-destination":[],"news-source":[],"is_homepage":[],"ta_other":[],"featured_media_details":{"width":1366,"height":827,"file":"2020\/08\/e2a442ffdb8246e8552b9046527b7976.jpg","sizes":{"thumbnail":{"file":"e2a442ffdb8246e8552b9046527b7976-150x150.jpg","width":150,"height":150,"mime-type":"image\/jpeg","source_url":"https:\/\/www.gardaseezeitung.it\/gardaseezeitung_new\/de\/wp-content\/uploads\/sites\/2\/2019\/12\/e2a442ffdb8246e8552b9046527b7976-150x150.jpg"},"medium":{"file":"e2a442ffdb8246e8552b9046527b7976-300x182.jpg","width":300,"height":182,"mime-type":"image\/jpeg","source_url":"https:\/\/www.gardaseezeitung.it\/gardaseezeitung_new\/de\/wp-content\/uploads\/sites\/2\/2019\/12\/e2a442ffdb8246e8552b9046527b7976-300x182.jpg"},"medium_large":{"file":"e2a442ffdb8246e8552b9046527b7976-768x465.jpg","width":768,"height":465,"mime-type":"image\/jpeg","source_url":"https:\/\/www.gardaseezeitung.it\/gardaseezeitung_new\/de\/wp-content\/uploads\/sites\/2\/2019\/12\/e2a442ffdb8246e8552b9046527b7976-768x465.jpg"},"large":{"file":"e2a442ffdb8246e8552b9046527b7976-1024x620.jpg","width":1024,"height":620,"mime-type":"image\/jpeg","source_url":"https:\/\/www.gardaseezeitung.it\/gardaseezeitung_new\/de\/wp-content\/uploads\/sites\/2\/2019\/12\/e2a442ffdb8246e8552b9046527b7976-1024x620.jpg"},"big_image":{"file":"e2a442ffdb8246e8552b9046527b7976-750x454.jpg","width":750,"height":454,"mime-type":"image\/jpeg","source_url":"https:\/\/www.gardaseezeitung.it\/gardaseezeitung_new\/de\/wp-content\/uploads\/sites\/2\/2019\/12\/e2a442ffdb8246e8552b9046527b7976-750x454.jpg"},"guest-author-32":{"file":"e2a442ffdb8246e8552b9046527b7976-32x32.jpg","width":32,"height":32,"mime-type":"image\/jpeg","source_url":"https:\/\/www.gardaseezeitung.it\/gardaseezeitung_new\/de\/wp-content\/uploads\/sites\/2\/2019\/12\/e2a442ffdb8246e8552b9046527b7976-32x32.jpg"},"guest-author-50":{"file":"e2a442ffdb8246e8552b9046527b7976-50x50.jpg","width":50,"height":50,"mime-type":"image\/jpeg","source_url":"https:\/\/www.gardaseezeitung.it\/gardaseezeitung_new\/de\/wp-content\/uploads\/sites\/2\/2019\/12\/e2a442ffdb8246e8552b9046527b7976-50x50.jpg"},"guest-author-64":{"file":"e2a442ffdb8246e8552b9046527b7976-64x64.jpg","width":64,"height":64,"mime-type":"image\/jpeg","source_url":"https:\/\/www.gardaseezeitung.it\/gardaseezeitung_new\/de\/wp-content\/uploads\/sites\/2\/2019\/12\/e2a442ffdb8246e8552b9046527b7976-64x64.jpg"},"guest-author-96":{"file":"e2a442ffdb8246e8552b9046527b7976-96x96.jpg","width":96,"height":96,"mime-type":"image\/jpeg","source_url":"https:\/\/www.gardaseezeitung.it\/gardaseezeitung_new\/de\/wp-content\/uploads\/sites\/2\/2019\/12\/e2a442ffdb8246e8552b9046527b7976-96x96.jpg"},"guest-author-128":{"file":"e2a442ffdb8246e8552b9046527b7976-128x128.jpg","width":128,"height":128,"mime-type":"image\/jpeg","source_url":"https:\/\/www.gardaseezeitung.it\/gardaseezeitung_new\/de\/wp-content\/uploads\/sites\/2\/2019\/12\/e2a442ffdb8246e8552b9046527b7976-128x128.jpg"},"full":{"file":"e2a442ffdb8246e8552b9046527b7976.jpg","width":1366,"height":827,"mime_type":"","source_url":"https:\/\/www.gardaseezeitung.it\/gardaseezeitung_new\/de\/wp-content\/uploads\/sites\/2\/2019\/12\/e2a442ffdb8246e8552b9046527b7976.jpg"}},"image_meta":{"aperture":"0","credit":"","camera":"","caption":"","created_timestamp":"0","copyright":"","focal_length":"0","iso":"0","shutter_speed":"0","title":"","orientation":"0","keywords":[]}},"_links":{"self":[{"href":"https:\/\/www.gardaseezeitung.it\/gardaseezeitung_new\/de\/wp-json\/wp\/v2\/posts\/15647"}],"collection":[{"href":"https:\/\/www.gardaseezeitung.it\/gardaseezeitung_new\/de\/wp-json\/wp\/v2\/posts"}],"about":[{"href":"https:\/\/www.gardaseezeitung.it\/gardaseezeitung_new\/de\/wp-json\/wp\/v2\/types\/post"}],"author":[{"embeddable":true,"href":"https:\/\/www.gardaseezeitung.it\/gardaseezeitung_new\/de\/wp-json\/wp\/v2\/users\/9"}],"replies":[{"embeddable":true,"href":"https:\/\/www.gardaseezeitung.it\/gardaseezeitung_new\/de\/wp-json\/wp\/v2\/comments?post=15647"}],"version-history":[{"count":1,"href":"https:\/\/www.gardaseezeitung.it\/gardaseezeitung_new\/de\/wp-json\/wp\/v2\/posts\/15647\/revisions"}],"predecessor-version":[{"id":15649,"href":"https:\/\/www.gardaseezeitung.it\/gardaseezeitung_new\/de\/wp-json\/wp\/v2\/posts\/15647\/revisions\/15649"}],"wp:featuredmedia":[{"embeddable":true,"href":"https:\/\/www.gardaseezeitung.it\/gardaseezeitung_new\/de\/wp-json\/wp\/v2\/media\/3685"}],"wp:attachment":[{"href":"https:\/\/www.gardaseezeitung.it\/gardaseezeitung_new\/de\/wp-json\/wp\/v2\/media?parent=15647"}],"wp:term":[{"taxonomy":"category","embeddable":true,"href":"https:\/\/www.gardaseezeitung.it\/gardaseezeitung_new\/de\/wp-json\/wp\/v2\/categories?post=15647"},{"taxonomy":"post_tag","embeddable":true,"href":"https:\/\/www.gardaseezeitung.it\/gardaseezeitung_new\/de\/wp-json\/wp\/v2\/tags?post=15647"},{"taxonomy":"news-destination","embeddable":true,"href":"https:\/\/www.gardaseezeitung.it\/gardaseezeitung_new\/de\/wp-json\/wp\/v2\/news-destination?post=15647"},{"taxonomy":"news-source","embeddable":true,"href":"https:\/\/www.gardaseezeitung.it\/gardaseezeitung_new\/de\/wp-json\/wp\/v2\/news-source?post=15647"},{"taxonomy":"is_homepage","embeddable":true,"href":"https:\/\/www.gardaseezeitung.it\/gardaseezeitung_new\/de\/wp-json\/wp\/v2\/is_homepage?post=15647"},{"taxonomy":"ta_other","embeddable":true,"href":"https:\/\/www.gardaseezeitung.it\/gardaseezeitung_new\/de\/wp-json\/wp\/v2\/ta_other?post=15647"}],"curies":[{"name":"wp","href":"https:\/\/api.w.org\/{rel}","templated":true}]}}