{"id":15660,"date":"2024-01-13T10:37:08","date_gmt":"2024-01-13T09:37:08","guid":{"rendered":"http:\/\/euwps06.newsmemory.com\/gardaseezeitung_new\/de\/2024\/01\/13\/drei-skipisten-monte-baldo-werden-13-januar-2024-wieder-eroeffnet\/"},"modified":"2024-01-13T10:41:56","modified_gmt":"2024-01-13T09:41:56","slug":"drei-skipisten-monte-baldo-werden-13-januar-2024-wieder-eroeffnet","status":"publish","type":"post","link":"https:\/\/www.gardaseezeitung.it\/2024\/01\/13\/drei-skipisten-monte-baldo-werden-13-januar-2024-wieder-eroeffnet\/","title":{"rendered":"Drei Skipisten am Monte Baldo werden am 13. Januar 2024 wieder er\u00f6ffnet"},"content":{"rendered":"<p>&nbsp;<\/p>\n<p>Die Skipisten am Monte Baldo werden wieder er\u00f6ffnet. Ab morgen, Samstag, den 13. Januar, sind die drei Pisten Paperino, Colma und Pozza della Stella sowie die angrenzenden Skilifte in Tratto Spino wieder ge\u00f6ffnet.<\/p>\n<p>Der Garda Veronese verf\u00fcgt \u00fcber zehn Pistenkilometer, auf denen alle Wintersportarten ausge\u00fcbt werden k\u00f6nnen, vom Skifahren bis zum Snowboarden, vom Schneeschuhwandern auf den Pfaden des Monte Baldo bis zum Skibergsteigen, der Disziplin, bei der man die T\u00e4ler und weniger befahrenen Strecken erklimmt und sich dann die einsamen H\u00e4nge hinunterst\u00fcrzt.Hier findest du einen Pistenplan und das von Funivia Malcesine Monte Baldo produzierte Video f\u00fcr die Wintersaison 2024:<\/p>\n<figure id=\"attachment_16559\" style=\"width: 640px\" class=\"wp-caption alignleft\"><img title=\"Drei Skipisten am Monte Baldo werden am 13. Januar 2024 wieder er\u00f6ffnet\" loading=\"lazy\" class=\"wp-image-16559 size-large\" src=\"https:\/\/www.gardaseezeitung.it\/gardaseezeitung_new\/de\/wp-content\/uploads\/sites\/2\/2024\/01\/ski2.jpg\" alt=\"Monte Baldo: Pistenplan\" width=\"640\" height=\"423\" srcset=\"https:\/\/euwps06.newsmemory.com\/gardaseezeitung_new\/de\/wp-content\/uploads\/sites\/2\/2024\/01\/ski2.jpg 2340w, https:\/\/euwps06.newsmemory.com\/gardaseezeitung_new\/de\/wp-content\/uploads\/sites\/2\/2024\/01\/ski2-300x198.jpg 300w, https:\/\/euwps06.newsmemory.com\/gardaseezeitung_new\/de\/wp-content\/uploads\/sites\/2\/2024\/01\/ski2-768x508.jpg 768w, https:\/\/euwps06.newsmemory.com\/gardaseezeitung_new\/de\/wp-content\/uploads\/sites\/2\/2024\/01\/ski2-1024x677.jpg 1024w, https:\/\/euwps06.newsmemory.com\/gardaseezeitung_new\/de\/wp-content\/uploads\/sites\/2\/2024\/01\/ski2-750x496.jpg 750w\" sizes=\"(max-width: 640px) 100vw, 640px\" \/><figcaption class=\"wp-caption-text\">Monte Baldo: Pistenplan (von Funivia Malcesine Monte Baldo) - (von Funivia Malcesine Monte Baldo)<\/figcaption><\/figure>\n<p><iframe loading=\"lazy\" width=\"640\" height=\"360\" src=\"https:\/\/www.youtube.com\/embed\/lTg2C7F3tgA?feature=oembed\" frameborder=\"0\" allow=\"accelerometer; autoplay; clipboard-write; encrypted-media; gyroscope; picture-in-picture; web-share\" allowfullscreen title=\"OFFICIAL VIDEO Winter Season - Funivia Malcesine Monte Baldo\"><\/iframe><\/p>\n","protected":false},"excerpt":{"rendered":"<p>Das Wintersportangebot am Gardasee wird um eine Neuheit erweitert: die Skipisten am Tratto Spino<\/p>\n","protected":false},"author":9,"featured_media":15662,"comment_status":"open","ping_status":"open","sticky":false,"template":"","format":"standard","meta":[],"categories":[4,5,6],"tags":[4664,23,26,35,4665,4666,4667,447,38],"news-destination":[],"news-source":[],"is_homepage":[],"ta_other":[],"featured_media_details":{"width":1024,"height":473,"file":"2024\/01\/ski.jpg","sizes":{"thumbnail":{"file":"ski-150x150.jpg","width":150,"height":150,"mime-type":"image\/jpeg","source_url":"https:\/\/www.gardaseezeitung.it\/gardaseezeitung_new\/de\/wp-content\/uploads\/sites\/2\/2024\/01\/ski-150x150.jpg"},"medium":{"file":"ski-300x139.jpg","width":300,"height":139,"mime-type":"image\/jpeg","source_url":"https:\/\/www.gardaseezeitung.it\/gardaseezeitung_new\/de\/wp-content\/uploads\/sites\/2\/2024\/01\/ski-300x139.jpg"},"medium_large":{"file":"ski-768x355.jpg","width":768,"height":355,"mime-type":"image\/jpeg","source_url":"https:\/\/www.gardaseezeitung.it\/gardaseezeitung_new\/de\/wp-content\/uploads\/sites\/2\/2024\/01\/ski-768x355.jpg"},"large":{"file":"ski-1024x473.jpg","width":1024,"height":473,"mime-type":"image\/jpeg","source_url":"https:\/\/www.gardaseezeitung.it\/gardaseezeitung_new\/de\/wp-content\/uploads\/sites\/2\/2024\/01\/ski-1024x473.jpg"},"big_image":{"file":"ski-750x346.jpg","width":750,"height":346,"mime-type":"image\/jpeg","source_url":"https:\/\/www.gardaseezeitung.it\/gardaseezeitung_new\/de\/wp-content\/uploads\/sites\/2\/2024\/01\/ski-750x346.jpg"},"guest-author-32":{"file":"ski-32x32.jpg","width":32,"height":32,"mime-type":"image\/jpeg","source_url":"https:\/\/www.gardaseezeitung.it\/gardaseezeitung_new\/de\/wp-content\/uploads\/sites\/2\/2024\/01\/ski-32x32.jpg"},"guest-author-50":{"file":"ski-50x50.jpg","width":50,"height":50,"mime-type":"image\/jpeg","source_url":"https:\/\/www.gardaseezeitung.it\/gardaseezeitung_new\/de\/wp-content\/uploads\/sites\/2\/2024\/01\/ski-50x50.jpg"},"guest-author-64":{"file":"ski-64x64.jpg","width":64,"height":64,"mime-type":"image\/jpeg","source_url":"https:\/\/www.gardaseezeitung.it\/gardaseezeitung_new\/de\/wp-content\/uploads\/sites\/2\/2024\/01\/ski-64x64.jpg"},"guest-author-96":{"file":"ski-96x96.jpg","width":96,"height":96,"mime-type":"image\/jpeg","source_url":"https:\/\/www.gardaseezeitung.it\/gardaseezeitung_new\/de\/wp-content\/uploads\/sites\/2\/2024\/01\/ski-96x96.jpg"},"guest-author-128":{"file":"ski-128x128.jpg","width":128,"height":128,"mime-type":"image\/jpeg","source_url":"https:\/\/www.gardaseezeitung.it\/gardaseezeitung_new\/de\/wp-content\/uploads\/sites\/2\/2024\/01\/ski-128x128.jpg"},"full":{"file":"ski.jpg","width":1024,"height":473,"mime_type":"","source_url":"https:\/\/www.gardaseezeitung.it\/gardaseezeitung_new\/de\/wp-content\/uploads\/sites\/2\/2024\/01\/ski.jpg"}},"image_meta":{"aperture":"0","credit":"","camera":"","caption":"","created_timestamp":"0","copyright":"","focal_length":"0","iso":"0","shutter_speed":"0","title":"","orientation":"1","keywords":[]}},"_links":{"self":[{"href":"https:\/\/www.gardaseezeitung.it\/gardaseezeitung_new\/de\/wp-json\/wp\/v2\/posts\/15660"}],"collection":[{"href":"https:\/\/www.gardaseezeitung.it\/gardaseezeitung_new\/de\/wp-json\/wp\/v2\/posts"}],"about":[{"href":"https:\/\/www.gardaseezeitung.it\/gardaseezeitung_new\/de\/wp-json\/wp\/v2\/types\/post"}],"author":[{"embeddable":true,"href":"https:\/\/www.gardaseezeitung.it\/gardaseezeitung_new\/de\/wp-json\/wp\/v2\/users\/9"}],"replies":[{"embeddable":true,"href":"https:\/\/www.gardaseezeitung.it\/gardaseezeitung_new\/de\/wp-json\/wp\/v2\/comments?post=15660"}],"version-history":[{"count":2,"href":"https:\/\/www.gardaseezeitung.it\/gardaseezeitung_new\/de\/wp-json\/wp\/v2\/posts\/15660\/revisions"}],"predecessor-version":[{"id":16563,"href":"https:\/\/www.gardaseezeitung.it\/gardaseezeitung_new\/de\/wp-json\/wp\/v2\/posts\/15660\/revisions\/16563"}],"wp:featuredmedia":[{"embeddable":true,"href":"https:\/\/www.gardaseezeitung.it\/gardaseezeitung_new\/de\/wp-json\/wp\/v2\/media\/15662"}],"wp:attachment":[{"href":"https:\/\/www.gardaseezeitung.it\/gardaseezeitung_new\/de\/wp-json\/wp\/v2\/media?parent=15660"}],"wp:term":[{"taxonomy":"category","embeddable":true,"href":"https:\/\/www.gardaseezeitung.it\/gardaseezeitung_new\/de\/wp-json\/wp\/v2\/categories?post=15660"},{"taxonomy":"post_tag","embeddable":true,"href":"https:\/\/www.gardaseezeitung.it\/gardaseezeitung_new\/de\/wp-json\/wp\/v2\/tags?post=15660"},{"taxonomy":"news-destination","embeddable":true,"href":"https:\/\/www.gardaseezeitung.it\/gardaseezeitung_new\/de\/wp-json\/wp\/v2\/news-destination?post=15660"},{"taxonomy":"news-source","embeddable":true,"href":"https:\/\/www.gardaseezeitung.it\/gardaseezeitung_new\/de\/wp-json\/wp\/v2\/news-source?post=15660"},{"taxonomy":"is_homepage","embeddable":true,"href":"https:\/\/www.gardaseezeitung.it\/gardaseezeitung_new\/de\/wp-json\/wp\/v2\/is_homepage?post=15660"},{"taxonomy":"ta_other","embeddable":true,"href":"https:\/\/www.gardaseezeitung.it\/gardaseezeitung_new\/de\/wp-json\/wp\/v2\/ta_other?post=15660"}],"curies":[{"name":"wp","href":"https:\/\/api.w.org\/{rel}","templated":true}]}}