{"id":15682,"date":"2024-01-15T11:18:20","date_gmt":"2024-01-15T10:18:20","guid":{"rendered":"http:\/\/euwps06.newsmemory.com\/gardaseezeitung_new\/de\/2024\/01\/15\/gardasee-die-kuestenwache-rettet-zwei-boote-schwierigkeiten-im-nebel\/"},"modified":"2024-01-16T11:51:27","modified_gmt":"2023-08-19T11:51:27","slug":"gardasee-die-kuestenwache-rettet-zwei-boote-schwierigkeiten-im-nebel","status":"publish","type":"post","link":"https:\/\/www.gardaseezeitung.it\/2024\/01\/15\/gardasee-die-kuestenwache-rettet-zwei-boote-schwierigkeiten-im-nebel\/","title":{"rendered":"Gardasee: Die K\u00fcstenwache rettet zwei Boote in Schwierigkeiten im Nebel"},"content":{"rendered":"<p>&nbsp;<\/p>\n<p>Das erste Boot war vom Hafen von Lazise am veronesischen Ufer des Benaco zu einem n\u00e4chtlichen Ausflug aufgebrochen. Als der Nebel dichter wurde, blieb der Motor des Bootes stehen und zwang die Menschen an Bord, ein zweites Boot zu Hilfe zu rufen. Aber auch diejenigen, die sp\u00e4ter hinausfuhren, gerieten in Schwierigkeiten und mussten \u00fcber die Notrufnummer 1530 Rettungskr\u00e4fte rufen. Die Einsatzzentrale der K\u00fcstenwache von Sal\u00f2 entsandte daraufhin eine Rettungseinheit und ein Team der Feuerwehr, um die Segler zu bergen, die dank der ausgekl\u00fcgelten Technik im Wasser trieben. Die Rettungsaktion gestaltete sich aufgrund der schlechten Sicht und der niedrigen Temperaturen etwas schwierig, war aber erfolgreich.<\/p>\n<p>&nbsp;<\/p>\n","protected":false},"excerpt":{"rendered":"<p>Der dichte Nebel, der sich am Abend in mehreren Gebieten des Gardasees lichtete, zwang zwei Boote dazu, Rettung anzufordern, um in den Hafen zur\u00fcckkehren zu k\u00f6nnen<\/p>\n","protected":false},"author":9,"featured_media":15681,"comment_status":"open","ping_status":"open","sticky":false,"template":"","format":"standard","meta":[],"categories":[2,3],"tags":[23,26,854,4679],"news-destination":[],"news-source":[],"is_homepage":[],"ta_other":[],"featured_media_details":{"width":1024,"height":515,"file":"2024\/01\/aguardiacostiera.jpg","sizes":{"thumbnail":{"file":"aguardiacostiera-150x150.jpg","width":150,"height":150,"mime-type":"image\/jpeg","source_url":"https:\/\/www.gardaseezeitung.it\/gardaseezeitung_new\/de\/wp-content\/uploads\/sites\/2\/2024\/01\/aguardiacostiera-150x150.jpg"},"medium":{"file":"aguardiacostiera-300x151.jpg","width":300,"height":151,"mime-type":"image\/jpeg","source_url":"https:\/\/www.gardaseezeitung.it\/gardaseezeitung_new\/de\/wp-content\/uploads\/sites\/2\/2024\/01\/aguardiacostiera-300x151.jpg"},"medium_large":{"file":"aguardiacostiera-768x386.jpg","width":768,"height":386,"mime-type":"image\/jpeg","source_url":"https:\/\/www.gardaseezeitung.it\/gardaseezeitung_new\/de\/wp-content\/uploads\/sites\/2\/2024\/01\/aguardiacostiera-768x386.jpg"},"large":{"file":"aguardiacostiera-1024x515.jpg","width":1024,"height":515,"mime-type":"image\/jpeg","source_url":"https:\/\/www.gardaseezeitung.it\/gardaseezeitung_new\/de\/wp-content\/uploads\/sites\/2\/2024\/01\/aguardiacostiera-1024x515.jpg"},"big_image":{"file":"aguardiacostiera-750x377.jpg","width":750,"height":377,"mime-type":"image\/jpeg","source_url":"https:\/\/www.gardaseezeitung.it\/gardaseezeitung_new\/de\/wp-content\/uploads\/sites\/2\/2024\/01\/aguardiacostiera-750x377.jpg"},"guest-author-32":{"file":"aguardiacostiera-32x32.jpg","width":32,"height":32,"mime-type":"image\/jpeg","source_url":"https:\/\/www.gardaseezeitung.it\/gardaseezeitung_new\/de\/wp-content\/uploads\/sites\/2\/2024\/01\/aguardiacostiera-32x32.jpg"},"guest-author-50":{"file":"aguardiacostiera-50x50.jpg","width":50,"height":50,"mime-type":"image\/jpeg","source_url":"https:\/\/www.gardaseezeitung.it\/gardaseezeitung_new\/de\/wp-content\/uploads\/sites\/2\/2024\/01\/aguardiacostiera-50x50.jpg"},"guest-author-64":{"file":"aguardiacostiera-64x64.jpg","width":64,"height":64,"mime-type":"image\/jpeg","source_url":"https:\/\/www.gardaseezeitung.it\/gardaseezeitung_new\/de\/wp-content\/uploads\/sites\/2\/2024\/01\/aguardiacostiera-64x64.jpg"},"guest-author-96":{"file":"aguardiacostiera-96x96.jpg","width":96,"height":96,"mime-type":"image\/jpeg","source_url":"https:\/\/www.gardaseezeitung.it\/gardaseezeitung_new\/de\/wp-content\/uploads\/sites\/2\/2024\/01\/aguardiacostiera-96x96.jpg"},"guest-author-128":{"file":"aguardiacostiera-128x128.jpg","width":128,"height":128,"mime-type":"image\/jpeg","source_url":"https:\/\/www.gardaseezeitung.it\/gardaseezeitung_new\/de\/wp-content\/uploads\/sites\/2\/2024\/01\/aguardiacostiera-128x128.jpg"},"full":{"file":"aguardiacostiera.jpg","width":1024,"height":515,"mime_type":"","source_url":"https:\/\/www.gardaseezeitung.it\/gardaseezeitung_new\/de\/wp-content\/uploads\/sites\/2\/2024\/01\/aguardiacostiera.jpg"}},"image_meta":{"aperture":"0","credit":"","camera":"","caption":"","created_timestamp":"0","copyright":"","focal_length":"0","iso":"0","shutter_speed":"0","title":"","orientation":"1","keywords":[]}},"_links":{"self":[{"href":"https:\/\/www.gardaseezeitung.it\/gardaseezeitung_new\/de\/wp-json\/wp\/v2\/posts\/15682"}],"collection":[{"href":"https:\/\/www.gardaseezeitung.it\/gardaseezeitung_new\/de\/wp-json\/wp\/v2\/posts"}],"about":[{"href":"https:\/\/www.gardaseezeitung.it\/gardaseezeitung_new\/de\/wp-json\/wp\/v2\/types\/post"}],"author":[{"embeddable":true,"href":"https:\/\/www.gardaseezeitung.it\/gardaseezeitung_new\/de\/wp-json\/wp\/v2\/users\/9"}],"replies":[{"embeddable":true,"href":"https:\/\/www.gardaseezeitung.it\/gardaseezeitung_new\/de\/wp-json\/wp\/v2\/comments?post=15682"}],"version-history":[{"count":1,"href":"https:\/\/www.gardaseezeitung.it\/gardaseezeitung_new\/de\/wp-json\/wp\/v2\/posts\/15682\/revisions"}],"predecessor-version":[{"id":15683,"href":"https:\/\/www.gardaseezeitung.it\/gardaseezeitung_new\/de\/wp-json\/wp\/v2\/posts\/15682\/revisions\/15683"}],"wp:featuredmedia":[{"embeddable":true,"href":"https:\/\/www.gardaseezeitung.it\/gardaseezeitung_new\/de\/wp-json\/wp\/v2\/media\/15681"}],"wp:attachment":[{"href":"https:\/\/www.gardaseezeitung.it\/gardaseezeitung_new\/de\/wp-json\/wp\/v2\/media?parent=15682"}],"wp:term":[{"taxonomy":"category","embeddable":true,"href":"https:\/\/www.gardaseezeitung.it\/gardaseezeitung_new\/de\/wp-json\/wp\/v2\/categories?post=15682"},{"taxonomy":"post_tag","embeddable":true,"href":"https:\/\/www.gardaseezeitung.it\/gardaseezeitung_new\/de\/wp-json\/wp\/v2\/tags?post=15682"},{"taxonomy":"news-destination","embeddable":true,"href":"https:\/\/www.gardaseezeitung.it\/gardaseezeitung_new\/de\/wp-json\/wp\/v2\/news-destination?post=15682"},{"taxonomy":"news-source","embeddable":true,"href":"https:\/\/www.gardaseezeitung.it\/gardaseezeitung_new\/de\/wp-json\/wp\/v2\/news-source?post=15682"},{"taxonomy":"is_homepage","embeddable":true,"href":"https:\/\/www.gardaseezeitung.it\/gardaseezeitung_new\/de\/wp-json\/wp\/v2\/is_homepage?post=15682"},{"taxonomy":"ta_other","embeddable":true,"href":"https:\/\/www.gardaseezeitung.it\/gardaseezeitung_new\/de\/wp-json\/wp\/v2\/ta_other?post=15682"}],"curies":[{"name":"wp","href":"https:\/\/api.w.org\/{rel}","templated":true}]}}