{"id":15709,"date":"2024-01-22T17:13:40","date_gmt":"2024-01-22T16:13:40","guid":{"rendered":"http:\/\/euwps06.newsmemory.com\/gardaseezeitung_new\/de\/2024\/01\/20\/die-telegrafo-huette-auf-dem-monte-baldo-ist-jetzt-ein-klima-und-umweltwaechter\/"},"modified":"2024-01-22T17:20:11","modified_gmt":"2023-08-25T17:20:11","slug":"die-telegrafo-huette-auf-dem-monte-baldo-ist-jetzt-ein-klima-und-umweltwaechter","status":"publish","type":"post","link":"https:\/\/www.gardaseezeitung.it\/2024\/01\/22\/die-telegrafo-huette-auf-dem-monte-baldo-ist-jetzt-ein-klima-und-umweltwaechter\/","title":{"rendered":"Die Telegrafo-H\u00fctte auf dem Monte Baldo ist jetzt ein &#8222;Klima- und Umweltw\u00e4chter&#8220;"},"content":{"rendered":"<p>&nbsp;<\/p>\n<p>Die &#8222;Gaetano Barana al Telegrafo&#8220; des italienischen Alpenvereins, die sich oberhalb des Gardasees auf 2.165 Metern H\u00f6he auf dem Monte Baldo befindet, steht auf der Liste der &#8222;Klima- und Umweltw\u00e4chter&#8220;: privilegierte Posten, von denen aus die Auswirkungen des Klimawandels untersucht werden k\u00f6nnen und &#8222;Klassenzimmer&#8220; f\u00fcr die Verbreitung einer neuen Bergkultur. Die Veroneser H\u00fctte, die derzeit geschlossen und unter Schnee begraben ist, ist aufgrund ihrer Lage strategisch wichtig, da sie den Einfl\u00fcssen des Garda-Beckens unterliegt und zur Ebene hin offen ist. Das Netz von Hochgebirgsposten wird nicht nur n\u00fctzliche Daten liefern, sondern auch die Grundlage f\u00fcr Erhebungsexperimente zur Fauna bilden, zum Beispiel um die Entwicklung einer Steinbockpopulation oder das Vorkommen des Buchfinken zu verstehen &#8211; Arten, die auf jeden Fall stark mit den klimatischen Gegebenheiten verbunden sind. Die Experten rechnen damit, dass sie dank der Daten, die in der Troposph\u00e4re au\u00dferhalb der st\u00e4dtischen W\u00e4rmeinseln gesammelt werden, bis 2050 ein zuverl\u00e4ssiges Thermometer f\u00fcr die Situation in Italien haben werden, das ein privilegiertes Gebiet ist: Es liegt mit dem Kopf in den Alpen und mit den F\u00fc\u00dfen im Mittelmeer. Die Aktivit\u00e4t und der Zweck dieser Pilotunterk\u00fcnfte sind auch lehrreich: Die Frequentierung der Berge ist nach der Pandemie buchst\u00e4blich &#8222;explodiert&#8220; und hat neben der Unvorbereitetheit oft auch schlechtes st\u00e4dtisches Verhalten mit sich gebracht. Die Chroniken sind voll von Biwaks, die als Ziel f\u00fcr alkoholische Abende genutzt werden, von verunreinigten Winterquartieren und Sch\u00e4den an H\u00fctten in der H\u00f6he. Die wissenschaftliche Initiative ist auch eine Gelegenheit, kulturelle Garnisonen zu errichten, um einer Vorstellung von Gastfreundschaft in den Bergen entgegenzutreten, die auf wilde Ausw\u00fcchse und Komfortanspr\u00fcche ausgerichtet ist, die nichts mit dem Geist der Berge zu tun haben<\/p>\n<p>&nbsp;<\/p>\n","protected":false},"excerpt":{"rendered":"<p>Elf Bergh\u00fctten, von den Alpen \u00fcber den Apennin bis nach Sizilien, wurden mit Messstationen ausgestattet und \u00fcberwachen Klimaparameter. Die Telegrafo-Hutte ist eine von ihnen.<\/p>\n","protected":false},"author":9,"featured_media":15708,"comment_status":"open","ping_status":"open","sticky":false,"template":"","format":"standard","meta":[],"categories":[2,6],"tags":[4697,23,26,35,4695,4696],"news-destination":[],"news-source":[],"is_homepage":[],"ta_other":[],"featured_media_details":{"width":1000,"height":561,"file":"2024\/01\/Rifugio_Telegrafo.jpg","sizes":{"thumbnail":{"file":"Rifugio_Telegrafo-150x150.jpg","width":150,"height":150,"mime-type":"image\/jpeg","source_url":"https:\/\/www.gardaseezeitung.it\/gardaseezeitung_new\/de\/wp-content\/uploads\/sites\/2\/2024\/01\/Rifugio_Telegrafo-150x150.jpg"},"medium":{"file":"Rifugio_Telegrafo-300x168.jpg","width":300,"height":168,"mime-type":"image\/jpeg","source_url":"https:\/\/www.gardaseezeitung.it\/gardaseezeitung_new\/de\/wp-content\/uploads\/sites\/2\/2024\/01\/Rifugio_Telegrafo-300x168.jpg"},"medium_large":{"file":"Rifugio_Telegrafo-768x431.jpg","width":768,"height":431,"mime-type":"image\/jpeg","source_url":"https:\/\/www.gardaseezeitung.it\/gardaseezeitung_new\/de\/wp-content\/uploads\/sites\/2\/2024\/01\/Rifugio_Telegrafo-768x431.jpg"},"big_image":{"file":"Rifugio_Telegrafo-750x421.jpg","width":750,"height":421,"mime-type":"image\/jpeg","source_url":"https:\/\/www.gardaseezeitung.it\/gardaseezeitung_new\/de\/wp-content\/uploads\/sites\/2\/2024\/01\/Rifugio_Telegrafo-750x421.jpg"},"guest-author-32":{"file":"Rifugio_Telegrafo-32x32.jpg","width":32,"height":32,"mime-type":"image\/jpeg","source_url":"https:\/\/www.gardaseezeitung.it\/gardaseezeitung_new\/de\/wp-content\/uploads\/sites\/2\/2024\/01\/Rifugio_Telegrafo-32x32.jpg"},"guest-author-50":{"file":"Rifugio_Telegrafo-50x50.jpg","width":50,"height":50,"mime-type":"image\/jpeg","source_url":"https:\/\/www.gardaseezeitung.it\/gardaseezeitung_new\/de\/wp-content\/uploads\/sites\/2\/2024\/01\/Rifugio_Telegrafo-50x50.jpg"},"guest-author-64":{"file":"Rifugio_Telegrafo-64x64.jpg","width":64,"height":64,"mime-type":"image\/jpeg","source_url":"https:\/\/www.gardaseezeitung.it\/gardaseezeitung_new\/de\/wp-content\/uploads\/sites\/2\/2024\/01\/Rifugio_Telegrafo-64x64.jpg"},"guest-author-96":{"file":"Rifugio_Telegrafo-96x96.jpg","width":96,"height":96,"mime-type":"image\/jpeg","source_url":"https:\/\/www.gardaseezeitung.it\/gardaseezeitung_new\/de\/wp-content\/uploads\/sites\/2\/2024\/01\/Rifugio_Telegrafo-96x96.jpg"},"guest-author-128":{"file":"Rifugio_Telegrafo-128x128.jpg","width":128,"height":128,"mime-type":"image\/jpeg","source_url":"https:\/\/www.gardaseezeitung.it\/gardaseezeitung_new\/de\/wp-content\/uploads\/sites\/2\/2024\/01\/Rifugio_Telegrafo-128x128.jpg"},"full":{"file":"Rifugio_Telegrafo.jpg","width":1000,"height":561,"mime_type":"","source_url":"https:\/\/www.gardaseezeitung.it\/gardaseezeitung_new\/de\/wp-content\/uploads\/sites\/2\/2024\/01\/Rifugio_Telegrafo.jpg"}},"image_meta":{"aperture":"0","credit":"","camera":"","caption":"","created_timestamp":"0","copyright":"","focal_length":"0","iso":"0","shutter_speed":"0","title":"","orientation":"1","keywords":[]}},"_links":{"self":[{"href":"https:\/\/www.gardaseezeitung.it\/gardaseezeitung_new\/de\/wp-json\/wp\/v2\/posts\/15709"}],"collection":[{"href":"https:\/\/www.gardaseezeitung.it\/gardaseezeitung_new\/de\/wp-json\/wp\/v2\/posts"}],"about":[{"href":"https:\/\/www.gardaseezeitung.it\/gardaseezeitung_new\/de\/wp-json\/wp\/v2\/types\/post"}],"author":[{"embeddable":true,"href":"https:\/\/www.gardaseezeitung.it\/gardaseezeitung_new\/de\/wp-json\/wp\/v2\/users\/9"}],"replies":[{"embeddable":true,"href":"https:\/\/www.gardaseezeitung.it\/gardaseezeitung_new\/de\/wp-json\/wp\/v2\/comments?post=15709"}],"version-history":[{"count":1,"href":"https:\/\/www.gardaseezeitung.it\/gardaseezeitung_new\/de\/wp-json\/wp\/v2\/posts\/15709\/revisions"}],"predecessor-version":[{"id":15710,"href":"https:\/\/www.gardaseezeitung.it\/gardaseezeitung_new\/de\/wp-json\/wp\/v2\/posts\/15709\/revisions\/15710"}],"wp:featuredmedia":[{"embeddable":true,"href":"https:\/\/www.gardaseezeitung.it\/gardaseezeitung_new\/de\/wp-json\/wp\/v2\/media\/15708"}],"wp:attachment":[{"href":"https:\/\/www.gardaseezeitung.it\/gardaseezeitung_new\/de\/wp-json\/wp\/v2\/media?parent=15709"}],"wp:term":[{"taxonomy":"category","embeddable":true,"href":"https:\/\/www.gardaseezeitung.it\/gardaseezeitung_new\/de\/wp-json\/wp\/v2\/categories?post=15709"},{"taxonomy":"post_tag","embeddable":true,"href":"https:\/\/www.gardaseezeitung.it\/gardaseezeitung_new\/de\/wp-json\/wp\/v2\/tags?post=15709"},{"taxonomy":"news-destination","embeddable":true,"href":"https:\/\/www.gardaseezeitung.it\/gardaseezeitung_new\/de\/wp-json\/wp\/v2\/news-destination?post=15709"},{"taxonomy":"news-source","embeddable":true,"href":"https:\/\/www.gardaseezeitung.it\/gardaseezeitung_new\/de\/wp-json\/wp\/v2\/news-source?post=15709"},{"taxonomy":"is_homepage","embeddable":true,"href":"https:\/\/www.gardaseezeitung.it\/gardaseezeitung_new\/de\/wp-json\/wp\/v2\/is_homepage?post=15709"},{"taxonomy":"ta_other","embeddable":true,"href":"https:\/\/www.gardaseezeitung.it\/gardaseezeitung_new\/de\/wp-json\/wp\/v2\/ta_other?post=15709"}],"curies":[{"name":"wp","href":"https:\/\/api.w.org\/{rel}","templated":true}]}}