{"id":15730,"date":"2024-01-18T19:43:33","date_gmt":"2024-01-18T18:43:33","guid":{"rendered":"http:\/\/euwps05.newsmemory.com\/gardaseezeitung_new\/de\/2024\/01\/18\/wetter-venetien-zustand-der-vorsicht-fuer-starken-wind-und-frost\/"},"modified":"2024-01-18T19:43:52","modified_gmt":"2023-08-21T19:43:52","slug":"wetter-venetien-zustand-der-vorsicht-fuer-starken-wind-und-frost","status":"publish","type":"post","link":"https:\/\/www.gardaseezeitung.it\/2024\/01\/18\/wetter-venetien-zustand-der-vorsicht-fuer-starken-wind-und-frost\/","title":{"rendered":"Wetter, in Venetien Zustand der &#8222;Vorsicht&#8220; f\u00fcr starken Wind und Frost"},"content":{"rendered":"<p>&nbsp;<\/p>\n<p>Die Beh\u00f6rden warnen vor Wind und FrostFrost und starker Wind werden ab morgen, dem 19. Januar, die Wetterlage in Venetien pr\u00e4gen. F\u00fcr den S\u00fcden Venetiens, die K\u00fcsten (einschlie\u00dflich des Gardasees) und die angrenzenden Ebenen wird von morgen, 19. Januar, 8 Uhr, bis zum 20. Januar, 9 Uhr, vor starkem Wind gewarnt. Bei Frost ist von morgen 21 Uhr bis zum 20. Januar um 9 Uhr in den Bergen, am Fu\u00dfe der Berge und im Flachland des Landes Vorsicht geboten.<\/p>\n<p>&nbsp;<\/p>\n","protected":false},"excerpt":{"rendered":"<p>Ab morgen werden sich die Wetterbedingungen in Venetien verschlechtern<\/p>\n","protected":false},"author":9,"featured_media":15729,"comment_status":"open","ping_status":"open","sticky":false,"template":"","format":"standard","meta":[],"categories":[2,6],"tags":[23,26,4734,4735,4736],"news-destination":[],"news-source":[],"is_homepage":[],"ta_other":[],"featured_media_details":{"width":1024,"height":682,"file":"2024\/01\/SchlechtesWetter.png","sizes":{"thumbnail":{"file":"SchlechtesWetter-150x150.png","width":150,"height":150,"mime-type":"image\/png","source_url":"https:\/\/www.gardaseezeitung.it\/gardaseezeitung_new\/de\/wp-content\/uploads\/sites\/2\/2024\/01\/SchlechtesWetter-150x150.png"},"medium":{"file":"SchlechtesWetter-300x200.png","width":300,"height":200,"mime-type":"image\/png","source_url":"https:\/\/www.gardaseezeitung.it\/gardaseezeitung_new\/de\/wp-content\/uploads\/sites\/2\/2024\/01\/SchlechtesWetter-300x200.png"},"medium_large":{"file":"SchlechtesWetter-768x512.png","width":768,"height":512,"mime-type":"image\/png","source_url":"https:\/\/www.gardaseezeitung.it\/gardaseezeitung_new\/de\/wp-content\/uploads\/sites\/2\/2024\/01\/SchlechtesWetter-768x512.png"},"large":{"file":"SchlechtesWetter-1024x682.png","width":1024,"height":682,"mime-type":"image\/png","source_url":"https:\/\/www.gardaseezeitung.it\/gardaseezeitung_new\/de\/wp-content\/uploads\/sites\/2\/2024\/01\/SchlechtesWetter-1024x682.png"},"big_image":{"file":"SchlechtesWetter-750x500.png","width":750,"height":500,"mime-type":"image\/png","source_url":"https:\/\/www.gardaseezeitung.it\/gardaseezeitung_new\/de\/wp-content\/uploads\/sites\/2\/2024\/01\/SchlechtesWetter-750x500.png"},"guest-author-32":{"file":"SchlechtesWetter-32x32.png","width":32,"height":32,"mime-type":"image\/png","source_url":"https:\/\/www.gardaseezeitung.it\/gardaseezeitung_new\/de\/wp-content\/uploads\/sites\/2\/2024\/01\/SchlechtesWetter-32x32.png"},"guest-author-50":{"file":"SchlechtesWetter-50x50.png","width":50,"height":50,"mime-type":"image\/png","source_url":"https:\/\/www.gardaseezeitung.it\/gardaseezeitung_new\/de\/wp-content\/uploads\/sites\/2\/2024\/01\/SchlechtesWetter-50x50.png"},"guest-author-64":{"file":"SchlechtesWetter-64x64.png","width":64,"height":64,"mime-type":"image\/png","source_url":"https:\/\/www.gardaseezeitung.it\/gardaseezeitung_new\/de\/wp-content\/uploads\/sites\/2\/2024\/01\/SchlechtesWetter-64x64.png"},"guest-author-96":{"file":"SchlechtesWetter-96x96.png","width":96,"height":96,"mime-type":"image\/png","source_url":"https:\/\/www.gardaseezeitung.it\/gardaseezeitung_new\/de\/wp-content\/uploads\/sites\/2\/2024\/01\/SchlechtesWetter-96x96.png"},"guest-author-128":{"file":"SchlechtesWetter-128x128.png","width":128,"height":128,"mime-type":"image\/png","source_url":"https:\/\/www.gardaseezeitung.it\/gardaseezeitung_new\/de\/wp-content\/uploads\/sites\/2\/2024\/01\/SchlechtesWetter-128x128.png"},"full":{"file":"SchlechtesWetter.png","width":1024,"height":682,"mime_type":"","source_url":"https:\/\/www.gardaseezeitung.it\/gardaseezeitung_new\/de\/wp-content\/uploads\/sites\/2\/2024\/01\/SchlechtesWetter.png"}},"image_meta":{"aperture":"0","credit":"","camera":"","caption":"","created_timestamp":"0","copyright":"","focal_length":"0","iso":"0","shutter_speed":"0","title":"","orientation":"0","keywords":[]}},"_links":{"self":[{"href":"https:\/\/www.gardaseezeitung.it\/gardaseezeitung_new\/de\/wp-json\/wp\/v2\/posts\/15730"}],"collection":[{"href":"https:\/\/www.gardaseezeitung.it\/gardaseezeitung_new\/de\/wp-json\/wp\/v2\/posts"}],"about":[{"href":"https:\/\/www.gardaseezeitung.it\/gardaseezeitung_new\/de\/wp-json\/wp\/v2\/types\/post"}],"author":[{"embeddable":true,"href":"https:\/\/www.gardaseezeitung.it\/gardaseezeitung_new\/de\/wp-json\/wp\/v2\/users\/9"}],"replies":[{"embeddable":true,"href":"https:\/\/www.gardaseezeitung.it\/gardaseezeitung_new\/de\/wp-json\/wp\/v2\/comments?post=15730"}],"version-history":[{"count":1,"href":"https:\/\/www.gardaseezeitung.it\/gardaseezeitung_new\/de\/wp-json\/wp\/v2\/posts\/15730\/revisions"}],"predecessor-version":[{"id":15731,"href":"https:\/\/www.gardaseezeitung.it\/gardaseezeitung_new\/de\/wp-json\/wp\/v2\/posts\/15730\/revisions\/15731"}],"wp:featuredmedia":[{"embeddable":true,"href":"https:\/\/www.gardaseezeitung.it\/gardaseezeitung_new\/de\/wp-json\/wp\/v2\/media\/15729"}],"wp:attachment":[{"href":"https:\/\/www.gardaseezeitung.it\/gardaseezeitung_new\/de\/wp-json\/wp\/v2\/media?parent=15730"}],"wp:term":[{"taxonomy":"category","embeddable":true,"href":"https:\/\/www.gardaseezeitung.it\/gardaseezeitung_new\/de\/wp-json\/wp\/v2\/categories?post=15730"},{"taxonomy":"post_tag","embeddable":true,"href":"https:\/\/www.gardaseezeitung.it\/gardaseezeitung_new\/de\/wp-json\/wp\/v2\/tags?post=15730"},{"taxonomy":"news-destination","embeddable":true,"href":"https:\/\/www.gardaseezeitung.it\/gardaseezeitung_new\/de\/wp-json\/wp\/v2\/news-destination?post=15730"},{"taxonomy":"news-source","embeddable":true,"href":"https:\/\/www.gardaseezeitung.it\/gardaseezeitung_new\/de\/wp-json\/wp\/v2\/news-source?post=15730"},{"taxonomy":"is_homepage","embeddable":true,"href":"https:\/\/www.gardaseezeitung.it\/gardaseezeitung_new\/de\/wp-json\/wp\/v2\/is_homepage?post=15730"},{"taxonomy":"ta_other","embeddable":true,"href":"https:\/\/www.gardaseezeitung.it\/gardaseezeitung_new\/de\/wp-json\/wp\/v2\/ta_other?post=15730"}],"curies":[{"name":"wp","href":"https:\/\/api.w.org\/{rel}","templated":true}]}}