{"id":15877,"date":"2024-01-24T12:14:57","date_gmt":"2024-01-24T11:14:57","guid":{"rendered":"http:\/\/euwps05.newsmemory.com\/gardaseezeitung_new\/de\/2024\/01\/24\/maskenfest-verona-und-desenzano-eurocarnevale-2024-kommt\/"},"modified":"2024-01-24T12:15:03","modified_gmt":"2023-08-27T12:15:03","slug":"maskenfest-verona-und-desenzano-eurocarnevale-2024-kommt","status":"publish","type":"post","link":"https:\/\/www.gardaseezeitung.it\/2024\/01\/24\/maskenfest-verona-und-desenzano-eurocarnevale-2024-kommt\/","title":{"rendered":"Maskenfest in Verona und Desenzano: Eurocarnevale 2024 kommt an"},"content":{"rendered":"<p>&nbsp;<\/p>\n<p>Der Karneval von Verona ist mit seiner 600-j\u00e4hrigen Geschichte einer der \u00e4ltesten in Italien. Aus diesem Grund wurde Verona nach einer vierj\u00e4hrigen Pause aufgrund der j\u00fcngsten Pandemie als erste Eurocarnival-Stadt ausgew\u00e4hlt. Rund 1.800 Menschen werden am 25. Januar in Verona eintreffen, darunter Musiker und Figuranten; die Veranstaltung findet am 26. in der Scaligera-Stadt und am 27. in Desenzano del Garda statt.<\/p>\n<p>Die Organisatoren sind besonders zufrieden, dass es ihnen gelungen ist, die Eurocarnevale wieder nach Verona zu bringen. Das erste Mal war es 1997, als das damalige Guggenmusik-Festival nach Verona gebracht wurde und den Namen in Eurocarnevale \u00e4nderte. Zur Erinnerung: Guggenmusik ist ein Musikstil, der nach der Mitte des 20. Jahrhunderts in Basel in der Schweiz entstand, wo jedes Jahr einer der \u00e4ltesten Karnevals in Europa stattfindet, und sich sp\u00e4ter in Deutschland, \u00d6sterreich und den Nachbarl\u00e4ndern verbreitete. Das Eurofestival betont die Br\u00fcderlichkeit zwischen den V\u00f6lkern Europas und ist in der historischen Zeit, in der wir leben, besonders wichtig. Es ist kein Zufall, dass das Abschlusskonzert, das sogenannte &#8222;Monsterkonzert&#8220;, in vereinten Bands stattfindet.<\/p>\n<p>Die \u00f6ffentlichen Momente des Programms<\/p>\n<p>Verona, Freitag, 26. Januar 2024<br \/>\nUm 10.30 Uhr Treffen der teilnehmenden Gruppen auf der wundersch\u00f6nen Piazza San Zeno. Um 12.00 Uhr Segnung in drei Sprachen durch den Abt von San Zeno. Um 14.45 Uhr Aufbruch der Parade, wobei jede Gruppe dem K\u00f6nig des Karnevals von Verona und seinem Hofstaat folgt; das musikalische Ereignis wird zu Fu\u00df von der Piazza San Zeno, Piazza Corrubbio, Regaste San Zeno, Castel Vecchio, Corso Cavour, Corso Portoni Borsari, Piazza Erbe, Piazza dei Signori folgen. Auf dem Weg dorthin wird die Musik Veronas Pl\u00e4tze mit einem fr\u00f6hlichen und doch originellen und au\u00dfergew\u00f6hnlichen Rhythmus erf\u00fcllen, bei dem sich nordische Rhythmen mit einheimischen Themen vermischen. Um 16 Uhr ist Einlass auf der Piazza dei Signori, wo sich die Gruppen aufstellen, um ein gemeinsames Bandst\u00fcck, das &#8218;Monsterkonzert&#8216;, aufzuf\u00fchren.<\/p>\n<p>Desenzano del Garda, Samstag, 27. Januar 2024<br \/>\nUm 11 Uhr Ankunft der internationalen Bands am Seeufer von Desenzano. Um 14.00 Uhr Abmarsch des farbenfrohen und festlichen Karnevalsumzugs. Um 16.00 Uhr gro\u00dfes Finale mit Konzert<\/p>\n<p>&nbsp;<\/p>\n","protected":false},"excerpt":{"rendered":"<p>Die Eurocarnevale ist eine internationale Veranstaltung, die mit rund 1800 Musikern und Figuranten aus ganz Europa am 26. Januar in Verona und am 27. Januar in Desenzano del Garda landet<\/p>\n","protected":false},"author":9,"featured_media":15876,"comment_status":"open","ping_status":"open","sticky":false,"template":"","format":"standard","meta":[],"categories":[2,4,5,6],"tags":[681,4764,4765,131,4766,23,26,4767,682,4768,38],"news-destination":[],"news-source":[],"is_homepage":[],"ta_other":[],"featured_media_details":{"width":680,"height":451,"file":"2024\/01\/eurocarnevale_2016_verona.jpg","sizes":{"thumbnail":{"file":"eurocarnevale_2016_verona-150x150.jpg","width":150,"height":150,"mime-type":"image\/jpeg","source_url":"https:\/\/www.gardaseezeitung.it\/gardaseezeitung_new\/de\/wp-content\/uploads\/sites\/2\/2024\/01\/eurocarnevale_2016_verona-150x150.jpg"},"medium":{"file":"eurocarnevale_2016_verona-300x199.jpg","width":300,"height":199,"mime-type":"image\/jpeg","source_url":"https:\/\/www.gardaseezeitung.it\/gardaseezeitung_new\/de\/wp-content\/uploads\/sites\/2\/2024\/01\/eurocarnevale_2016_verona-300x199.jpg"},"guest-author-32":{"file":"eurocarnevale_2016_verona-32x32.jpg","width":32,"height":32,"mime-type":"image\/jpeg","source_url":"https:\/\/www.gardaseezeitung.it\/gardaseezeitung_new\/de\/wp-content\/uploads\/sites\/2\/2024\/01\/eurocarnevale_2016_verona-32x32.jpg"},"guest-author-50":{"file":"eurocarnevale_2016_verona-50x50.jpg","width":50,"height":50,"mime-type":"image\/jpeg","source_url":"https:\/\/www.gardaseezeitung.it\/gardaseezeitung_new\/de\/wp-content\/uploads\/sites\/2\/2024\/01\/eurocarnevale_2016_verona-50x50.jpg"},"guest-author-64":{"file":"eurocarnevale_2016_verona-64x64.jpg","width":64,"height":64,"mime-type":"image\/jpeg","source_url":"https:\/\/www.gardaseezeitung.it\/gardaseezeitung_new\/de\/wp-content\/uploads\/sites\/2\/2024\/01\/eurocarnevale_2016_verona-64x64.jpg"},"guest-author-96":{"file":"eurocarnevale_2016_verona-96x96.jpg","width":96,"height":96,"mime-type":"image\/jpeg","source_url":"https:\/\/www.gardaseezeitung.it\/gardaseezeitung_new\/de\/wp-content\/uploads\/sites\/2\/2024\/01\/eurocarnevale_2016_verona-96x96.jpg"},"guest-author-128":{"file":"eurocarnevale_2016_verona-128x128.jpg","width":128,"height":128,"mime-type":"image\/jpeg","source_url":"https:\/\/www.gardaseezeitung.it\/gardaseezeitung_new\/de\/wp-content\/uploads\/sites\/2\/2024\/01\/eurocarnevale_2016_verona-128x128.jpg"},"full":{"file":"eurocarnevale_2016_verona.jpg","width":680,"height":451,"mime_type":"","source_url":"https:\/\/www.gardaseezeitung.it\/gardaseezeitung_new\/de\/wp-content\/uploads\/sites\/2\/2024\/01\/eurocarnevale_2016_verona.jpg"}},"image_meta":{"aperture":"0","credit":"","camera":"","caption":"","created_timestamp":"0","copyright":"","focal_length":"0","iso":"0","shutter_speed":"0","title":"","orientation":"0","keywords":[]}},"_links":{"self":[{"href":"https:\/\/www.gardaseezeitung.it\/gardaseezeitung_new\/de\/wp-json\/wp\/v2\/posts\/15877"}],"collection":[{"href":"https:\/\/www.gardaseezeitung.it\/gardaseezeitung_new\/de\/wp-json\/wp\/v2\/posts"}],"about":[{"href":"https:\/\/www.gardaseezeitung.it\/gardaseezeitung_new\/de\/wp-json\/wp\/v2\/types\/post"}],"author":[{"embeddable":true,"href":"https:\/\/www.gardaseezeitung.it\/gardaseezeitung_new\/de\/wp-json\/wp\/v2\/users\/9"}],"replies":[{"embeddable":true,"href":"https:\/\/www.gardaseezeitung.it\/gardaseezeitung_new\/de\/wp-json\/wp\/v2\/comments?post=15877"}],"version-history":[{"count":1,"href":"https:\/\/www.gardaseezeitung.it\/gardaseezeitung_new\/de\/wp-json\/wp\/v2\/posts\/15877\/revisions"}],"predecessor-version":[{"id":15878,"href":"https:\/\/www.gardaseezeitung.it\/gardaseezeitung_new\/de\/wp-json\/wp\/v2\/posts\/15877\/revisions\/15878"}],"wp:featuredmedia":[{"embeddable":true,"href":"https:\/\/www.gardaseezeitung.it\/gardaseezeitung_new\/de\/wp-json\/wp\/v2\/media\/15876"}],"wp:attachment":[{"href":"https:\/\/www.gardaseezeitung.it\/gardaseezeitung_new\/de\/wp-json\/wp\/v2\/media?parent=15877"}],"wp:term":[{"taxonomy":"category","embeddable":true,"href":"https:\/\/www.gardaseezeitung.it\/gardaseezeitung_new\/de\/wp-json\/wp\/v2\/categories?post=15877"},{"taxonomy":"post_tag","embeddable":true,"href":"https:\/\/www.gardaseezeitung.it\/gardaseezeitung_new\/de\/wp-json\/wp\/v2\/tags?post=15877"},{"taxonomy":"news-destination","embeddable":true,"href":"https:\/\/www.gardaseezeitung.it\/gardaseezeitung_new\/de\/wp-json\/wp\/v2\/news-destination?post=15877"},{"taxonomy":"news-source","embeddable":true,"href":"https:\/\/www.gardaseezeitung.it\/gardaseezeitung_new\/de\/wp-json\/wp\/v2\/news-source?post=15877"},{"taxonomy":"is_homepage","embeddable":true,"href":"https:\/\/www.gardaseezeitung.it\/gardaseezeitung_new\/de\/wp-json\/wp\/v2\/is_homepage?post=15877"},{"taxonomy":"ta_other","embeddable":true,"href":"https:\/\/www.gardaseezeitung.it\/gardaseezeitung_new\/de\/wp-json\/wp\/v2\/ta_other?post=15877"}],"curies":[{"name":"wp","href":"https:\/\/api.w.org\/{rel}","templated":true}]}}