{"id":15879,"date":"2024-01-29T00:27:59","date_gmt":"2024-01-28T23:27:59","guid":{"rendered":"http:\/\/euwps06.newsmemory.com\/gardaseezeitung_new\/de\/2024\/01\/29\/die-wege-zur-einsiedelei-von-san-valentino-bleiben-bis-zum-31-maerz-geschlossen\/"},"modified":"2024-01-29T00:33:09","modified_gmt":"2023-09-01T00:33:09","slug":"die-wege-zur-einsiedelei-von-san-valentino-bleiben-bis-zum-31-maerz-geschlossen","status":"publish","type":"post","link":"https:\/\/www.gardaseezeitung.it\/2024\/01\/29\/die-wege-zur-einsiedelei-von-san-valentino-bleiben-bis-zum-31-maerz-geschlossen\/","title":{"rendered":"Die Wege zur Einsiedelei von San Valentino bleiben bis zum 31. M\u00e4rz geschlossen"},"content":{"rendered":"<p>&nbsp;<\/p>\n<p>Die Gemeinde Gargnano hat die Verordnung zur Schlie\u00dfung der Wege im Bereich der Einsiedelei San Valentino, einem Ziel f\u00fcr Wanderer und Spazierg\u00e4nger, das zwischen den Felsen \u00fcber dem See auf 772 Metern H\u00f6he liegt, bis zum 31. M\u00e4rz verl\u00e4ngert. Die Wege im Bereich der Einsiedelei von San Valentino, einem Ziel f\u00fcr eine der sch\u00f6nsten und beliebtesten Wanderungen im oberen Gardaseegebiet, bleiben noch zweieinhalb Monate lang gesperrt. Das geht aus der ersten Verordnung des B\u00fcrgermeisters von Gargnano aus dem Jahr 2024 hervor, mit der die Schlie\u00dfung der Wanderwege bis zum 31. M\u00e4rz verl\u00e4ngert wurde, damit an den erdrutschgef\u00e4hrdeten H\u00e4ngen des Monte Comer Sicherheitsarbeiten durchgef\u00fchrt werden k\u00f6nnen. Die Arbeiten sollten bis Weihnachten abgeschlossen sein, aber sie sind noch nicht beendet und werden noch einige Wochen in Anspruch nehmen.<\/p>\n<p>Die Arbeiten betreffen die Routen<br \/>\nBVG-CAI-Weg Nr. 265 von Pizzo (Pis) nach Sass<br \/>\nWeg Nr. 230 B Ferrata bis zur Einsiedelei von St. Valentin<br \/>\nDer Klettersteig Nr. 231 B von der Einsiedelei von San Valentino bis zum Anschluss an den CAI-Weg 231 (von der Verordnung ausgenommen).<\/p>\n<p>&nbsp;<\/p>\n","protected":false},"excerpt":{"rendered":"<p>Die Gemeinde Gargnano hat die Verordnung zur Schlie\u00dfung der Wege im Bereich der Einsiedelei San Valentino, einem Ziel f\u00fcr Wanderer und Spazierg\u00e4nger, das zwischen den Felsen \u00fcber dem See auf 772 Metern H\u00f6he liegt, bis zum 31. M\u00e4rz verl\u00e4ngert<\/p>\n","protected":false},"author":9,"featured_media":15878,"comment_status":"open","ping_status":"open","sticky":false,"template":"","format":"standard","meta":[],"categories":[4,6],"tags":[4758,4759,23,26,158],"news-destination":[],"news-source":[],"is_homepage":[],"ta_other":[],"featured_media_details":{"width":1200,"height":800,"file":"2024\/01\/eremo-san-valentino.jpg","sizes":{"thumbnail":{"file":"eremo-san-valentino-150x150.jpg","width":150,"height":150,"mime-type":"image\/jpeg","source_url":"https:\/\/www.gardaseezeitung.it\/gardaseezeitung_new\/de\/wp-content\/uploads\/sites\/2\/2024\/01\/eremo-san-valentino-150x150.jpg"},"medium":{"file":"eremo-san-valentino-300x200.jpg","width":300,"height":200,"mime-type":"image\/jpeg","source_url":"https:\/\/www.gardaseezeitung.it\/gardaseezeitung_new\/de\/wp-content\/uploads\/sites\/2\/2024\/01\/eremo-san-valentino-300x200.jpg"},"medium_large":{"file":"eremo-san-valentino-768x512.jpg","width":768,"height":512,"mime-type":"image\/jpeg","source_url":"https:\/\/www.gardaseezeitung.it\/gardaseezeitung_new\/de\/wp-content\/uploads\/sites\/2\/2024\/01\/eremo-san-valentino-768x512.jpg"},"large":{"file":"eremo-san-valentino-1024x683.jpg","width":1024,"height":683,"mime-type":"image\/jpeg","source_url":"https:\/\/www.gardaseezeitung.it\/gardaseezeitung_new\/de\/wp-content\/uploads\/sites\/2\/2024\/01\/eremo-san-valentino-1024x683.jpg"},"big_image":{"file":"eremo-san-valentino-750x500.jpg","width":750,"height":500,"mime-type":"image\/jpeg","source_url":"https:\/\/www.gardaseezeitung.it\/gardaseezeitung_new\/de\/wp-content\/uploads\/sites\/2\/2024\/01\/eremo-san-valentino-750x500.jpg"},"guest-author-32":{"file":"eremo-san-valentino-32x32.jpg","width":32,"height":32,"mime-type":"image\/jpeg","source_url":"https:\/\/www.gardaseezeitung.it\/gardaseezeitung_new\/de\/wp-content\/uploads\/sites\/2\/2024\/01\/eremo-san-valentino-32x32.jpg"},"guest-author-50":{"file":"eremo-san-valentino-50x50.jpg","width":50,"height":50,"mime-type":"image\/jpeg","source_url":"https:\/\/www.gardaseezeitung.it\/gardaseezeitung_new\/de\/wp-content\/uploads\/sites\/2\/2024\/01\/eremo-san-valentino-50x50.jpg"},"guest-author-64":{"file":"eremo-san-valentino-64x64.jpg","width":64,"height":64,"mime-type":"image\/jpeg","source_url":"https:\/\/www.gardaseezeitung.it\/gardaseezeitung_new\/de\/wp-content\/uploads\/sites\/2\/2024\/01\/eremo-san-valentino-64x64.jpg"},"guest-author-96":{"file":"eremo-san-valentino-96x96.jpg","width":96,"height":96,"mime-type":"image\/jpeg","source_url":"https:\/\/www.gardaseezeitung.it\/gardaseezeitung_new\/de\/wp-content\/uploads\/sites\/2\/2024\/01\/eremo-san-valentino-96x96.jpg"},"guest-author-128":{"file":"eremo-san-valentino-128x128.jpg","width":128,"height":128,"mime-type":"image\/jpeg","source_url":"https:\/\/www.gardaseezeitung.it\/gardaseezeitung_new\/de\/wp-content\/uploads\/sites\/2\/2024\/01\/eremo-san-valentino-128x128.jpg"},"full":{"file":"eremo-san-valentino.jpg","width":1200,"height":800,"mime_type":"","source_url":"https:\/\/www.gardaseezeitung.it\/gardaseezeitung_new\/de\/wp-content\/uploads\/sites\/2\/2024\/01\/eremo-san-valentino.jpg"}},"image_meta":{"aperture":"0","credit":"","camera":"","caption":"","created_timestamp":"0","copyright":"","focal_length":"0","iso":"0","shutter_speed":"0","title":"","orientation":"0","keywords":[]}},"_links":{"self":[{"href":"https:\/\/www.gardaseezeitung.it\/gardaseezeitung_new\/de\/wp-json\/wp\/v2\/posts\/15879"}],"collection":[{"href":"https:\/\/www.gardaseezeitung.it\/gardaseezeitung_new\/de\/wp-json\/wp\/v2\/posts"}],"about":[{"href":"https:\/\/www.gardaseezeitung.it\/gardaseezeitung_new\/de\/wp-json\/wp\/v2\/types\/post"}],"author":[{"embeddable":true,"href":"https:\/\/www.gardaseezeitung.it\/gardaseezeitung_new\/de\/wp-json\/wp\/v2\/users\/9"}],"replies":[{"embeddable":true,"href":"https:\/\/www.gardaseezeitung.it\/gardaseezeitung_new\/de\/wp-json\/wp\/v2\/comments?post=15879"}],"version-history":[{"count":1,"href":"https:\/\/www.gardaseezeitung.it\/gardaseezeitung_new\/de\/wp-json\/wp\/v2\/posts\/15879\/revisions"}],"predecessor-version":[{"id":15880,"href":"https:\/\/www.gardaseezeitung.it\/gardaseezeitung_new\/de\/wp-json\/wp\/v2\/posts\/15879\/revisions\/15880"}],"wp:featuredmedia":[{"embeddable":true,"href":"https:\/\/www.gardaseezeitung.it\/gardaseezeitung_new\/de\/wp-json\/wp\/v2\/media\/15878"}],"wp:attachment":[{"href":"https:\/\/www.gardaseezeitung.it\/gardaseezeitung_new\/de\/wp-json\/wp\/v2\/media?parent=15879"}],"wp:term":[{"taxonomy":"category","embeddable":true,"href":"https:\/\/www.gardaseezeitung.it\/gardaseezeitung_new\/de\/wp-json\/wp\/v2\/categories?post=15879"},{"taxonomy":"post_tag","embeddable":true,"href":"https:\/\/www.gardaseezeitung.it\/gardaseezeitung_new\/de\/wp-json\/wp\/v2\/tags?post=15879"},{"taxonomy":"news-destination","embeddable":true,"href":"https:\/\/www.gardaseezeitung.it\/gardaseezeitung_new\/de\/wp-json\/wp\/v2\/news-destination?post=15879"},{"taxonomy":"news-source","embeddable":true,"href":"https:\/\/www.gardaseezeitung.it\/gardaseezeitung_new\/de\/wp-json\/wp\/v2\/news-source?post=15879"},{"taxonomy":"is_homepage","embeddable":true,"href":"https:\/\/www.gardaseezeitung.it\/gardaseezeitung_new\/de\/wp-json\/wp\/v2\/is_homepage?post=15879"},{"taxonomy":"ta_other","embeddable":true,"href":"https:\/\/www.gardaseezeitung.it\/gardaseezeitung_new\/de\/wp-json\/wp\/v2\/ta_other?post=15879"}],"curies":[{"name":"wp","href":"https:\/\/api.w.org\/{rel}","templated":true}]}}