{"id":15889,"date":"2024-01-21T12:16:37","date_gmt":"2024-01-21T11:16:37","guid":{"rendered":"http:\/\/euwps05.newsmemory.com\/gardaseezeitung_new\/de\/2024\/01\/21\/karneval-gardasee-2024-es-gibt-viele-karnevalsveranstaltungen-fuer-jung-und-alt\/"},"modified":"2024-01-21T23:53:00","modified_gmt":"2023-08-24T23:53:00","slug":"karneval-gardasee-2024-es-gibt-viele-karnevalsveranstaltungen-fuer-jung-und-alt","status":"publish","type":"post","link":"https:\/\/www.gardaseezeitung.it\/2024\/01\/21\/karneval-gardasee-2024-es-gibt-viele-karnevalsveranstaltungen-fuer-jung-und-alt\/","title":{"rendered":"Karneval am Gardasee 2024: Es gibt viele Karnevalsveranstaltungen f\u00fcr Jung und Alt"},"content":{"rendered":"<p>&nbsp;<\/p>\n<p>Der Karneval am Gardasee ist eine jahrhundertealte Tradition: Einige Chroniken datieren ihn auf 600 Jahre zur\u00fcck, w\u00e4hrend der Pap\u00e0 del Gnoco (Vater der Kn\u00f6del) im Februar 494 Jahre alt wird! Das Programm zieht jedes Jahr Tausende von Besuchern aus dem Norden und S\u00fcden an, die bei den Shows, T\u00e4nzen, Umz\u00fcgen und Konzerten zuschauen oder sogar mitmachen k\u00f6nnen. An den Essensst\u00e4nden gibt es au\u00dferdem eine gro\u00dfe Auswahl an lokalen Spezialit\u00e4ten und K\u00f6stlichkeiten f\u00fcr Naschkatzen.<\/p>\n<p>Hier sind einige der Karnevalsfeste 2024, die am See stattfinden werden.<\/p>\n<p>Gro\u00dfer Karneval des Valle dei Laghi (Provinz Trient)<br \/>\nVom 21. Januar bis zum 18. Februar 2024 wird sich das sch\u00f6ne Valle dei Laghi in der Provinz Trient mit einer Reihe von Veranstaltungen f\u00fcr den Karneval herausputzen. Das vollst\u00e4ndige Programm findest du auf unserer Website.<\/p>\n<p>Karneval von Arco (Provinz Trient)<br \/>\nVom 3. bis 11. Februar 2024 gibt es ein Wochenende lang Musik und Shows in der sch\u00f6nen Altstadt von Arco. Kostenlose Verteilung von Krapfen und hei\u00dfem Tee, Unterhaltung, Truccabimbi, Vintage Circus, Baby Disco Show, die &#8222;Otto Strudel&#8220; K\u00fcche.<\/p>\n<p>Faschingskn\u00f6del in Bezzecca (Provinz Trient)<br \/>\nAm 8. Februar 2024 organisiert die Pro Loco von Bezzecca (im sch\u00f6nen Ledrotal) auf der Piazza Garibaldi die Verteilung von Karnevalsgnocchi und den typischen &#8222;Grostoi&#8220; zur Feier des Faschingsdonnerstags. Beginn ist um 12 Uhr mittags.<\/p>\n<p>Gran Carnevale Giudicariese in Tione di Trento<br \/>\nVom 8. bis 13. Februar 2024 kehrt die Tradition (die auf das Jahr 1887 zur\u00fcckgeht) zur\u00fcck mit Partys auf dem Marktplatz und dem Verteilen der traditionellen &#8222;Bigoi&#8220; (gro\u00dfe Spaghetti) an die B\u00fcrgerinnen und B\u00fcrger.<\/p>\n<p>Bacanal del Gnoco in Verona<br \/>\nAm 9. Februar wird der &#8222;venard\u00ec gnocolar&#8220; (Kn\u00f6delfreitag) gefeiert. Der Tradition nach isst man frische, hausgemachte Gnocchi in einem der vielen Restaurants-Hosterias in der Stadt und in der Provinz und sieht sich dann den Umzug mit Festwagen durch das Zentrum von Verona an, der um 13:45 Uhr beginnt und von der typischen Maske des &#8222;Pap\u00e0 del Gnoco&#8220; angef\u00fchrt wird. Es gibt so viele Veranstaltungen w\u00e4hrend des Karnevals in Verona: Schau dir den entsprechenden Artikel auf dieser Website an.<\/p>\n<p>Gro\u00dfer Karneval von Trient<br \/>\nDie Termine stehen noch nicht festIn Trient w\u00e4rmt der Karneval die kalte Winteratmosph\u00e4re mit der Fr\u00f6hlichkeit von Masken, Festwagen, den Farben der Schminkwerkstatt, Fahrgesch\u00e4ften im &#8222;Spielzeugland&#8220; und Shows von Stra\u00dfenk\u00fcnstlern auf und erfreut den Gaumen mit leckeren S\u00fc\u00dfigkeiten und K\u00f6stlichkeiten. Aber das Festival ist nicht nur f\u00fcr Kinder: Auf dem Programm stehen Musik und Essens- und Weinverkostungen an eindrucksvollen Orten in der Stadt, in Verbindung mit Kunst, Wissenschaft und Geschmack.<\/p>\n<p>&#8222;Sbigolada Torbolana&#8220; in Torbole sul Garda<br \/>\nAm 11. Februar findet im Herzen des sch\u00f6nen Torbole sul Garda eine kostenlose Verteilung von &#8222;bigoi con le sardele&#8220; (Pasta mit Seesardinen), Live-Musik und Unterhaltung f\u00fcr Kinder statt. In Nago hingegen werden am Dienstag, den 13. Februar 2024, kostenlos Spaghetti mit Fleischso\u00dfe und Unterhaltung f\u00fcr Kinder verteilt.<\/p>\n<p>Karneval von Bagolino (Provinz Brescia)<br \/>\nAm 12. und 13. Februar 2024 findet in Bagolino, einem kleinen mittelalterlichen Dorf in den Brescianer Bergen im Valle Sabbia, einer der \u00e4ltesten und wichtigsten Karnevals in Norditalien statt, mit Musik, Tanz und Kost\u00fcmen, die seit dem 16. Zwei Tage im Jahr wird das charakteristische mittelalterliche Dorf Bagolino von den farbenfrohen Balar\u00ec (T\u00e4nzerinnen und T\u00e4nzer) erobert, die, begleitet von den Melodien der Sonad\u00f9r (Musikanten) Geigen, mit verdeckten Gesichtern in reichen Kost\u00fcmen tanzen, die von Generation zu Generation weitergegeben wurden. Umrahmt wird dieses Spektakel eleganter Bewegungen von den Masch\u00e8r (Masken), einer Darstellung des l\u00e4ndlichen Lebens. Sie ziehen unbeholfen und skurril durch die Stra\u00dfen und verspotten jeden, der ihnen \u00fcber den Weg l\u00e4uft. Bei den meisten Festen in ganz Italien sieht man gro\u00dfe, reiche und aufw\u00e4ndige Festwagen, aber in Bagolino werden die kleinen Stra\u00dfen und Pl\u00e4tze zum Klang der Holzschuhe lebendig, die das gemeinsame Merkmal der beiden typischen Kost\u00fcme sind: der m\u00e4nnliche Cevi\u00f2l und der weibliche Guenel. Die Magie einer spannenden Tradition verbindet historische Nachstellung und heilige Feier in einem Kontext von Freude und Spa\u00df.<\/p>\n<p>Karneval von Marciapi\u00e8 in Lazise<br \/>\nAm 13. und 14. Februar 2024 wird die Tradition mit einer Reihe von Masken geehrt, die die Geschichte der Stadt, das Leben und die Herkunft darstellen. Jedes Jahr, am letzten Tag des Karnevals und am ersten Tag der Fastenzeit, wird die Stra\u00dfe &#8222;Marciap\u00e8&#8220; (B\u00fcrgersteig) herausgeputzt und bietet den Passanten die traditionellen Kutteln und Pessin (kleine Fische) an.<\/p>\n<p>&nbsp;<\/p>\n","protected":false},"excerpt":{"rendered":"<p>Masken, gutes Essen, tolle Partys, Umz\u00fcge durch D\u00f6rfer und St\u00e4dte unter einem Konfettiregen. Hier ist eine Auswahl an Veranstaltungen f\u00fcr den Karneval am Gardasee<\/p>\n","protected":false},"author":9,"featured_media":15888,"comment_status":"open","ping_status":"open","sticky":false,"template":"","format":"standard","meta":[],"categories":[5],"tags":[219,681,4772,4773,23,26,682,343,1887,683,4774,4775,409,404,4776,38],"news-destination":[],"news-source":[],"is_homepage":[],"ta_other":[],"featured_media_details":{"width":1200,"height":630,"file":"2024\/01\/Events_Sbigolada.jpg","sizes":{"thumbnail":{"file":"Events_Sbigolada-150x150.jpg","width":150,"height":150,"mime-type":"image\/jpeg","source_url":"https:\/\/www.gardaseezeitung.it\/gardaseezeitung_new\/de\/wp-content\/uploads\/sites\/2\/2024\/01\/Events_Sbigolada-150x150.jpg"},"medium":{"file":"Events_Sbigolada-300x158.jpg","width":300,"height":158,"mime-type":"image\/jpeg","source_url":"https:\/\/www.gardaseezeitung.it\/gardaseezeitung_new\/de\/wp-content\/uploads\/sites\/2\/2024\/01\/Events_Sbigolada-300x158.jpg"},"medium_large":{"file":"Events_Sbigolada-768x403.jpg","width":768,"height":403,"mime-type":"image\/jpeg","source_url":"https:\/\/www.gardaseezeitung.it\/gardaseezeitung_new\/de\/wp-content\/uploads\/sites\/2\/2024\/01\/Events_Sbigolada-768x403.jpg"},"large":{"file":"Events_Sbigolada-1024x538.jpg","width":1024,"height":538,"mime-type":"image\/jpeg","source_url":"https:\/\/www.gardaseezeitung.it\/gardaseezeitung_new\/de\/wp-content\/uploads\/sites\/2\/2024\/01\/Events_Sbigolada-1024x538.jpg"},"big_image":{"file":"Events_Sbigolada-750x394.jpg","width":750,"height":394,"mime-type":"image\/jpeg","source_url":"https:\/\/www.gardaseezeitung.it\/gardaseezeitung_new\/de\/wp-content\/uploads\/sites\/2\/2024\/01\/Events_Sbigolada-750x394.jpg"},"guest-author-32":{"file":"Events_Sbigolada-32x32.jpg","width":32,"height":32,"mime-type":"image\/jpeg","source_url":"https:\/\/www.gardaseezeitung.it\/gardaseezeitung_new\/de\/wp-content\/uploads\/sites\/2\/2024\/01\/Events_Sbigolada-32x32.jpg"},"guest-author-50":{"file":"Events_Sbigolada-50x50.jpg","width":50,"height":50,"mime-type":"image\/jpeg","source_url":"https:\/\/www.gardaseezeitung.it\/gardaseezeitung_new\/de\/wp-content\/uploads\/sites\/2\/2024\/01\/Events_Sbigolada-50x50.jpg"},"guest-author-64":{"file":"Events_Sbigolada-64x64.jpg","width":64,"height":64,"mime-type":"image\/jpeg","source_url":"https:\/\/www.gardaseezeitung.it\/gardaseezeitung_new\/de\/wp-content\/uploads\/sites\/2\/2024\/01\/Events_Sbigolada-64x64.jpg"},"guest-author-96":{"file":"Events_Sbigolada-96x96.jpg","width":96,"height":96,"mime-type":"image\/jpeg","source_url":"https:\/\/www.gardaseezeitung.it\/gardaseezeitung_new\/de\/wp-content\/uploads\/sites\/2\/2024\/01\/Events_Sbigolada-96x96.jpg"},"guest-author-128":{"file":"Events_Sbigolada-128x128.jpg","width":128,"height":128,"mime-type":"image\/jpeg","source_url":"https:\/\/www.gardaseezeitung.it\/gardaseezeitung_new\/de\/wp-content\/uploads\/sites\/2\/2024\/01\/Events_Sbigolada-128x128.jpg"},"full":{"file":"Events_Sbigolada.jpg","width":1200,"height":630,"mime_type":"","source_url":"https:\/\/www.gardaseezeitung.it\/gardaseezeitung_new\/de\/wp-content\/uploads\/sites\/2\/2024\/01\/Events_Sbigolada.jpg"}},"image_meta":{"aperture":"0","credit":"","camera":"","caption":"","created_timestamp":"0","copyright":"","focal_length":"0","iso":"0","shutter_speed":"0","title":"","orientation":"0","keywords":[]}},"_links":{"self":[{"href":"https:\/\/www.gardaseezeitung.it\/gardaseezeitung_new\/de\/wp-json\/wp\/v2\/posts\/15889"}],"collection":[{"href":"https:\/\/www.gardaseezeitung.it\/gardaseezeitung_new\/de\/wp-json\/wp\/v2\/posts"}],"about":[{"href":"https:\/\/www.gardaseezeitung.it\/gardaseezeitung_new\/de\/wp-json\/wp\/v2\/types\/post"}],"author":[{"embeddable":true,"href":"https:\/\/www.gardaseezeitung.it\/gardaseezeitung_new\/de\/wp-json\/wp\/v2\/users\/9"}],"replies":[{"embeddable":true,"href":"https:\/\/www.gardaseezeitung.it\/gardaseezeitung_new\/de\/wp-json\/wp\/v2\/comments?post=15889"}],"version-history":[{"count":1,"href":"https:\/\/www.gardaseezeitung.it\/gardaseezeitung_new\/de\/wp-json\/wp\/v2\/posts\/15889\/revisions"}],"predecessor-version":[{"id":15890,"href":"https:\/\/www.gardaseezeitung.it\/gardaseezeitung_new\/de\/wp-json\/wp\/v2\/posts\/15889\/revisions\/15890"}],"wp:featuredmedia":[{"embeddable":true,"href":"https:\/\/www.gardaseezeitung.it\/gardaseezeitung_new\/de\/wp-json\/wp\/v2\/media\/15888"}],"wp:attachment":[{"href":"https:\/\/www.gardaseezeitung.it\/gardaseezeitung_new\/de\/wp-json\/wp\/v2\/media?parent=15889"}],"wp:term":[{"taxonomy":"category","embeddable":true,"href":"https:\/\/www.gardaseezeitung.it\/gardaseezeitung_new\/de\/wp-json\/wp\/v2\/categories?post=15889"},{"taxonomy":"post_tag","embeddable":true,"href":"https:\/\/www.gardaseezeitung.it\/gardaseezeitung_new\/de\/wp-json\/wp\/v2\/tags?post=15889"},{"taxonomy":"news-destination","embeddable":true,"href":"https:\/\/www.gardaseezeitung.it\/gardaseezeitung_new\/de\/wp-json\/wp\/v2\/news-destination?post=15889"},{"taxonomy":"news-source","embeddable":true,"href":"https:\/\/www.gardaseezeitung.it\/gardaseezeitung_new\/de\/wp-json\/wp\/v2\/news-source?post=15889"},{"taxonomy":"is_homepage","embeddable":true,"href":"https:\/\/www.gardaseezeitung.it\/gardaseezeitung_new\/de\/wp-json\/wp\/v2\/is_homepage?post=15889"},{"taxonomy":"ta_other","embeddable":true,"href":"https:\/\/www.gardaseezeitung.it\/gardaseezeitung_new\/de\/wp-json\/wp\/v2\/ta_other?post=15889"}],"curies":[{"name":"wp","href":"https:\/\/api.w.org\/{rel}","templated":true}]}}