{"id":15944,"date":"2024-01-21T00:48:04","date_gmt":"2024-01-20T23:48:04","guid":{"rendered":"http:\/\/euwps05.newsmemory.com\/gardaseezeitung_new\/de\/2024\/01\/20\/valle-dei-laghi-trient-veranstaltet-grossen-karneval-vom-21-januar-bis-18-februar-2024\/"},"modified":"2024-01-21T01:00:10","modified_gmt":"2023-08-24T01:00:10","slug":"valle-dei-laghi-trient-veranstaltet-grossen-karneval-vom-21-januar-bis-18-februar-2024","status":"publish","type":"post","link":"https:\/\/www.gardaseezeitung.it\/2024\/01\/21\/valle-dei-laghi-trient-veranstaltet-grossen-karneval-vom-21-januar-bis-18-februar-2024\/","title":{"rendered":"Valle dei Laghi (Trient) veranstaltet gro\u00dfen Karneval vom 21. Januar bis 18. Februar 2024"},"content":{"rendered":"<p>&nbsp;<\/p>\n<p>21. Januar VIGO CAVEDINE 12 Uhr<br \/>\nHausgemachte Kartoffelkn\u00f6del mit Fleischso\u00dfe, Gl\u00fchwein, Apfelgl\u00fchwein, Tee Kinderschminken und Maskenumzug<\/p>\n<p>21. Januar CIAGO 12 Uhr<br \/>\nNudeln mit Fleischso\u00dfe, Gerstensuppe, Gl\u00fchwein und Grostoli f\u00fcr die Kinder 28. Januar RANZO 12 Uhr Nudeln mit Fleischso\u00dfe und Gl\u00fchwein<\/p>\n<p>28. Januar BRUSINO 13 Uhr<br \/>\nMakkaroni mit Fleischso\u00dfe und Gl\u00fchwein. Maskenumzug<\/p>\n<p>4. Februar MONTE TERLAGO 12 Uhr<br \/>\nPenne al rag\u00f9 und Gl\u00fchwein<\/p>\n<p>4. Februar CALAVINO 12 Uhr<br \/>\nGro\u00dfer Karneval: Nudeln mit Fleischso\u00dfe und Gl\u00fchwein. Unterhaltung f\u00fcr Kinder<\/p>\n<p>4. Februar CAVEDINE 13.30 Uhr<br \/>\nDisney Triad Karneval, Maskenumzug und Gruppent\u00e4nze. Polenta, Sauerkraut, Luganeghe, Pommes, hei\u00dfer Tee, Gl\u00fchwein und Bier.<\/p>\n<p>8. Februar SARCHE 12 Uhr<br \/>\nGr\u00fcndonnerstag. Nudeln mit Fleischso\u00dfe und Gl\u00fchwein. Animation f\u00fcr Kinder<\/p>\n<p>10. Februar PIETRAMURATA 12 Uhr<br \/>\nJugendkarneval: Mezze Penne mit Fleischso\u00dfe. Maskenumzug, Unterhaltung mit dem Zauberer. Bei schlechtem Wetter auf Samstag, den 17.02. verschoben<\/p>\n<p>10. Februar LAGOLO 12.30 Uhr<br \/>\nNachhaltiger Karneval: Gr\u00fcne Gnocchi mit Tomatenso\u00dfe, Gl\u00fchwein, Brot und Nutella. Gl\u00e4ser, Besteck, Teller zu Hause!<\/p>\n<p>11. Februar COVELO 10 Uhr<br \/>\nKutteln; 12 Uhr Nudeln mit Fleischso\u00dfe<\/p>\n<p>11. Februar STRAVINO 12 Uhr<br \/>\nKn\u00f6del und Gl\u00fchwein Kinderunterhaltung<\/p>\n<p>11. Februar CASTEL MADRUZZO 14 Uhr<br \/>\nSpaghetti mit Fleischso\u00dfe. Karnevalsumzug.<\/p>\n<p>11. Februar FRAVEGGIO 14 Uhr<br \/>\nKarneval auf dem Platz. Makkaroni mit Fleischso\u00dfe und Gl\u00fchwein. Maskenumzug<\/p>\n<p>13. Februar PADERGNONE 12 Uhr<br \/>\nFaschingsdienstag. Penne rigate al rag\u00f9 und Gl\u00fchwein. Maskenumzug<\/p>\n<p>13. Februar PERCOLESE 12 Uhr Penne al rag\u00f9 und Gl\u00fchwein. Maskenumzug<\/p>\n<p>13. Februar VEZZANO 12 Uhr<br \/>\nKarneval auf dem Platz: Spaghetti mit Fleischso\u00dfe und Gl\u00fchwein<\/p>\n<p>13. Februar LASINO 12.30 Uhr<br \/>\nLetzter Tag des Karnevals: <em>Bigoi<\/em> (Pasta) mit Fleischso\u00dfe und Gl\u00fchwein. Maskenumzug<\/p>\n<p>17. Februar MARGONE 12 Uhr<br \/>\nPasta <em>alla margonese<\/em>, Gl\u00fchwein und Apfelgl\u00fchwein<\/p>\n<p>18. Februar TERLAGO 12 Uhr<br \/>\n&#8222;El Carneval de Terlac&#8220;: <em>Bigoi<\/em> (Pasta) und Gl\u00fchwein. Spa\u00df und vieles mehr.<\/p>\n<p>&nbsp;<\/p>\n","protected":false},"excerpt":{"rendered":"<p>Das sch\u00f6ne Valle dei Laghi putzt sich f\u00fcr den Karneval mit einer Reihe von Veranstaltungen heraus. Hier ist das Programm<\/p>\n","protected":false},"author":9,"featured_media":15945,"comment_status":"open","ping_status":"open","sticky":false,"template":"","format":"standard","meta":[],"categories":[2,4,5,6],"tags":[4779,4780,4781,4782,4783,4784,4785,23,26,682,4786,4787,4788,4789,4790,4791,4792,4793,4794,4795],"news-destination":[],"news-source":[],"is_homepage":[],"ta_other":[],"featured_media_details":{"width":1190,"height":536,"file":"2024\/01\/carnevale-a-trento_001.jpg","sizes":{"thumbnail":{"file":"carnevale-a-trento_001-150x150.jpg","width":150,"height":150,"mime-type":"image\/jpeg","source_url":"https:\/\/www.gardaseezeitung.it\/gardaseezeitung_new\/de\/wp-content\/uploads\/sites\/2\/2024\/01\/carnevale-a-trento_001-150x150.jpg"},"medium":{"file":"carnevale-a-trento_001-300x135.jpg","width":300,"height":135,"mime-type":"image\/jpeg","source_url":"https:\/\/www.gardaseezeitung.it\/gardaseezeitung_new\/de\/wp-content\/uploads\/sites\/2\/2024\/01\/carnevale-a-trento_001-300x135.jpg"},"medium_large":{"file":"carnevale-a-trento_001-768x346.jpg","width":768,"height":346,"mime-type":"image\/jpeg","source_url":"https:\/\/www.gardaseezeitung.it\/gardaseezeitung_new\/de\/wp-content\/uploads\/sites\/2\/2024\/01\/carnevale-a-trento_001-768x346.jpg"},"large":{"file":"carnevale-a-trento_001-1024x461.jpg","width":1024,"height":461,"mime-type":"image\/jpeg","source_url":"https:\/\/www.gardaseezeitung.it\/gardaseezeitung_new\/de\/wp-content\/uploads\/sites\/2\/2024\/01\/carnevale-a-trento_001-1024x461.jpg"},"big_image":{"file":"carnevale-a-trento_001-750x338.jpg","width":750,"height":338,"mime-type":"image\/jpeg","source_url":"https:\/\/www.gardaseezeitung.it\/gardaseezeitung_new\/de\/wp-content\/uploads\/sites\/2\/2024\/01\/carnevale-a-trento_001-750x338.jpg"},"guest-author-32":{"file":"carnevale-a-trento_001-32x32.jpg","width":32,"height":32,"mime-type":"image\/jpeg","source_url":"https:\/\/www.gardaseezeitung.it\/gardaseezeitung_new\/de\/wp-content\/uploads\/sites\/2\/2024\/01\/carnevale-a-trento_001-32x32.jpg"},"guest-author-50":{"file":"carnevale-a-trento_001-50x50.jpg","width":50,"height":50,"mime-type":"image\/jpeg","source_url":"https:\/\/www.gardaseezeitung.it\/gardaseezeitung_new\/de\/wp-content\/uploads\/sites\/2\/2024\/01\/carnevale-a-trento_001-50x50.jpg"},"guest-author-64":{"file":"carnevale-a-trento_001-64x64.jpg","width":64,"height":64,"mime-type":"image\/jpeg","source_url":"https:\/\/www.gardaseezeitung.it\/gardaseezeitung_new\/de\/wp-content\/uploads\/sites\/2\/2024\/01\/carnevale-a-trento_001-64x64.jpg"},"guest-author-96":{"file":"carnevale-a-trento_001-96x96.jpg","width":96,"height":96,"mime-type":"image\/jpeg","source_url":"https:\/\/www.gardaseezeitung.it\/gardaseezeitung_new\/de\/wp-content\/uploads\/sites\/2\/2024\/01\/carnevale-a-trento_001-96x96.jpg"},"guest-author-128":{"file":"carnevale-a-trento_001-128x128.jpg","width":128,"height":128,"mime-type":"image\/jpeg","source_url":"https:\/\/www.gardaseezeitung.it\/gardaseezeitung_new\/de\/wp-content\/uploads\/sites\/2\/2024\/01\/carnevale-a-trento_001-128x128.jpg"},"full":{"file":"carnevale-a-trento_001.jpg","width":1190,"height":536,"mime_type":"","source_url":"https:\/\/www.gardaseezeitung.it\/gardaseezeitung_new\/de\/wp-content\/uploads\/sites\/2\/2024\/01\/carnevale-a-trento_001.jpg"}},"image_meta":{"aperture":"0","credit":"","camera":"","caption":"","created_timestamp":"0","copyright":"","focal_length":"0","iso":"0","shutter_speed":"0","title":"","orientation":"0","keywords":[]}},"_links":{"self":[{"href":"https:\/\/www.gardaseezeitung.it\/gardaseezeitung_new\/de\/wp-json\/wp\/v2\/posts\/15944"}],"collection":[{"href":"https:\/\/www.gardaseezeitung.it\/gardaseezeitung_new\/de\/wp-json\/wp\/v2\/posts"}],"about":[{"href":"https:\/\/www.gardaseezeitung.it\/gardaseezeitung_new\/de\/wp-json\/wp\/v2\/types\/post"}],"author":[{"embeddable":true,"href":"https:\/\/www.gardaseezeitung.it\/gardaseezeitung_new\/de\/wp-json\/wp\/v2\/users\/9"}],"replies":[{"embeddable":true,"href":"https:\/\/www.gardaseezeitung.it\/gardaseezeitung_new\/de\/wp-json\/wp\/v2\/comments?post=15944"}],"version-history":[{"count":1,"href":"https:\/\/www.gardaseezeitung.it\/gardaseezeitung_new\/de\/wp-json\/wp\/v2\/posts\/15944\/revisions"}],"predecessor-version":[{"id":15946,"href":"https:\/\/www.gardaseezeitung.it\/gardaseezeitung_new\/de\/wp-json\/wp\/v2\/posts\/15944\/revisions\/15946"}],"wp:featuredmedia":[{"embeddable":true,"href":"https:\/\/www.gardaseezeitung.it\/gardaseezeitung_new\/de\/wp-json\/wp\/v2\/media\/15945"}],"wp:attachment":[{"href":"https:\/\/www.gardaseezeitung.it\/gardaseezeitung_new\/de\/wp-json\/wp\/v2\/media?parent=15944"}],"wp:term":[{"taxonomy":"category","embeddable":true,"href":"https:\/\/www.gardaseezeitung.it\/gardaseezeitung_new\/de\/wp-json\/wp\/v2\/categories?post=15944"},{"taxonomy":"post_tag","embeddable":true,"href":"https:\/\/www.gardaseezeitung.it\/gardaseezeitung_new\/de\/wp-json\/wp\/v2\/tags?post=15944"},{"taxonomy":"news-destination","embeddable":true,"href":"https:\/\/www.gardaseezeitung.it\/gardaseezeitung_new\/de\/wp-json\/wp\/v2\/news-destination?post=15944"},{"taxonomy":"news-source","embeddable":true,"href":"https:\/\/www.gardaseezeitung.it\/gardaseezeitung_new\/de\/wp-json\/wp\/v2\/news-source?post=15944"},{"taxonomy":"is_homepage","embeddable":true,"href":"https:\/\/www.gardaseezeitung.it\/gardaseezeitung_new\/de\/wp-json\/wp\/v2\/is_homepage?post=15944"},{"taxonomy":"ta_other","embeddable":true,"href":"https:\/\/www.gardaseezeitung.it\/gardaseezeitung_new\/de\/wp-json\/wp\/v2\/ta_other?post=15944"}],"curies":[{"name":"wp","href":"https:\/\/api.w.org\/{rel}","templated":true}]}}