{"id":15945,"date":"2024-02-13T00:08:27","date_gmt":"2024-02-12T23:08:27","guid":{"rendered":"http:\/\/euwps06.newsmemory.com\/gardaseezeitung_new\/de\/2024\/02\/12\/13-und-14-februar-2024-der-karneval-von-marciapie-lazise\/"},"modified":"2024-02-13T00:08:31","modified_gmt":"2023-09-16T00:08:31","slug":"13-und-14-februar-2024-der-karneval-von-marciapie-lazise","status":"publish","type":"post","link":"https:\/\/www.gardaseezeitung.it\/2024\/02\/13\/13-und-14-februar-2024-der-karneval-von-marciapie-lazise\/","title":{"rendered":"Am 13. und 14. Februar 2024 der Karneval von Marciapi\u00e8 in Lazise"},"content":{"rendered":"<p>&nbsp;<\/p>\n<p>Am 13. und 14. Februar 2024 wird die Tradition mit Masken geehrt, die die Geschichte der Stadt darstellen: oder besser gesagt, des &#8222;libera contrada (freien Bezirks) der Marciapi\u00e8&#8220;.<\/p>\n<p>Im Corso Ospedale hatte der Eingang zur Stra\u00dfe fr\u00fcher eine Bogent\u00fcr, die die Stra\u00dfe wie eine private contrada aussehen lie\u00df. Das f\u00fchrte dazu, dass Besucher direkt hineingingen, ohne einzutreten, und gab den Bewohnern der Stra\u00dfe das Gef\u00fchl, eine Gemeinschaft zu sein, die sich in Zeiten der Not immer gegenseitig geholfen hat. Ebenso bekannt ist den Bewohnern die Geschichte der Gr\u00e4fin, die in einer Villa am Ende der Stra\u00dfe in der N\u00e4he des Sees wohnte und einen B\u00fcrgersteig (&#8222;marciapiede&#8220; auf Italienisch) anlegen lie\u00df, damit ihre Schuhe nicht schlammig wurden, was der Stra\u00dfe ihren Namen <em>Marciapi\u00e8<\/em> gab. In mageren Zeiten taten sich die Familien von Marciapi\u00e8 zusammen, um mit einer nicht mehr gebr\u00e4uchlichen Angelart zu fischen, um mehr Fische zu fangen, die sie untereinander teilen konnten. Seitdem wird jedes Jahr am letzten Tag des Karnevals und am ersten Tag der Fastenzeit die Stra\u00dfe herausgeputzt und bietet Reisenden und Einwohnern die traditionellen Kutteln und Pessin (kleine gekochte Fische) an.<\/p>\n<p>Die Contr\u00e0 del Marciapi\u00e8, die heute Via Arco hei\u00dft, ist Teil des \u00e4ltesten Teils von Lazise, der &#8222;la bast\u00eca&#8220; genannt wurde: Zum See hin konnte er zum Schutz vor R\u00e4ubern komplett mit Holzmauern umschlossen werden. Bis zum 19. Jahrhundert reichte der See tats\u00e4chlich bis zur H\u00e4lfte, es gab noch kein Seeufer und die Bastionen der Villen am See endeten direkt im Wasser.<\/p>\n<p>&nbsp;<\/p>\n","protected":false},"excerpt":{"rendered":"","protected":false},"author":9,"featured_media":15944,"comment_status":"open","ping_status":"open","sticky":false,"template":"","format":"standard","meta":[],"categories":[5,6,3],"tags":[23,26,682,4774,343,4775],"news-destination":[],"news-source":[],"is_homepage":[],"ta_other":[],"featured_media_details":{"width":1200,"height":707,"file":"2024\/01\/carnevale-del-marciapie1-1.jpg","sizes":{"thumbnail":{"file":"carnevale-del-marciapie1-1-150x150.jpg","width":150,"height":150,"mime-type":"image\/jpeg","source_url":"https:\/\/www.gardaseezeitung.it\/gardaseezeitung_new\/de\/wp-content\/uploads\/sites\/2\/2024\/01\/carnevale-del-marciapie1-1-150x150.jpg"},"medium":{"file":"carnevale-del-marciapie1-1-300x177.jpg","width":300,"height":177,"mime-type":"image\/jpeg","source_url":"https:\/\/www.gardaseezeitung.it\/gardaseezeitung_new\/de\/wp-content\/uploads\/sites\/2\/2024\/01\/carnevale-del-marciapie1-1-300x177.jpg"},"medium_large":{"file":"carnevale-del-marciapie1-1-768x452.jpg","width":768,"height":452,"mime-type":"image\/jpeg","source_url":"https:\/\/www.gardaseezeitung.it\/gardaseezeitung_new\/de\/wp-content\/uploads\/sites\/2\/2024\/01\/carnevale-del-marciapie1-1-768x452.jpg"},"large":{"file":"carnevale-del-marciapie1-1-1024x603.jpg","width":1024,"height":603,"mime-type":"image\/jpeg","source_url":"https:\/\/www.gardaseezeitung.it\/gardaseezeitung_new\/de\/wp-content\/uploads\/sites\/2\/2024\/01\/carnevale-del-marciapie1-1-1024x603.jpg"},"big_image":{"file":"carnevale-del-marciapie1-1-750x442.jpg","width":750,"height":442,"mime-type":"image\/jpeg","source_url":"https:\/\/www.gardaseezeitung.it\/gardaseezeitung_new\/de\/wp-content\/uploads\/sites\/2\/2024\/01\/carnevale-del-marciapie1-1-750x442.jpg"},"guest-author-32":{"file":"carnevale-del-marciapie1-1-32x32.jpg","width":32,"height":32,"mime-type":"image\/jpeg","source_url":"https:\/\/www.gardaseezeitung.it\/gardaseezeitung_new\/de\/wp-content\/uploads\/sites\/2\/2024\/01\/carnevale-del-marciapie1-1-32x32.jpg"},"guest-author-50":{"file":"carnevale-del-marciapie1-1-50x50.jpg","width":50,"height":50,"mime-type":"image\/jpeg","source_url":"https:\/\/www.gardaseezeitung.it\/gardaseezeitung_new\/de\/wp-content\/uploads\/sites\/2\/2024\/01\/carnevale-del-marciapie1-1-50x50.jpg"},"guest-author-64":{"file":"carnevale-del-marciapie1-1-64x64.jpg","width":64,"height":64,"mime-type":"image\/jpeg","source_url":"https:\/\/www.gardaseezeitung.it\/gardaseezeitung_new\/de\/wp-content\/uploads\/sites\/2\/2024\/01\/carnevale-del-marciapie1-1-64x64.jpg"},"guest-author-96":{"file":"carnevale-del-marciapie1-1-96x96.jpg","width":96,"height":96,"mime-type":"image\/jpeg","source_url":"https:\/\/www.gardaseezeitung.it\/gardaseezeitung_new\/de\/wp-content\/uploads\/sites\/2\/2024\/01\/carnevale-del-marciapie1-1-96x96.jpg"},"guest-author-128":{"file":"carnevale-del-marciapie1-1-128x128.jpg","width":128,"height":128,"mime-type":"image\/jpeg","source_url":"https:\/\/www.gardaseezeitung.it\/gardaseezeitung_new\/de\/wp-content\/uploads\/sites\/2\/2024\/01\/carnevale-del-marciapie1-1-128x128.jpg"},"full":{"file":"carnevale-del-marciapie1-1.jpg","width":1200,"height":707,"mime_type":"","source_url":"https:\/\/www.gardaseezeitung.it\/gardaseezeitung_new\/de\/wp-content\/uploads\/sites\/2\/2024\/01\/carnevale-del-marciapie1-1.jpg"}},"image_meta":{"aperture":"0","credit":"","camera":"","caption":"","created_timestamp":"0","copyright":"","focal_length":"0","iso":"0","shutter_speed":"0","title":"","orientation":"0","keywords":[]}},"_links":{"self":[{"href":"https:\/\/www.gardaseezeitung.it\/gardaseezeitung_new\/de\/wp-json\/wp\/v2\/posts\/15945"}],"collection":[{"href":"https:\/\/www.gardaseezeitung.it\/gardaseezeitung_new\/de\/wp-json\/wp\/v2\/posts"}],"about":[{"href":"https:\/\/www.gardaseezeitung.it\/gardaseezeitung_new\/de\/wp-json\/wp\/v2\/types\/post"}],"author":[{"embeddable":true,"href":"https:\/\/www.gardaseezeitung.it\/gardaseezeitung_new\/de\/wp-json\/wp\/v2\/users\/9"}],"replies":[{"embeddable":true,"href":"https:\/\/www.gardaseezeitung.it\/gardaseezeitung_new\/de\/wp-json\/wp\/v2\/comments?post=15945"}],"version-history":[{"count":1,"href":"https:\/\/www.gardaseezeitung.it\/gardaseezeitung_new\/de\/wp-json\/wp\/v2\/posts\/15945\/revisions"}],"predecessor-version":[{"id":15948,"href":"https:\/\/www.gardaseezeitung.it\/gardaseezeitung_new\/de\/wp-json\/wp\/v2\/posts\/15945\/revisions\/15948"}],"wp:featuredmedia":[{"embeddable":true,"href":"https:\/\/www.gardaseezeitung.it\/gardaseezeitung_new\/de\/wp-json\/wp\/v2\/media\/15944"}],"wp:attachment":[{"href":"https:\/\/www.gardaseezeitung.it\/gardaseezeitung_new\/de\/wp-json\/wp\/v2\/media?parent=15945"}],"wp:term":[{"taxonomy":"category","embeddable":true,"href":"https:\/\/www.gardaseezeitung.it\/gardaseezeitung_new\/de\/wp-json\/wp\/v2\/categories?post=15945"},{"taxonomy":"post_tag","embeddable":true,"href":"https:\/\/www.gardaseezeitung.it\/gardaseezeitung_new\/de\/wp-json\/wp\/v2\/tags?post=15945"},{"taxonomy":"news-destination","embeddable":true,"href":"https:\/\/www.gardaseezeitung.it\/gardaseezeitung_new\/de\/wp-json\/wp\/v2\/news-destination?post=15945"},{"taxonomy":"news-source","embeddable":true,"href":"https:\/\/www.gardaseezeitung.it\/gardaseezeitung_new\/de\/wp-json\/wp\/v2\/news-source?post=15945"},{"taxonomy":"is_homepage","embeddable":true,"href":"https:\/\/www.gardaseezeitung.it\/gardaseezeitung_new\/de\/wp-json\/wp\/v2\/is_homepage?post=15945"},{"taxonomy":"ta_other","embeddable":true,"href":"https:\/\/www.gardaseezeitung.it\/gardaseezeitung_new\/de\/wp-json\/wp\/v2\/ta_other?post=15945"}],"curies":[{"name":"wp","href":"https:\/\/api.w.org\/{rel}","templated":true}]}}