{"id":16031,"date":"2024-02-15T12:25:14","date_gmt":"2024-02-15T11:25:14","guid":{"rendered":"http:\/\/euwps05.newsmemory.com\/gardaseezeitung_new\/de\/2024\/02\/15\/gardasee-zeitung-im-vertrieb-auf-der-f-re-e-messe-muenchen-bis-18-februar\/"},"modified":"2024-02-15T12:57:30","modified_gmt":"2024-02-15T11:57:30","slug":"gardasee-zeitung-im-vertrieb-auf-der-f-re-e-messe-muenchen-bis-18-februar","status":"publish","type":"post","link":"https:\/\/www.gardaseezeitung.it\/2024\/02\/15\/gardasee-zeitung-im-vertrieb-auf-der-f-re-e-messe-muenchen-bis-18-februar\/","title":{"rendered":"Gardasee Zeitung im Vertrieb auf der F.re.e Messe M\u00fcnchen bis 18. Februar"},"content":{"rendered":"<p>&nbsp;<\/p>\n<p>Traditionell wird die erste Ausgabe der Gardasee Zeitung des Jahres auf der F.re.e Messe M\u00fcnchen, der Tourismusmesse, die von heute bis Sonntag, 18. Februar, ge\u00f6ffnet ist, kostenlos verteilt. Sie finden die Gardasee Zeitung auch an den St\u00e4nden &#8222;Lago di Garda&#8220; und &#8222;LagodiGardaCamping&#8220;, ebenfalls in Halle A4.<\/p>\n<p>Bei dieser Gelegenheit m\u00f6chten wir Sie daran erinnern, dass die Februar-Ausgabe auch an ausgew\u00e4hlten Agip-Tankstellen in Bayern erh\u00e4ltlich ist.<\/p>\n<p>&nbsp;<\/p>\n<figure id=\"attachment_15731\" style=\"width: 640px\" class=\"wp-caption alignnone\"><img title=\"Gardasee Zeitung im Vertrieb auf der F.re.e Messe M\u00fcnchen bis 18. Februar\" loading=\"lazy\" class=\"wp-image-15731 size-large\" src=\"https:\/\/euwp05.newsmemory.com\/gardaseezeitung_new\/de\/wp-content\/uploads\/sites\/2\/2024\/02\/IMG_4813-1024x545.png\" alt=\"Gardasee Zeitung - F.re.e 2024\" width=\"640\" height=\"341\" \/><figcaption class=\"wp-caption-text\">Gardasee Zeitung am 2024 F.re.e Messe M\u00fcnchen<\/figcaption><\/figure>\n<figure id=\"attachment_15745\" style=\"width: 640px\" class=\"wp-caption alignleft\"><img title=\"Gardasee Zeitung im Vertrieb auf der F.re.e Messe M\u00fcnchen bis 18. Februar\" loading=\"lazy\" class=\"wp-image-15745 size-large\" src=\"https:\/\/euwp05.newsmemory.com\/gardaseezeitung_new\/de\/wp-content\/uploads\/sites\/2\/2024\/02\/IMG_4808-1024x525.png\" alt=\"Gardasee Zeitung am 2024 F.re.e Messe M\u00fcnchen\" width=\"640\" height=\"328\" \/><figcaption class=\"wp-caption-text\">Gardasee Zeitung am 2024 F.re.e Messe M\u00fcnchen<\/figcaption><\/figure>\n<figure id=\"attachment_15741\" style=\"width: 640px\" class=\"wp-caption alignnone\"><img title=\"Gardasee Zeitung im Vertrieb auf der F.re.e Messe M\u00fcnchen bis 18. Februar\" loading=\"lazy\" class=\"wp-image-15741 size-large\" src=\"https:\/\/euwp05.newsmemory.com\/gardaseezeitung_new\/de\/wp-content\/uploads\/sites\/2\/2024\/02\/IMG_4806-1024x591.png\" alt=\"Gardasee Zeitung am 2024 F.re.e Messe M\u00fcnchen\" width=\"640\" height=\"369\" \/><figcaption class=\"wp-caption-text\">Gardasee Zeitung am 2024 F.re.e Messe M\u00fcnchen<\/figcaption><\/figure>\n<figure id=\"attachment_15742\" style=\"width: 640px\" class=\"wp-caption alignleft\"><img title=\"Gardasee Zeitung im Vertrieb auf der F.re.e Messe M\u00fcnchen bis 18. Februar\" loading=\"lazy\" class=\"wp-image-15742 size-large\" src=\"https:\/\/euwp05.newsmemory.com\/gardaseezeitung_new\/de\/wp-content\/uploads\/sites\/2\/2024\/02\/IMG_4792-6-1024x517.png\" alt=\"Gardasee Zeitung am 2024 F.re.e Messe M\u00fcnchen\" width=\"640\" height=\"323\" \/><figcaption class=\"wp-caption-text\">Gardasee Zeitung am 2024 F.re.e Messe M\u00fcnchen<\/figcaption><\/figure>\n<div class=\"mceTemp\"><\/div>\n","protected":false},"excerpt":{"rendered":"<p>In Halle A4, Stand 328 k\u00f6nnen Sie sich Ihr kostenloses Ausgabe der Gardasee Zeitung Nr. 1\/2024 abholen<\/p>\n","protected":false},"author":9,"featured_media":16042,"comment_status":"open","ping_status":"open","sticky":false,"template":"","format":"standard","meta":[],"categories":[2,5,6],"tags":[4835,2019,4836,3563,4837,23,26,2080,973],"news-destination":[],"news-source":[],"is_homepage":[],"ta_other":[],"featured_media_details":{"width":1024,"height":584,"file":"2024\/02\/IMG_4780-3.png","sizes":{"thumbnail":{"file":"IMG_4780-3-150x150.png","width":150,"height":150,"mime-type":"image\/png","source_url":"https:\/\/www.gardaseezeitung.it\/gardaseezeitung_new\/de\/wp-content\/uploads\/sites\/2\/2024\/02\/IMG_4780-3-150x150.png"},"medium":{"file":"IMG_4780-3-300x171.png","width":300,"height":171,"mime-type":"image\/png","source_url":"https:\/\/www.gardaseezeitung.it\/gardaseezeitung_new\/de\/wp-content\/uploads\/sites\/2\/2024\/02\/IMG_4780-3-300x171.png"},"medium_large":{"file":"IMG_4780-3-768x438.png","width":768,"height":438,"mime-type":"image\/png","source_url":"https:\/\/www.gardaseezeitung.it\/gardaseezeitung_new\/de\/wp-content\/uploads\/sites\/2\/2024\/02\/IMG_4780-3-768x438.png"},"large":{"file":"IMG_4780-3-1024x584.png","width":1024,"height":584,"mime-type":"image\/png","source_url":"https:\/\/www.gardaseezeitung.it\/gardaseezeitung_new\/de\/wp-content\/uploads\/sites\/2\/2024\/02\/IMG_4780-3-1024x584.png"},"big_image":{"file":"IMG_4780-3-750x428.png","width":750,"height":428,"mime-type":"image\/png","source_url":"https:\/\/www.gardaseezeitung.it\/gardaseezeitung_new\/de\/wp-content\/uploads\/sites\/2\/2024\/02\/IMG_4780-3-750x428.png"},"guest-author-32":{"file":"IMG_4780-3-32x32.png","width":32,"height":32,"mime-type":"image\/png","source_url":"https:\/\/www.gardaseezeitung.it\/gardaseezeitung_new\/de\/wp-content\/uploads\/sites\/2\/2024\/02\/IMG_4780-3-32x32.png"},"guest-author-50":{"file":"IMG_4780-3-50x50.png","width":50,"height":50,"mime-type":"image\/png","source_url":"https:\/\/www.gardaseezeitung.it\/gardaseezeitung_new\/de\/wp-content\/uploads\/sites\/2\/2024\/02\/IMG_4780-3-50x50.png"},"guest-author-64":{"file":"IMG_4780-3-64x64.png","width":64,"height":64,"mime-type":"image\/png","source_url":"https:\/\/www.gardaseezeitung.it\/gardaseezeitung_new\/de\/wp-content\/uploads\/sites\/2\/2024\/02\/IMG_4780-3-64x64.png"},"guest-author-96":{"file":"IMG_4780-3-96x96.png","width":96,"height":96,"mime-type":"image\/png","source_url":"https:\/\/www.gardaseezeitung.it\/gardaseezeitung_new\/de\/wp-content\/uploads\/sites\/2\/2024\/02\/IMG_4780-3-96x96.png"},"guest-author-128":{"file":"IMG_4780-3-128x128.png","width":128,"height":128,"mime-type":"image\/png","source_url":"https:\/\/www.gardaseezeitung.it\/gardaseezeitung_new\/de\/wp-content\/uploads\/sites\/2\/2024\/02\/IMG_4780-3-128x128.png"},"full":{"file":"IMG_4780-3.png","width":1024,"height":584,"mime_type":"","source_url":"https:\/\/www.gardaseezeitung.it\/gardaseezeitung_new\/de\/wp-content\/uploads\/sites\/2\/2024\/02\/IMG_4780-3.png"}},"image_meta":{"aperture":"0","credit":"","camera":"","caption":"","created_timestamp":"0","copyright":"","focal_length":"0","iso":"0","shutter_speed":"0","title":"","orientation":"0","keywords":[]}},"_links":{"self":[{"href":"https:\/\/www.gardaseezeitung.it\/gardaseezeitung_new\/de\/wp-json\/wp\/v2\/posts\/16031"}],"collection":[{"href":"https:\/\/www.gardaseezeitung.it\/gardaseezeitung_new\/de\/wp-json\/wp\/v2\/posts"}],"about":[{"href":"https:\/\/www.gardaseezeitung.it\/gardaseezeitung_new\/de\/wp-json\/wp\/v2\/types\/post"}],"author":[{"embeddable":true,"href":"https:\/\/www.gardaseezeitung.it\/gardaseezeitung_new\/de\/wp-json\/wp\/v2\/users\/9"}],"replies":[{"embeddable":true,"href":"https:\/\/www.gardaseezeitung.it\/gardaseezeitung_new\/de\/wp-json\/wp\/v2\/comments?post=16031"}],"version-history":[{"count":5,"href":"https:\/\/www.gardaseezeitung.it\/gardaseezeitung_new\/de\/wp-json\/wp\/v2\/posts\/16031\/revisions"}],"predecessor-version":[{"id":16560,"href":"https:\/\/www.gardaseezeitung.it\/gardaseezeitung_new\/de\/wp-json\/wp\/v2\/posts\/16031\/revisions\/16560"}],"wp:featuredmedia":[{"embeddable":true,"href":"https:\/\/www.gardaseezeitung.it\/gardaseezeitung_new\/de\/wp-json\/wp\/v2\/media\/16042"}],"wp:attachment":[{"href":"https:\/\/www.gardaseezeitung.it\/gardaseezeitung_new\/de\/wp-json\/wp\/v2\/media?parent=16031"}],"wp:term":[{"taxonomy":"category","embeddable":true,"href":"https:\/\/www.gardaseezeitung.it\/gardaseezeitung_new\/de\/wp-json\/wp\/v2\/categories?post=16031"},{"taxonomy":"post_tag","embeddable":true,"href":"https:\/\/www.gardaseezeitung.it\/gardaseezeitung_new\/de\/wp-json\/wp\/v2\/tags?post=16031"},{"taxonomy":"news-destination","embeddable":true,"href":"https:\/\/www.gardaseezeitung.it\/gardaseezeitung_new\/de\/wp-json\/wp\/v2\/news-destination?post=16031"},{"taxonomy":"news-source","embeddable":true,"href":"https:\/\/www.gardaseezeitung.it\/gardaseezeitung_new\/de\/wp-json\/wp\/v2\/news-source?post=16031"},{"taxonomy":"is_homepage","embeddable":true,"href":"https:\/\/www.gardaseezeitung.it\/gardaseezeitung_new\/de\/wp-json\/wp\/v2\/is_homepage?post=16031"},{"taxonomy":"ta_other","embeddable":true,"href":"https:\/\/www.gardaseezeitung.it\/gardaseezeitung_new\/de\/wp-json\/wp\/v2\/ta_other?post=16031"}],"curies":[{"name":"wp","href":"https:\/\/api.w.org\/{rel}","templated":true}]}}