{"id":16099,"date":"2024-03-05T09:23:22","date_gmt":"2024-03-05T08:23:22","guid":{"rendered":"http:\/\/euwps05.newsmemory.com\/gardaseezeitung_new\/de\/2024\/03\/05\/bardolino-neuer-indoor-padelplatz-im-februar-eingeweiht\/"},"modified":"2024-03-05T09:23:26","modified_gmt":"2023-10-07T09:23:26","slug":"bardolino-neuer-indoor-padelplatz-im-februar-eingeweiht","status":"publish","type":"post","link":"https:\/\/www.gardaseezeitung.it\/2024\/03\/05\/bardolino-neuer-indoor-padelplatz-im-februar-eingeweiht\/","title":{"rendered":"Bardolino, neuer Indoor-Padelplatz im Februar eingeweiht"},"content":{"rendered":"<p>&nbsp;<\/p>\n<p>Um auf den Platz zu gelangen, musst du dich an der Circolo Tennis Bar anmelden (du brauchst kein Mitglied zu sein). F\u00fcr eineinhalb Stunden Spielzeit werden 10 Euro pro Spieler f\u00e4llig, und es besteht die M\u00f6glichkeit, Schl\u00e4ger zu mieten und eventuell von einem Lehrer begleitet zu werden.<\/p>\n<p>&nbsp;<\/p>\n","protected":false},"excerpt":{"rendered":"<p>Der neue Indoor-Padelplatz befindet sich in Bardolino, im Sportzentrum in der Via dello Sport<\/p>\n","protected":false},"author":9,"featured_media":16098,"comment_status":"open","ping_status":"open","sticky":false,"template":"","format":"standard","meta":[],"categories":[2,3],"tags":[50,23,26,4863],"news-destination":[],"news-source":[],"is_homepage":[],"ta_other":[],"featured_media_details":{"width":1280,"height":853,"file":"2024\/03\/padel-6322450_1280.jpg","sizes":{"thumbnail":{"file":"padel-6322450_1280-150x150.jpg","width":150,"height":150,"mime-type":"image\/jpeg","source_url":"https:\/\/www.gardaseezeitung.it\/gardaseezeitung_new\/de\/wp-content\/uploads\/sites\/2\/2024\/03\/padel-6322450_1280-150x150.jpg"},"medium":{"file":"padel-6322450_1280-300x200.jpg","width":300,"height":200,"mime-type":"image\/jpeg","source_url":"https:\/\/www.gardaseezeitung.it\/gardaseezeitung_new\/de\/wp-content\/uploads\/sites\/2\/2024\/03\/padel-6322450_1280-300x200.jpg"},"medium_large":{"file":"padel-6322450_1280-768x512.jpg","width":768,"height":512,"mime-type":"image\/jpeg","source_url":"https:\/\/www.gardaseezeitung.it\/gardaseezeitung_new\/de\/wp-content\/uploads\/sites\/2\/2024\/03\/padel-6322450_1280-768x512.jpg"},"large":{"file":"padel-6322450_1280-1024x682.jpg","width":1024,"height":682,"mime-type":"image\/jpeg","source_url":"https:\/\/www.gardaseezeitung.it\/gardaseezeitung_new\/de\/wp-content\/uploads\/sites\/2\/2024\/03\/padel-6322450_1280-1024x682.jpg"},"big_image":{"file":"padel-6322450_1280-750x500.jpg","width":750,"height":500,"mime-type":"image\/jpeg","source_url":"https:\/\/www.gardaseezeitung.it\/gardaseezeitung_new\/de\/wp-content\/uploads\/sites\/2\/2024\/03\/padel-6322450_1280-750x500.jpg"},"guest-author-32":{"file":"padel-6322450_1280-32x32.jpg","width":32,"height":32,"mime-type":"image\/jpeg","source_url":"https:\/\/www.gardaseezeitung.it\/gardaseezeitung_new\/de\/wp-content\/uploads\/sites\/2\/2024\/03\/padel-6322450_1280-32x32.jpg"},"guest-author-50":{"file":"padel-6322450_1280-50x50.jpg","width":50,"height":50,"mime-type":"image\/jpeg","source_url":"https:\/\/www.gardaseezeitung.it\/gardaseezeitung_new\/de\/wp-content\/uploads\/sites\/2\/2024\/03\/padel-6322450_1280-50x50.jpg"},"guest-author-64":{"file":"padel-6322450_1280-64x64.jpg","width":64,"height":64,"mime-type":"image\/jpeg","source_url":"https:\/\/www.gardaseezeitung.it\/gardaseezeitung_new\/de\/wp-content\/uploads\/sites\/2\/2024\/03\/padel-6322450_1280-64x64.jpg"},"guest-author-96":{"file":"padel-6322450_1280-96x96.jpg","width":96,"height":96,"mime-type":"image\/jpeg","source_url":"https:\/\/www.gardaseezeitung.it\/gardaseezeitung_new\/de\/wp-content\/uploads\/sites\/2\/2024\/03\/padel-6322450_1280-96x96.jpg"},"guest-author-128":{"file":"padel-6322450_1280-128x128.jpg","width":128,"height":128,"mime-type":"image\/jpeg","source_url":"https:\/\/www.gardaseezeitung.it\/gardaseezeitung_new\/de\/wp-content\/uploads\/sites\/2\/2024\/03\/padel-6322450_1280-128x128.jpg"},"full":{"file":"padel-6322450_1280.jpg","width":1280,"height":853,"mime_type":"","source_url":"https:\/\/www.gardaseezeitung.it\/gardaseezeitung_new\/de\/wp-content\/uploads\/sites\/2\/2024\/03\/padel-6322450_1280.jpg"}},"image_meta":{"aperture":"0","credit":"","camera":"","caption":"","created_timestamp":"0","copyright":"","focal_length":"0","iso":"0","shutter_speed":"0","title":"","orientation":"0","keywords":[]}},"_links":{"self":[{"href":"https:\/\/www.gardaseezeitung.it\/gardaseezeitung_new\/de\/wp-json\/wp\/v2\/posts\/16099"}],"collection":[{"href":"https:\/\/www.gardaseezeitung.it\/gardaseezeitung_new\/de\/wp-json\/wp\/v2\/posts"}],"about":[{"href":"https:\/\/www.gardaseezeitung.it\/gardaseezeitung_new\/de\/wp-json\/wp\/v2\/types\/post"}],"author":[{"embeddable":true,"href":"https:\/\/www.gardaseezeitung.it\/gardaseezeitung_new\/de\/wp-json\/wp\/v2\/users\/9"}],"replies":[{"embeddable":true,"href":"https:\/\/www.gardaseezeitung.it\/gardaseezeitung_new\/de\/wp-json\/wp\/v2\/comments?post=16099"}],"version-history":[{"count":1,"href":"https:\/\/www.gardaseezeitung.it\/gardaseezeitung_new\/de\/wp-json\/wp\/v2\/posts\/16099\/revisions"}],"predecessor-version":[{"id":16102,"href":"https:\/\/www.gardaseezeitung.it\/gardaseezeitung_new\/de\/wp-json\/wp\/v2\/posts\/16099\/revisions\/16102"}],"wp:featuredmedia":[{"embeddable":true,"href":"https:\/\/www.gardaseezeitung.it\/gardaseezeitung_new\/de\/wp-json\/wp\/v2\/media\/16098"}],"wp:attachment":[{"href":"https:\/\/www.gardaseezeitung.it\/gardaseezeitung_new\/de\/wp-json\/wp\/v2\/media?parent=16099"}],"wp:term":[{"taxonomy":"category","embeddable":true,"href":"https:\/\/www.gardaseezeitung.it\/gardaseezeitung_new\/de\/wp-json\/wp\/v2\/categories?post=16099"},{"taxonomy":"post_tag","embeddable":true,"href":"https:\/\/www.gardaseezeitung.it\/gardaseezeitung_new\/de\/wp-json\/wp\/v2\/tags?post=16099"},{"taxonomy":"news-destination","embeddable":true,"href":"https:\/\/www.gardaseezeitung.it\/gardaseezeitung_new\/de\/wp-json\/wp\/v2\/news-destination?post=16099"},{"taxonomy":"news-source","embeddable":true,"href":"https:\/\/www.gardaseezeitung.it\/gardaseezeitung_new\/de\/wp-json\/wp\/v2\/news-source?post=16099"},{"taxonomy":"is_homepage","embeddable":true,"href":"https:\/\/www.gardaseezeitung.it\/gardaseezeitung_new\/de\/wp-json\/wp\/v2\/is_homepage?post=16099"},{"taxonomy":"ta_other","embeddable":true,"href":"https:\/\/www.gardaseezeitung.it\/gardaseezeitung_new\/de\/wp-json\/wp\/v2\/ta_other?post=16099"}],"curies":[{"name":"wp","href":"https:\/\/api.w.org\/{rel}","templated":true}]}}