{"id":16128,"date":"2024-04-04T00:13:59","date_gmt":"2024-04-03T22:13:59","guid":{"rendered":"http:\/\/euwps05.newsmemory.com\/gardaseezeitung_new\/de\/2024\/04\/04\/verona-vier-termine-mit-brahms-im-teatro-filarmonico\/"},"modified":"2024-04-04T00:14:50","modified_gmt":"2024-04-03T22:14:50","slug":"verona-vier-termine-mit-brahms-im-teatro-filarmonico","status":"publish","type":"post","link":"https:\/\/www.gardaseezeitung.it\/2024\/04\/04\/verona-vier-termine-mit-brahms-im-teatro-filarmonico\/","title":{"rendered":"In Verona, vier Termine mit Brahms im Teatro Filarmonico"},"content":{"rendered":"<p>&nbsp;<\/p>\n<p>Es wird ein Fr\u00fchling in Verona, der Johannes Brahms gewidmet ist. Die Fondazione Arena pr\u00e4sentiert in vier Terminen alle Sinfonien und Konzerte des deutschen Komponisten mit aufstrebenden Dirigenten und international renommierten Solisten. Die vier Programme, die alle an Doppelterminen freitags um 20 Uhr und samstags um 17 Uhr stattfinden, k\u00f6nnen einzeln oder in einem besonders g\u00fcnstigen Carnet erworben werden, mit speziellen Erm\u00e4\u00dfigungen f\u00fcr Personen unter 30 Jahren: eine un\u00fcbersehbare Gelegenheit f\u00fcr alle Musikliebhaber und f\u00fcr alle, die gro\u00dfe Musik und das Teatro Filarmonico entdecken wollen.<\/p>\n<p>Das Programm<\/p>\n<p>5.-6. April<br \/>\nDer erste Termin ist den hellsten jungen Talenten der italienischen Sinfonieszene anvertraut: das d\u00e4mmrige <em>Doppio-Konzert f\u00fcr Violine, Cello und Orchester<\/em> mit Giovanni Andrea Zanon und Luca Giovannini unter der Leitung des sehr jungen Dirigenten Diego Ceretta, der sein Deb\u00fct mit dem Fondazione Arena Orchestra gibt. Au\u00dferdem steht die <em>erste Sinfonie in c-Moll<\/em> auf dem Programm, das Werk, das Brahms in der \u00d6ffentlichkeit als Beethovens Erbe bekannt machte, so sehr, dass es &#8222;die Zehnte&#8220; genannt wurde.<\/p>\n<p>12.-13. April<br \/>\nAm zweiten Termin steht die <em>zweite Sinfonie in D-Dur<\/em> auf dem Programm, die das Licht und die Schatten der Natur heraufbeschw\u00f6rt, zwischen Ungest\u00fcm und fast pastoraler Idylle. Der Schweizer Christoph-Mathias Mueller dirigiert das Arena Orchestra zum ersten Mal bei der Sinfonie und dem spektakul\u00e4ren <em>Konzert f\u00fcr Violine und Orchester<\/em>, bei dem der Solist einer der weltbesten Geiger der letzten vierzig Jahre sein wird: Frank Peter Zimmermann.<\/p>\n<p>3.-4. Mai<br \/>\nAuf dem Programm steht die kraftvolle und sehr pers\u00f6nliche <em>dritte Sinfonie in F-Dur<\/em>, die das vielleicht ber\u00fchmteste St\u00fcck in Brahmsis gesamter Produktion f\u00fcr gro\u00dfes Ensemble enth\u00e4lt. Am Pult des Fondazione Arena Orchestra steht wieder Franz Schottky, der auch das unvergessliche Zweite Klavierkonzert begleiten wird, einen H\u00f6hepunkt des Genres, der f\u00fcr das Publikum h\u00f6chst vergn\u00fcglich, f\u00fcr den Solisten aber \u00e4u\u00dferst schwierig zu spielen ist: Der Pianist Pietro De Maria wird ein au\u00dfergew\u00f6hnlicher K\u00fcnstler sein.<\/p>\n<p>10-11 Mai<br \/>\nDen Abschluss des Brahms gewidmeten Zyklus bildet die letzte Sinfonie des Hamburger Maestros, die seinem ersten gro\u00dfen Konzertst\u00fcck gegen\u00fcbergestellt wird: Maestro Eckehard Stier wird nach dem Erfolg der sinfonischen Er\u00f6ffnung 2023 zur\u00fcckkehren und das Fondazione Arena Orchestra in der <em>Vierten Sinfonie in e-Moll<\/em> dirigieren, einem Meisterwerk, in dem die Erfahrung eines Lebens mit der Poesie des Herbstes verbunden ist. Abgerundet wird das Programm durch das titanische <em>Erste Klavierkonzert<\/em>, bei dem die gefeierte Lilya Zilberstein als Solistin auftreten wird.<\/p>\n<p>Informationen und Tickets<br \/>\nDie Karten f\u00fcr die einzelnen Konzerte kosten zwischen 10 und 26 \u20ac, das praktische Carnet f\u00fcr alle vier Termine ist f\u00fcr 88 \u20ac erh\u00e4ltlich, mit dem neuen Sondertarif von 20 \u20ac f\u00fcr alle unter 30-J\u00e4hrigen, der j\u00fcngeren Menschen das immense k\u00fcnstlerische Erbe des Teatro Filarmonico n\u00e4her bringen soll. Tickets, Abonnements und Carnets sind unter www.arena.it\/it\/teatro-filarmonico, an der Arena-Kasse und zwei Stunden vor jedem Konzert an der Kasse im Teatro Filarmonico in der Via Mutilati erh\u00e4ltlich.<\/p>\n<p>&nbsp;<\/p>\n","protected":false},"excerpt":{"rendered":"<p>Ab dem 5. April vier Doppeltermine mit jungen Talenten, mit Spannung erwarteten Deb\u00fcts und herausragenden Solisten: Zanon, Zimmermann, De Maria, Zilberstein und viele andere international bekannte K\u00fcnstler<\/p>\n","protected":false},"author":9,"featured_media":16127,"comment_status":"open","ping_status":"open","sticky":false,"template":"","format":"standard","meta":[],"categories":[2,4],"tags":[2438,4872,4873,4874,636,4875,4876,23,26,142,4877,4878,4879,277,38],"news-destination":[],"news-source":[],"is_homepage":[],"ta_other":[],"featured_media_details":{"width":1140,"height":760,"file":"2024\/04\/brahms-secondo-a-nessuno_large.jpg","sizes":{"thumbnail":{"file":"brahms-secondo-a-nessuno_large-150x150.jpg","width":150,"height":150,"mime-type":"image\/jpeg","source_url":"https:\/\/www.gardaseezeitung.it\/gardaseezeitung_new\/de\/wp-content\/uploads\/sites\/2\/2024\/04\/brahms-secondo-a-nessuno_large-150x150.jpg"},"medium":{"file":"brahms-secondo-a-nessuno_large-300x200.jpg","width":300,"height":200,"mime-type":"image\/jpeg","source_url":"https:\/\/www.gardaseezeitung.it\/gardaseezeitung_new\/de\/wp-content\/uploads\/sites\/2\/2024\/04\/brahms-secondo-a-nessuno_large-300x200.jpg"},"medium_large":{"file":"brahms-secondo-a-nessuno_large-768x512.jpg","width":768,"height":512,"mime-type":"image\/jpeg","source_url":"https:\/\/www.gardaseezeitung.it\/gardaseezeitung_new\/de\/wp-content\/uploads\/sites\/2\/2024\/04\/brahms-secondo-a-nessuno_large-768x512.jpg"},"large":{"file":"brahms-secondo-a-nessuno_large-1024x683.jpg","width":1024,"height":683,"mime-type":"image\/jpeg","source_url":"https:\/\/www.gardaseezeitung.it\/gardaseezeitung_new\/de\/wp-content\/uploads\/sites\/2\/2024\/04\/brahms-secondo-a-nessuno_large-1024x683.jpg"},"big_image":{"file":"brahms-secondo-a-nessuno_large-750x500.jpg","width":750,"height":500,"mime-type":"image\/jpeg","source_url":"https:\/\/www.gardaseezeitung.it\/gardaseezeitung_new\/de\/wp-content\/uploads\/sites\/2\/2024\/04\/brahms-secondo-a-nessuno_large-750x500.jpg"},"guest-author-32":{"file":"brahms-secondo-a-nessuno_large-32x32.jpg","width":32,"height":32,"mime-type":"image\/jpeg","source_url":"https:\/\/www.gardaseezeitung.it\/gardaseezeitung_new\/de\/wp-content\/uploads\/sites\/2\/2024\/04\/brahms-secondo-a-nessuno_large-32x32.jpg"},"guest-author-50":{"file":"brahms-secondo-a-nessuno_large-50x50.jpg","width":50,"height":50,"mime-type":"image\/jpeg","source_url":"https:\/\/www.gardaseezeitung.it\/gardaseezeitung_new\/de\/wp-content\/uploads\/sites\/2\/2024\/04\/brahms-secondo-a-nessuno_large-50x50.jpg"},"guest-author-64":{"file":"brahms-secondo-a-nessuno_large-64x64.jpg","width":64,"height":64,"mime-type":"image\/jpeg","source_url":"https:\/\/www.gardaseezeitung.it\/gardaseezeitung_new\/de\/wp-content\/uploads\/sites\/2\/2024\/04\/brahms-secondo-a-nessuno_large-64x64.jpg"},"guest-author-96":{"file":"brahms-secondo-a-nessuno_large-96x96.jpg","width":96,"height":96,"mime-type":"image\/jpeg","source_url":"https:\/\/www.gardaseezeitung.it\/gardaseezeitung_new\/de\/wp-content\/uploads\/sites\/2\/2024\/04\/brahms-secondo-a-nessuno_large-96x96.jpg"},"guest-author-128":{"file":"brahms-secondo-a-nessuno_large-128x128.jpg","width":128,"height":128,"mime-type":"image\/jpeg","source_url":"https:\/\/www.gardaseezeitung.it\/gardaseezeitung_new\/de\/wp-content\/uploads\/sites\/2\/2024\/04\/brahms-secondo-a-nessuno_large-128x128.jpg"},"full":{"file":"brahms-secondo-a-nessuno_large.jpg","width":1140,"height":760,"mime_type":"","source_url":"https:\/\/www.gardaseezeitung.it\/gardaseezeitung_new\/de\/wp-content\/uploads\/sites\/2\/2024\/04\/brahms-secondo-a-nessuno_large.jpg"}},"image_meta":{"aperture":"0","credit":"","camera":"","caption":"","created_timestamp":"0","copyright":"","focal_length":"0","iso":"0","shutter_speed":"0","title":"","orientation":"0","keywords":[]}},"_links":{"self":[{"href":"https:\/\/www.gardaseezeitung.it\/gardaseezeitung_new\/de\/wp-json\/wp\/v2\/posts\/16128"}],"collection":[{"href":"https:\/\/www.gardaseezeitung.it\/gardaseezeitung_new\/de\/wp-json\/wp\/v2\/posts"}],"about":[{"href":"https:\/\/www.gardaseezeitung.it\/gardaseezeitung_new\/de\/wp-json\/wp\/v2\/types\/post"}],"author":[{"embeddable":true,"href":"https:\/\/www.gardaseezeitung.it\/gardaseezeitung_new\/de\/wp-json\/wp\/v2\/users\/9"}],"replies":[{"embeddable":true,"href":"https:\/\/www.gardaseezeitung.it\/gardaseezeitung_new\/de\/wp-json\/wp\/v2\/comments?post=16128"}],"version-history":[{"count":1,"href":"https:\/\/www.gardaseezeitung.it\/gardaseezeitung_new\/de\/wp-json\/wp\/v2\/posts\/16128\/revisions"}],"predecessor-version":[{"id":16129,"href":"https:\/\/www.gardaseezeitung.it\/gardaseezeitung_new\/de\/wp-json\/wp\/v2\/posts\/16128\/revisions\/16129"}],"wp:featuredmedia":[{"embeddable":true,"href":"https:\/\/www.gardaseezeitung.it\/gardaseezeitung_new\/de\/wp-json\/wp\/v2\/media\/16127"}],"wp:attachment":[{"href":"https:\/\/www.gardaseezeitung.it\/gardaseezeitung_new\/de\/wp-json\/wp\/v2\/media?parent=16128"}],"wp:term":[{"taxonomy":"category","embeddable":true,"href":"https:\/\/www.gardaseezeitung.it\/gardaseezeitung_new\/de\/wp-json\/wp\/v2\/categories?post=16128"},{"taxonomy":"post_tag","embeddable":true,"href":"https:\/\/www.gardaseezeitung.it\/gardaseezeitung_new\/de\/wp-json\/wp\/v2\/tags?post=16128"},{"taxonomy":"news-destination","embeddable":true,"href":"https:\/\/www.gardaseezeitung.it\/gardaseezeitung_new\/de\/wp-json\/wp\/v2\/news-destination?post=16128"},{"taxonomy":"news-source","embeddable":true,"href":"https:\/\/www.gardaseezeitung.it\/gardaseezeitung_new\/de\/wp-json\/wp\/v2\/news-source?post=16128"},{"taxonomy":"is_homepage","embeddable":true,"href":"https:\/\/www.gardaseezeitung.it\/gardaseezeitung_new\/de\/wp-json\/wp\/v2\/is_homepage?post=16128"},{"taxonomy":"ta_other","embeddable":true,"href":"https:\/\/www.gardaseezeitung.it\/gardaseezeitung_new\/de\/wp-json\/wp\/v2\/ta_other?post=16128"}],"curies":[{"name":"wp","href":"https:\/\/api.w.org\/{rel}","templated":true}]}}