{"id":16133,"date":"2024-05-09T00:50:00","date_gmt":"2024-05-08T22:50:00","guid":{"rendered":"http:\/\/euwps05.newsmemory.com\/gardaseezeitung_new\/de\/2024\/05\/09\/verona-letzter-termin-mit-brahms-im-teatro-filarmonico\/"},"modified":"2024-05-09T00:51:09","modified_gmt":"2024-05-08T22:51:09","slug":"verona-letzter-termin-mit-brahms-im-teatro-filarmonico","status":"publish","type":"post","link":"https:\/\/www.gardaseezeitung.it\/2024\/05\/09\/verona-letzter-termin-mit-brahms-im-teatro-filarmonico\/","title":{"rendered":"In Verona, letzter Termin mit Brahms im Teatro Filarmonico"},"content":{"rendered":"<p>&nbsp;<\/p>\n<p>Am Freitag um 20 Uhr und am Samstag um 17 Uhr, die Fondazione Arena pr\u00e4sentiert die Sinfonien und Konzerte des deutschen Komponisten mit aufstrebenden Dirigenten und international renommierten Solisten.<\/p>\n<p>Den Abschluss des Brahms gewidmeten Zyklus bildet die letzte Sinfonie des Hamburger Maestros, die seinem ersten gro\u00dfen Konzertst\u00fcck gegen\u00fcbergestellt wird: Maestro Eckehard Stier wird nach dem Erfolg der sinfonischen Er\u00f6ffnung 2023 zur\u00fcckkehren und das Fondazione Arena Orchestra in der Vierten Sinfonie in e-Moll dirigieren, einem Meisterwerk, in dem die Erfahrung eines Lebens mit der Poesie des Herbstes verbunden ist. Abgerundet wird das Programm durch das titanische Erste Klavierkonzert, bei dem die gefeierte Lilya Zilberstein als Solistin auftreten wird.<\/p>\n<p>Informationen und Tickets<br \/>\nDie Karten f\u00fcr die einzelnen Konzerte kosten zwischen 10 und 26 \u20ac. Tickets, Abonnements und Carnets sind unter www.arena.it\/it\/teatro-filarmonico, an der Arena-Kasse und zwei Stunden vor jedem Konzert an der Kasse im Teatro Filarmonico in der Via Mutilati erh\u00e4ltlich.<\/p>\n","protected":false},"excerpt":{"rendered":"","protected":false},"author":9,"featured_media":16127,"comment_status":"open","ping_status":"open","sticky":false,"template":"","format":"standard","meta":[],"categories":[2,4,6],"tags":[4872,4874,636,4880,4876,23,26,2273,4877,4879,38],"news-destination":[],"news-source":[],"is_homepage":[],"ta_other":[],"featured_media_details":{"width":1140,"height":760,"file":"2024\/04\/brahms-secondo-a-nessuno_large.jpg","sizes":{"thumbnail":{"file":"brahms-secondo-a-nessuno_large-150x150.jpg","width":150,"height":150,"mime-type":"image\/jpeg","source_url":"https:\/\/www.gardaseezeitung.it\/gardaseezeitung_new\/de\/wp-content\/uploads\/sites\/2\/2024\/04\/brahms-secondo-a-nessuno_large-150x150.jpg"},"medium":{"file":"brahms-secondo-a-nessuno_large-300x200.jpg","width":300,"height":200,"mime-type":"image\/jpeg","source_url":"https:\/\/www.gardaseezeitung.it\/gardaseezeitung_new\/de\/wp-content\/uploads\/sites\/2\/2024\/04\/brahms-secondo-a-nessuno_large-300x200.jpg"},"medium_large":{"file":"brahms-secondo-a-nessuno_large-768x512.jpg","width":768,"height":512,"mime-type":"image\/jpeg","source_url":"https:\/\/www.gardaseezeitung.it\/gardaseezeitung_new\/de\/wp-content\/uploads\/sites\/2\/2024\/04\/brahms-secondo-a-nessuno_large-768x512.jpg"},"large":{"file":"brahms-secondo-a-nessuno_large-1024x683.jpg","width":1024,"height":683,"mime-type":"image\/jpeg","source_url":"https:\/\/www.gardaseezeitung.it\/gardaseezeitung_new\/de\/wp-content\/uploads\/sites\/2\/2024\/04\/brahms-secondo-a-nessuno_large-1024x683.jpg"},"big_image":{"file":"brahms-secondo-a-nessuno_large-750x500.jpg","width":750,"height":500,"mime-type":"image\/jpeg","source_url":"https:\/\/www.gardaseezeitung.it\/gardaseezeitung_new\/de\/wp-content\/uploads\/sites\/2\/2024\/04\/brahms-secondo-a-nessuno_large-750x500.jpg"},"guest-author-32":{"file":"brahms-secondo-a-nessuno_large-32x32.jpg","width":32,"height":32,"mime-type":"image\/jpeg","source_url":"https:\/\/www.gardaseezeitung.it\/gardaseezeitung_new\/de\/wp-content\/uploads\/sites\/2\/2024\/04\/brahms-secondo-a-nessuno_large-32x32.jpg"},"guest-author-50":{"file":"brahms-secondo-a-nessuno_large-50x50.jpg","width":50,"height":50,"mime-type":"image\/jpeg","source_url":"https:\/\/www.gardaseezeitung.it\/gardaseezeitung_new\/de\/wp-content\/uploads\/sites\/2\/2024\/04\/brahms-secondo-a-nessuno_large-50x50.jpg"},"guest-author-64":{"file":"brahms-secondo-a-nessuno_large-64x64.jpg","width":64,"height":64,"mime-type":"image\/jpeg","source_url":"https:\/\/www.gardaseezeitung.it\/gardaseezeitung_new\/de\/wp-content\/uploads\/sites\/2\/2024\/04\/brahms-secondo-a-nessuno_large-64x64.jpg"},"guest-author-96":{"file":"brahms-secondo-a-nessuno_large-96x96.jpg","width":96,"height":96,"mime-type":"image\/jpeg","source_url":"https:\/\/www.gardaseezeitung.it\/gardaseezeitung_new\/de\/wp-content\/uploads\/sites\/2\/2024\/04\/brahms-secondo-a-nessuno_large-96x96.jpg"},"guest-author-128":{"file":"brahms-secondo-a-nessuno_large-128x128.jpg","width":128,"height":128,"mime-type":"image\/jpeg","source_url":"https:\/\/www.gardaseezeitung.it\/gardaseezeitung_new\/de\/wp-content\/uploads\/sites\/2\/2024\/04\/brahms-secondo-a-nessuno_large-128x128.jpg"},"full":{"file":"brahms-secondo-a-nessuno_large.jpg","width":1140,"height":760,"mime_type":"","source_url":"https:\/\/www.gardaseezeitung.it\/gardaseezeitung_new\/de\/wp-content\/uploads\/sites\/2\/2024\/04\/brahms-secondo-a-nessuno_large.jpg"}},"image_meta":{"aperture":"0","credit":"","camera":"","caption":"","created_timestamp":"0","copyright":"","focal_length":"0","iso":"0","shutter_speed":"0","title":"","orientation":"0","keywords":[]}},"_links":{"self":[{"href":"https:\/\/www.gardaseezeitung.it\/gardaseezeitung_new\/de\/wp-json\/wp\/v2\/posts\/16133"}],"collection":[{"href":"https:\/\/www.gardaseezeitung.it\/gardaseezeitung_new\/de\/wp-json\/wp\/v2\/posts"}],"about":[{"href":"https:\/\/www.gardaseezeitung.it\/gardaseezeitung_new\/de\/wp-json\/wp\/v2\/types\/post"}],"author":[{"embeddable":true,"href":"https:\/\/www.gardaseezeitung.it\/gardaseezeitung_new\/de\/wp-json\/wp\/v2\/users\/9"}],"replies":[{"embeddable":true,"href":"https:\/\/www.gardaseezeitung.it\/gardaseezeitung_new\/de\/wp-json\/wp\/v2\/comments?post=16133"}],"version-history":[{"count":2,"href":"https:\/\/www.gardaseezeitung.it\/gardaseezeitung_new\/de\/wp-json\/wp\/v2\/posts\/16133\/revisions"}],"predecessor-version":[{"id":16138,"href":"https:\/\/www.gardaseezeitung.it\/gardaseezeitung_new\/de\/wp-json\/wp\/v2\/posts\/16133\/revisions\/16138"}],"wp:featuredmedia":[{"embeddable":true,"href":"https:\/\/www.gardaseezeitung.it\/gardaseezeitung_new\/de\/wp-json\/wp\/v2\/media\/16127"}],"wp:attachment":[{"href":"https:\/\/www.gardaseezeitung.it\/gardaseezeitung_new\/de\/wp-json\/wp\/v2\/media?parent=16133"}],"wp:term":[{"taxonomy":"category","embeddable":true,"href":"https:\/\/www.gardaseezeitung.it\/gardaseezeitung_new\/de\/wp-json\/wp\/v2\/categories?post=16133"},{"taxonomy":"post_tag","embeddable":true,"href":"https:\/\/www.gardaseezeitung.it\/gardaseezeitung_new\/de\/wp-json\/wp\/v2\/tags?post=16133"},{"taxonomy":"news-destination","embeddable":true,"href":"https:\/\/www.gardaseezeitung.it\/gardaseezeitung_new\/de\/wp-json\/wp\/v2\/news-destination?post=16133"},{"taxonomy":"news-source","embeddable":true,"href":"https:\/\/www.gardaseezeitung.it\/gardaseezeitung_new\/de\/wp-json\/wp\/v2\/news-source?post=16133"},{"taxonomy":"is_homepage","embeddable":true,"href":"https:\/\/www.gardaseezeitung.it\/gardaseezeitung_new\/de\/wp-json\/wp\/v2\/is_homepage?post=16133"},{"taxonomy":"ta_other","embeddable":true,"href":"https:\/\/www.gardaseezeitung.it\/gardaseezeitung_new\/de\/wp-json\/wp\/v2\/ta_other?post=16133"}],"curies":[{"name":"wp","href":"https:\/\/api.w.org\/{rel}","templated":true}]}}