{"id":16619,"date":"2024-05-31T10:05:50","date_gmt":"2024-05-31T08:05:50","guid":{"rendered":"http:\/\/euwps06.newsmemory.com\/gardaseezeitung_new\/de\/2024\/05\/31\/tremosine-sul-garda-baer-auf-der-strasse-gesichtet\/"},"modified":"2024-08-29T03:39:49","modified_gmt":"2024-08-29T01:39:49","slug":"tremosine-sul-garda-baer-auf-der-strasse-gesichtet","status":"publish","type":"post","link":"https:\/\/www.gardaseezeitung.it\/2024\/05\/31\/tremosine-sul-garda-baer-auf-der-strasse-gesichtet\/","title":{"rendered":"Tremosine sul Garda: B\u00e4r auf der Stra\u00dfe gesichtet"},"content":{"rendered":"<p>&nbsp;<\/p>\n<p>Vor einigen Stunden wurde in den Ortsteilen Vesio und Voltino der Gemeinde Tremosine im oberen Gardaseegebiet ein B\u00e4r gesichtet, der ungest\u00f6rt durch die Dorfstra\u00dfen spazierte. Das Bild spricht f\u00fcr sich selbst, und wenn es von den Beh\u00f6rden offiziell best\u00e4tigt w\u00fcrde, w\u00e4re es wahrscheinlich die erste Sichtung in dieser Gemeinde und ein neues Exemplar im Vergleich zu den drei B\u00e4ren, die bereits in der Provinz Brescia gesichtet wurden.<\/p>\n<p>Coldiretti machte keine n\u00e4heren Angaben zu der Sichtung, schlug aber Alarm wegen der Sch\u00e4den, die wilde Tiere an den Kulturen anrichten und die Sicherheit der Menschen gef\u00e4hrden, obwohl es in den letzten Jahren in diesem Gebiet nie zu ernsthaften Zwischenf\u00e4llen mit Menschen gekommen ist.<\/p>\n<p>&nbsp;<\/p>\n","protected":false},"excerpt":{"rendered":"<p>Coldiretti, der gr\u00f6\u00dfte italienische Bauernverband, meldete die Sichtung und dokumentierte sie mit einem Foto<\/p>\n","protected":false},"author":9,"featured_media":16618,"comment_status":"open","ping_status":"open","sticky":false,"template":"","format":"standard","meta":[],"categories":[2,4],"tags":[4963,23,26,205],"news-destination":[],"news-source":[],"is_homepage":[],"ta_other":[],"featured_media_details":{"width":940,"height":788,"file":"2024\/05\/orso.jpg","sizes":{"thumbnail":{"file":"orso-150x150.jpg","width":150,"height":150,"mime-type":"image\/jpeg","source_url":"https:\/\/www.gardaseezeitung.it\/gardaseezeitung_new\/de\/wp-content\/uploads\/sites\/2\/2024\/05\/orso-150x150.jpg"},"medium":{"file":"orso-300x251.jpg","width":300,"height":251,"mime-type":"image\/jpeg","source_url":"https:\/\/www.gardaseezeitung.it\/gardaseezeitung_new\/de\/wp-content\/uploads\/sites\/2\/2024\/05\/orso-300x251.jpg"},"medium_large":{"file":"orso-768x644.jpg","width":768,"height":644,"mime-type":"image\/jpeg","source_url":"https:\/\/www.gardaseezeitung.it\/gardaseezeitung_new\/de\/wp-content\/uploads\/sites\/2\/2024\/05\/orso-768x644.jpg"},"big_image":{"file":"orso-750x629.jpg","width":750,"height":629,"mime-type":"image\/jpeg","source_url":"https:\/\/www.gardaseezeitung.it\/gardaseezeitung_new\/de\/wp-content\/uploads\/sites\/2\/2024\/05\/orso-750x629.jpg"},"guest-author-32":{"file":"orso-32x32.jpg","width":32,"height":32,"mime-type":"image\/jpeg","source_url":"https:\/\/www.gardaseezeitung.it\/gardaseezeitung_new\/de\/wp-content\/uploads\/sites\/2\/2024\/05\/orso-32x32.jpg"},"guest-author-50":{"file":"orso-50x50.jpg","width":50,"height":50,"mime-type":"image\/jpeg","source_url":"https:\/\/www.gardaseezeitung.it\/gardaseezeitung_new\/de\/wp-content\/uploads\/sites\/2\/2024\/05\/orso-50x50.jpg"},"guest-author-64":{"file":"orso-64x64.jpg","width":64,"height":64,"mime-type":"image\/jpeg","source_url":"https:\/\/www.gardaseezeitung.it\/gardaseezeitung_new\/de\/wp-content\/uploads\/sites\/2\/2024\/05\/orso-64x64.jpg"},"guest-author-96":{"file":"orso-96x96.jpg","width":96,"height":96,"mime-type":"image\/jpeg","source_url":"https:\/\/www.gardaseezeitung.it\/gardaseezeitung_new\/de\/wp-content\/uploads\/sites\/2\/2024\/05\/orso-96x96.jpg"},"guest-author-128":{"file":"orso-128x128.jpg","width":128,"height":128,"mime-type":"image\/jpeg","source_url":"https:\/\/www.gardaseezeitung.it\/gardaseezeitung_new\/de\/wp-content\/uploads\/sites\/2\/2024\/05\/orso-128x128.jpg"},"full":{"file":"orso.jpg","width":940,"height":788,"mime_type":"","source_url":"https:\/\/www.gardaseezeitung.it\/gardaseezeitung_new\/de\/wp-content\/uploads\/sites\/2\/2024\/05\/orso.jpg"}},"image_meta":{"aperture":"0","credit":"","camera":"","caption":"","created_timestamp":"0","copyright":"","focal_length":"0","iso":"0","shutter_speed":"0","title":"","orientation":"0","keywords":[]}},"_links":{"self":[{"href":"https:\/\/www.gardaseezeitung.it\/gardaseezeitung_new\/de\/wp-json\/wp\/v2\/posts\/16619"}],"collection":[{"href":"https:\/\/www.gardaseezeitung.it\/gardaseezeitung_new\/de\/wp-json\/wp\/v2\/posts"}],"about":[{"href":"https:\/\/www.gardaseezeitung.it\/gardaseezeitung_new\/de\/wp-json\/wp\/v2\/types\/post"}],"author":[{"embeddable":true,"href":"https:\/\/www.gardaseezeitung.it\/gardaseezeitung_new\/de\/wp-json\/wp\/v2\/users\/9"}],"replies":[{"embeddable":true,"href":"https:\/\/www.gardaseezeitung.it\/gardaseezeitung_new\/de\/wp-json\/wp\/v2\/comments?post=16619"}],"version-history":[{"count":1,"href":"https:\/\/www.gardaseezeitung.it\/gardaseezeitung_new\/de\/wp-json\/wp\/v2\/posts\/16619\/revisions"}],"predecessor-version":[{"id":17051,"href":"https:\/\/www.gardaseezeitung.it\/gardaseezeitung_new\/de\/wp-json\/wp\/v2\/posts\/16619\/revisions\/17051"}],"wp:featuredmedia":[{"embeddable":true,"href":"https:\/\/www.gardaseezeitung.it\/gardaseezeitung_new\/de\/wp-json\/wp\/v2\/media\/16618"}],"wp:attachment":[{"href":"https:\/\/www.gardaseezeitung.it\/gardaseezeitung_new\/de\/wp-json\/wp\/v2\/media?parent=16619"}],"wp:term":[{"taxonomy":"category","embeddable":true,"href":"https:\/\/www.gardaseezeitung.it\/gardaseezeitung_new\/de\/wp-json\/wp\/v2\/categories?post=16619"},{"taxonomy":"post_tag","embeddable":true,"href":"https:\/\/www.gardaseezeitung.it\/gardaseezeitung_new\/de\/wp-json\/wp\/v2\/tags?post=16619"},{"taxonomy":"news-destination","embeddable":true,"href":"https:\/\/www.gardaseezeitung.it\/gardaseezeitung_new\/de\/wp-json\/wp\/v2\/news-destination?post=16619"},{"taxonomy":"news-source","embeddable":true,"href":"https:\/\/www.gardaseezeitung.it\/gardaseezeitung_new\/de\/wp-json\/wp\/v2\/news-source?post=16619"},{"taxonomy":"is_homepage","embeddable":true,"href":"https:\/\/www.gardaseezeitung.it\/gardaseezeitung_new\/de\/wp-json\/wp\/v2\/is_homepage?post=16619"},{"taxonomy":"ta_other","embeddable":true,"href":"https:\/\/www.gardaseezeitung.it\/gardaseezeitung_new\/de\/wp-json\/wp\/v2\/ta_other?post=16619"}],"curies":[{"name":"wp","href":"https:\/\/api.w.org\/{rel}","templated":true}]}}