{"id":16628,"date":"2024-06-10T11:56:21","date_gmt":"2024-06-10T09:56:21","guid":{"rendered":"https:\/\/euwps05.newsmemory.com\/gardaseezeitung_new\/de\/2024\/06\/10\/eroeffnet-wolf-legend-die-neue-attraktion-von-gardaland\/"},"modified":"2024-08-29T03:39:48","modified_gmt":"2024-08-29T01:39:48","slug":"eroeffnet-wolf-legend-die-neue-attraktion-von-gardaland","status":"publish","type":"post","link":"https:\/\/www.gardaseezeitung.it\/2024\/06\/10\/eroeffnet-wolf-legend-die-neue-attraktion-von-gardaland\/","title":{"rendered":"Er\u00f6ffnet Wolf Legend, die neue Attraktion von Gardaland"},"content":{"rendered":"<p>&nbsp;<\/p>\n<p>Mit einem Feuerwerk und einem Platz voller Besucher wurde die Attraktion des Jahres 2024 offiziell eingeweiht: Wolf Legend, ein &#8222;Drop &amp; Twist Tower&#8220;, oder besser gesagt ein Fallturm, f\u00fcr aufregende Familien und Wagemutige jeden Alters, ein hochgradig immersives Abenteuer, das in seinem Genre einzigartig ist und in der Lage ist, die Fantasie und die Emotionen der verschiedenen Generationen zu fesseln.<\/p>\n<p>&#8222;Wolfslegende&#8220; ist inspiriert von der Figur, die im Mittelpunkt der neuen Attraktion steht: ein majest\u00e4tischer, \u00fcber 16 Meter gro\u00dfer Wolf, der, von einem Fluch getroffen, mit weit ge\u00f6ffnetem Maul versteinert wurde. Die herbeigerufenen Besucher trotzen der H\u00f6he, indem sie ein waghalsiges Ritual durchf\u00fchren: Sie werfen sich in den Rachen des versteinerten Tieres, um den Fluch zu brechen, der es gefangen h\u00e4lt. An Bord einer Gondel beginnen die Abenteurer zu den Kl\u00e4ngen eines rituellen Gesangs den achteckigen Turm zu erklimmen, umgeben von glitzernden Symbolen, die es zu entziffern gilt, und au\u00dfergew\u00f6hnlichen Lichteffekten. Erst am h\u00f6chsten Punkt der Attraktion angekommen, st\u00fcrzen sie aus 25 Metern H\u00f6he durch dichte Rauchwolken hindurch in das Maul des Wolfes. Die G\u00e4ste m\u00fcssen mehrmals hinauf- und hinunterklettern und sich immer wieder um die Achse des Turms drehen, um ein aufregendes Erlebnis zu erleben, bevor sie endg\u00fcltig hinunterfallen.<\/p>\n<p>Gardaland investiert daher weiter, um seine Position als Reiseziel auf europ\u00e4ischer Ebene zu st\u00e4rken und sich als Top-Player im Familienunterhaltungsangebot zu best\u00e4tigen. &#8222;Jedes Jahr investieren wir in die Infrastruktur, das Management der Attraktionen und die Dienstleistungen&#8220;, sagt CEO Sabrina de Carvalho, &#8222;Die Gesamtinvestitionen f\u00fcr die laufende Saison belaufen sich auf rund 14 Millionen Euro. Darin enthalten sind sowohl die Schaffung der neuen Attraktion als auch die Einrichtung der Shows im Park, aber auch Initiativen und au\u00dferordentliche Wartungsarbeiten im gesamten Gardaland Resort, einschlie\u00dflich der drei Hotels und SEA LIFE.&#8220; Die Anwesenheit im Resort best\u00e4tigt die Zuneigung der italienischen Kunden (54%), aber auch der ausl\u00e4ndischen, vor allem aus dem deutschen Raum. &#8222;Jedes Jahr empfangen wir Millionen von G\u00e4sten, und auch f\u00fcr die laufende Saison entsprechen die Buchungen den Prognosen, und f\u00fcr den Sommer streben wir wie in den vergangenen Jahren eine Auslastung von 95-98% an.&#8220; Die strategische Lage des Resorts erm\u00f6glicht es nicht nur, die Tage im Park zu genie\u00dfen und sich im gro\u00dfen Wasserbereich zu entspannen, sondern auch, in die nahegelegenen Kunstst\u00e4dte zu reisen und dennoch im Herzen der Unterhaltung und des Gardasees zu bleiben. &#8222;Das Ziel von Gardaland Resort ist es, die ganze Familie mit ganz neuen Erlebnissen zu erobern&#8220;, best\u00e4tigt de Carvalho.<\/p>\n<p>&nbsp;<\/p>\n<p><iframe loading=\"lazy\" title=\"Gardaland Wolf Legend WEB\" width=\"640\" height=\"360\" src=\"https:\/\/www.youtube.com\/embed\/Vyz-1n-w_OI?feature=oembed\" frameborder=\"0\" allow=\"accelerometer; autoplay; clipboard-write; encrypted-media; gyroscope; picture-in-picture; web-share\" referrerpolicy=\"strict-origin-when-cross-origin\" allowfullscreen><\/iframe><\/p>\n<p>&nbsp;<\/p>\n<p>Unter den anderen Neuheiten der Saison wird das Programm im Bereich der Shows mit !MPOSSIBLE im Gardaland Theater erweitert: eine Show der Magie und des Illusionismus, die in k\u00fcrzester Zeit die Herzen von Jung und Alt erobert hat, w\u00e4hrend im 4D-Kino ein zeitloser Klassiker zu sehen ist: LOONEY TUNES\u2122 4D.<br \/>\nAuf den Alleen des Parks hingegen \u00fcberrascht die Stra\u00dfenanimation mit T\u00e4nzern, S\u00e4ngern, Zauberern, einem Drachen mit seinem tapferen Ritter und vielen anderen Darstellern, die die Besucher in lustige Abenteuer entlang der Alleen verwickeln. Ab dem 15. Juni und bis zum 8. September wird Gardaland die Sommersaison mit &#8222;Gardaland Night is Magic&#8220; einl\u00e4uten. Die Abend\u00f6ffnung bis 23 Uhr bietet den G\u00e4sten 13 Stunden puren Spa\u00df und viele neue Emotionen in der herrlichen Kulisse des Gardasees in seiner Abendversion. Verpassen Sie nicht den 22. Juni mit dem Gardaland Summer Festival, dem Musikevent in voller Lautst\u00e4rke mit RTL 102.5 bis 1 Uhr morgens mit exklusiven G\u00e4sten und DJ-Sets. Besonderer Gast der Ausgabe 2024: der Articolo 31! J-Ax und DJ Jad werden die Piazza Jumanji in eine Open-Air-Disco verwandeln, in der zu den Noten ihrer Hits getanzt und mitgesungen werden kann.<\/p>\n<p>&nbsp;<\/p>\n","protected":false},"excerpt":{"rendered":"<p>Ein &#8222;Drop &amp; Twist Tower&#8220; f\u00fcr Nervenkitzel liebende Familien und Wagemutige jeden Alters<\/p>\n","protected":false},"author":9,"featured_media":16627,"comment_status":"open","ping_status":"open","sticky":false,"template":"","format":"standard","meta":[],"categories":[2,5],"tags":[116,23,26,4975],"news-destination":[],"news-source":[],"is_homepage":[],"ta_other":[],"featured_media_details":{"width":750,"height":430,"file":"2024\/06\/Wolf-Legend_-Gardaland-750x430-1.jpg","sizes":{"thumbnail":{"file":"Wolf-Legend_-Gardaland-750x430-1-150x150.jpg","width":150,"height":150,"mime-type":"image\/jpeg","source_url":"https:\/\/www.gardaseezeitung.it\/gardaseezeitung_new\/de\/wp-content\/uploads\/sites\/2\/2024\/06\/Wolf-Legend_-Gardaland-750x430-1-150x150.jpg"},"medium":{"file":"Wolf-Legend_-Gardaland-750x430-1-300x172.jpg","width":300,"height":172,"mime-type":"image\/jpeg","source_url":"https:\/\/www.gardaseezeitung.it\/gardaseezeitung_new\/de\/wp-content\/uploads\/sites\/2\/2024\/06\/Wolf-Legend_-Gardaland-750x430-1-300x172.jpg"},"big_image":{"file":"Wolf-Legend_-Gardaland-750x430-1-750x430.jpg","width":750,"height":430,"mime-type":"image\/jpeg","source_url":"https:\/\/www.gardaseezeitung.it\/gardaseezeitung_new\/de\/wp-content\/uploads\/sites\/2\/2024\/06\/Wolf-Legend_-Gardaland-750x430-1-750x430.jpg"},"guest-author-32":{"file":"Wolf-Legend_-Gardaland-750x430-1-32x32.jpg","width":32,"height":32,"mime-type":"image\/jpeg","source_url":"https:\/\/www.gardaseezeitung.it\/gardaseezeitung_new\/de\/wp-content\/uploads\/sites\/2\/2024\/06\/Wolf-Legend_-Gardaland-750x430-1-32x32.jpg"},"guest-author-50":{"file":"Wolf-Legend_-Gardaland-750x430-1-50x50.jpg","width":50,"height":50,"mime-type":"image\/jpeg","source_url":"https:\/\/www.gardaseezeitung.it\/gardaseezeitung_new\/de\/wp-content\/uploads\/sites\/2\/2024\/06\/Wolf-Legend_-Gardaland-750x430-1-50x50.jpg"},"guest-author-64":{"file":"Wolf-Legend_-Gardaland-750x430-1-64x64.jpg","width":64,"height":64,"mime-type":"image\/jpeg","source_url":"https:\/\/www.gardaseezeitung.it\/gardaseezeitung_new\/de\/wp-content\/uploads\/sites\/2\/2024\/06\/Wolf-Legend_-Gardaland-750x430-1-64x64.jpg"},"guest-author-96":{"file":"Wolf-Legend_-Gardaland-750x430-1-96x96.jpg","width":96,"height":96,"mime-type":"image\/jpeg","source_url":"https:\/\/www.gardaseezeitung.it\/gardaseezeitung_new\/de\/wp-content\/uploads\/sites\/2\/2024\/06\/Wolf-Legend_-Gardaland-750x430-1-96x96.jpg"},"guest-author-128":{"file":"Wolf-Legend_-Gardaland-750x430-1-128x128.jpg","width":128,"height":128,"mime-type":"image\/jpeg","source_url":"https:\/\/www.gardaseezeitung.it\/gardaseezeitung_new\/de\/wp-content\/uploads\/sites\/2\/2024\/06\/Wolf-Legend_-Gardaland-750x430-1-128x128.jpg"},"full":{"file":"Wolf-Legend_-Gardaland-750x430-1.jpg","width":750,"height":430,"mime_type":"","source_url":"https:\/\/www.gardaseezeitung.it\/gardaseezeitung_new\/de\/wp-content\/uploads\/sites\/2\/2024\/06\/Wolf-Legend_-Gardaland-750x430-1.jpg"}},"image_meta":{"aperture":"0","credit":"","camera":"","caption":"","created_timestamp":"0","copyright":"","focal_length":"0","iso":"0","shutter_speed":"0","title":"","orientation":"0","keywords":[]}},"_links":{"self":[{"href":"https:\/\/www.gardaseezeitung.it\/gardaseezeitung_new\/de\/wp-json\/wp\/v2\/posts\/16628"}],"collection":[{"href":"https:\/\/www.gardaseezeitung.it\/gardaseezeitung_new\/de\/wp-json\/wp\/v2\/posts"}],"about":[{"href":"https:\/\/www.gardaseezeitung.it\/gardaseezeitung_new\/de\/wp-json\/wp\/v2\/types\/post"}],"author":[{"embeddable":true,"href":"https:\/\/www.gardaseezeitung.it\/gardaseezeitung_new\/de\/wp-json\/wp\/v2\/users\/9"}],"replies":[{"embeddable":true,"href":"https:\/\/www.gardaseezeitung.it\/gardaseezeitung_new\/de\/wp-json\/wp\/v2\/comments?post=16628"}],"version-history":[{"count":2,"href":"https:\/\/www.gardaseezeitung.it\/gardaseezeitung_new\/de\/wp-json\/wp\/v2\/posts\/16628\/revisions"}],"predecessor-version":[{"id":16634,"href":"https:\/\/www.gardaseezeitung.it\/gardaseezeitung_new\/de\/wp-json\/wp\/v2\/posts\/16628\/revisions\/16634"}],"wp:featuredmedia":[{"embeddable":true,"href":"https:\/\/www.gardaseezeitung.it\/gardaseezeitung_new\/de\/wp-json\/wp\/v2\/media\/16627"}],"wp:attachment":[{"href":"https:\/\/www.gardaseezeitung.it\/gardaseezeitung_new\/de\/wp-json\/wp\/v2\/media?parent=16628"}],"wp:term":[{"taxonomy":"category","embeddable":true,"href":"https:\/\/www.gardaseezeitung.it\/gardaseezeitung_new\/de\/wp-json\/wp\/v2\/categories?post=16628"},{"taxonomy":"post_tag","embeddable":true,"href":"https:\/\/www.gardaseezeitung.it\/gardaseezeitung_new\/de\/wp-json\/wp\/v2\/tags?post=16628"},{"taxonomy":"news-destination","embeddable":true,"href":"https:\/\/www.gardaseezeitung.it\/gardaseezeitung_new\/de\/wp-json\/wp\/v2\/news-destination?post=16628"},{"taxonomy":"news-source","embeddable":true,"href":"https:\/\/www.gardaseezeitung.it\/gardaseezeitung_new\/de\/wp-json\/wp\/v2\/news-source?post=16628"},{"taxonomy":"is_homepage","embeddable":true,"href":"https:\/\/www.gardaseezeitung.it\/gardaseezeitung_new\/de\/wp-json\/wp\/v2\/is_homepage?post=16628"},{"taxonomy":"ta_other","embeddable":true,"href":"https:\/\/www.gardaseezeitung.it\/gardaseezeitung_new\/de\/wp-json\/wp\/v2\/ta_other?post=16628"}],"curies":[{"name":"wp","href":"https:\/\/api.w.org\/{rel}","templated":true}]}}