{"id":16629,"date":"2024-06-03T19:31:53","date_gmt":"2024-06-03T17:31:53","guid":{"rendered":"http:\/\/euwps06.newsmemory.com\/gardaseezeitung_new\/de\/2024\/06\/03\/zeitgenoessische-kunst-im-grand-hotel-fasano-gardone-riviera\/"},"modified":"2024-08-29T03:39:48","modified_gmt":"2024-08-29T01:39:48","slug":"zeitgenoessische-kunst-im-grand-hotel-fasano-gardone-riviera","status":"publish","type":"post","link":"https:\/\/www.gardaseezeitung.it\/2024\/06\/03\/zeitgenoessische-kunst-im-grand-hotel-fasano-gardone-riviera\/","title":{"rendered":"Zeitgen\u00f6ssische Kunst im Grand Hotel Fasano in Gardone Riviera"},"content":{"rendered":"<p>&nbsp;<\/p>\n<p>Die Ausstellungsreihe im Grand Hotel Fasano &amp; Villa Principe in Gardone Riviera (BS) wird fortgesetzt, um die zeitgen\u00f6ssische Kunst zu f\u00f6rdern und den K\u00fcnstlern, die an die Aufwertung des Gardaseegebiets glauben, eine gro\u00dfe Sichtbarkeit zu geben. Nach dem Erfolg der Ausstellung, die den Werken von Mauro Mercandelli gewidmet war, sind ab Freitag, 28. Juni, Tiziano Ronchi und Mitsuki Akiyama an der Reihe, deren Ausstellung vom japanischen Konsulat gesponsert wird. Die Werke, die an sieben Tagen in der Woche kostenlos besichtigt werden k\u00f6nnen, stellen die Verbindung zwischen Mensch und Natur bzw. zwischen West und Ost dar.<\/p>\n<p>&#8222;Bevor es zum Hotel wurde, war das Grand Hotel Fasano im 19. und 20. Jahrhundert die Sommerresidenz zahlreicher Familien des deutschen und \u00f6sterreichischen Hochadels und damit Schauplatz zahlreicher literarischer und k\u00fcnstlerischer Veranstaltungen&#8220;, so die Familie, die das Hotel seit drei Generationen besitzt. &#8222;Mit der Ausstellung, die zun\u00e4chst den Werken von Mercandelli und sp\u00e4ter den K\u00fcnstlern Ronchi und Akiyama gewidmet ist, haben wir beschlossen, die k\u00fcnstlerische Seele dieses Geb\u00e4udes wiederzuentdecken&#8220;. Apropos Akiyama, ein Kuriosum: Anl\u00e4sslich der Ausstellungser\u00f6ffnung wird auch eine typisch japanische Teezeremonie veranstaltet.<\/p>\n<p>&nbsp;<\/p>\n","protected":false},"excerpt":{"rendered":"<p>Das Grand Hotel Fasano ist weiterhin ein Botschafter der zeitgen\u00f6ssischen Kunst und begr\u00fc\u00dft zwei neue Ausstellungen von Tiziano Ronchi und Mitsuki Akiyama<\/p>\n","protected":false},"author":9,"featured_media":16628,"comment_status":"open","ping_status":"open","sticky":false,"template":"","format":"standard","meta":[],"categories":[2,4,5,3],"tags":[23,26,33,2492,4967,4968,4969],"news-destination":[],"news-source":[],"is_homepage":[],"ta_other":[],"featured_media_details":{"width":1200,"height":800,"file":"2024\/06\/GranHotelFasano.jpg","sizes":{"thumbnail":{"file":"GranHotelFasano-150x150.jpg","width":150,"height":150,"mime-type":"image\/jpeg","source_url":"https:\/\/www.gardaseezeitung.it\/gardaseezeitung_new\/de\/wp-content\/uploads\/sites\/2\/2024\/06\/GranHotelFasano-150x150.jpg"},"medium":{"file":"GranHotelFasano-300x200.jpg","width":300,"height":200,"mime-type":"image\/jpeg","source_url":"https:\/\/www.gardaseezeitung.it\/gardaseezeitung_new\/de\/wp-content\/uploads\/sites\/2\/2024\/06\/GranHotelFasano-300x200.jpg"},"medium_large":{"file":"GranHotelFasano-768x512.jpg","width":768,"height":512,"mime-type":"image\/jpeg","source_url":"https:\/\/www.gardaseezeitung.it\/gardaseezeitung_new\/de\/wp-content\/uploads\/sites\/2\/2024\/06\/GranHotelFasano-768x512.jpg"},"large":{"file":"GranHotelFasano-1024x683.jpg","width":1024,"height":683,"mime-type":"image\/jpeg","source_url":"https:\/\/www.gardaseezeitung.it\/gardaseezeitung_new\/de\/wp-content\/uploads\/sites\/2\/2024\/06\/GranHotelFasano-1024x683.jpg"},"big_image":{"file":"GranHotelFasano-750x500.jpg","width":750,"height":500,"mime-type":"image\/jpeg","source_url":"https:\/\/www.gardaseezeitung.it\/gardaseezeitung_new\/de\/wp-content\/uploads\/sites\/2\/2024\/06\/GranHotelFasano-750x500.jpg"},"guest-author-32":{"file":"GranHotelFasano-32x32.jpg","width":32,"height":32,"mime-type":"image\/jpeg","source_url":"https:\/\/www.gardaseezeitung.it\/gardaseezeitung_new\/de\/wp-content\/uploads\/sites\/2\/2024\/06\/GranHotelFasano-32x32.jpg"},"guest-author-50":{"file":"GranHotelFasano-50x50.jpg","width":50,"height":50,"mime-type":"image\/jpeg","source_url":"https:\/\/www.gardaseezeitung.it\/gardaseezeitung_new\/de\/wp-content\/uploads\/sites\/2\/2024\/06\/GranHotelFasano-50x50.jpg"},"guest-author-64":{"file":"GranHotelFasano-64x64.jpg","width":64,"height":64,"mime-type":"image\/jpeg","source_url":"https:\/\/www.gardaseezeitung.it\/gardaseezeitung_new\/de\/wp-content\/uploads\/sites\/2\/2024\/06\/GranHotelFasano-64x64.jpg"},"guest-author-96":{"file":"GranHotelFasano-96x96.jpg","width":96,"height":96,"mime-type":"image\/jpeg","source_url":"https:\/\/www.gardaseezeitung.it\/gardaseezeitung_new\/de\/wp-content\/uploads\/sites\/2\/2024\/06\/GranHotelFasano-96x96.jpg"},"guest-author-128":{"file":"GranHotelFasano-128x128.jpg","width":128,"height":128,"mime-type":"image\/jpeg","source_url":"https:\/\/www.gardaseezeitung.it\/gardaseezeitung_new\/de\/wp-content\/uploads\/sites\/2\/2024\/06\/GranHotelFasano-128x128.jpg"},"full":{"file":"GranHotelFasano.jpg","width":1200,"height":800,"mime_type":"","source_url":"https:\/\/www.gardaseezeitung.it\/gardaseezeitung_new\/de\/wp-content\/uploads\/sites\/2\/2024\/06\/GranHotelFasano.jpg"}},"image_meta":{"aperture":"0","credit":"","camera":"","caption":"","created_timestamp":"0","copyright":"","focal_length":"0","iso":"0","shutter_speed":"0","title":"","orientation":"0","keywords":[]}},"_links":{"self":[{"href":"https:\/\/www.gardaseezeitung.it\/gardaseezeitung_new\/de\/wp-json\/wp\/v2\/posts\/16629"}],"collection":[{"href":"https:\/\/www.gardaseezeitung.it\/gardaseezeitung_new\/de\/wp-json\/wp\/v2\/posts"}],"about":[{"href":"https:\/\/www.gardaseezeitung.it\/gardaseezeitung_new\/de\/wp-json\/wp\/v2\/types\/post"}],"author":[{"embeddable":true,"href":"https:\/\/www.gardaseezeitung.it\/gardaseezeitung_new\/de\/wp-json\/wp\/v2\/users\/9"}],"replies":[{"embeddable":true,"href":"https:\/\/www.gardaseezeitung.it\/gardaseezeitung_new\/de\/wp-json\/wp\/v2\/comments?post=16629"}],"version-history":[{"count":1,"href":"https:\/\/www.gardaseezeitung.it\/gardaseezeitung_new\/de\/wp-json\/wp\/v2\/posts\/16629\/revisions"}],"predecessor-version":[{"id":17041,"href":"https:\/\/www.gardaseezeitung.it\/gardaseezeitung_new\/de\/wp-json\/wp\/v2\/posts\/16629\/revisions\/17041"}],"wp:featuredmedia":[{"embeddable":true,"href":"https:\/\/www.gardaseezeitung.it\/gardaseezeitung_new\/de\/wp-json\/wp\/v2\/media\/16628"}],"wp:attachment":[{"href":"https:\/\/www.gardaseezeitung.it\/gardaseezeitung_new\/de\/wp-json\/wp\/v2\/media?parent=16629"}],"wp:term":[{"taxonomy":"category","embeddable":true,"href":"https:\/\/www.gardaseezeitung.it\/gardaseezeitung_new\/de\/wp-json\/wp\/v2\/categories?post=16629"},{"taxonomy":"post_tag","embeddable":true,"href":"https:\/\/www.gardaseezeitung.it\/gardaseezeitung_new\/de\/wp-json\/wp\/v2\/tags?post=16629"},{"taxonomy":"news-destination","embeddable":true,"href":"https:\/\/www.gardaseezeitung.it\/gardaseezeitung_new\/de\/wp-json\/wp\/v2\/news-destination?post=16629"},{"taxonomy":"news-source","embeddable":true,"href":"https:\/\/www.gardaseezeitung.it\/gardaseezeitung_new\/de\/wp-json\/wp\/v2\/news-source?post=16629"},{"taxonomy":"is_homepage","embeddable":true,"href":"https:\/\/www.gardaseezeitung.it\/gardaseezeitung_new\/de\/wp-json\/wp\/v2\/is_homepage?post=16629"},{"taxonomy":"ta_other","embeddable":true,"href":"https:\/\/www.gardaseezeitung.it\/gardaseezeitung_new\/de\/wp-json\/wp\/v2\/ta_other?post=16629"}],"curies":[{"name":"wp","href":"https:\/\/api.w.org\/{rel}","templated":true}]}}