{"id":16642,"date":"2024-06-12T09:29:12","date_gmt":"2024-06-12T07:29:12","guid":{"rendered":"http:\/\/euwps06.newsmemory.com\/gardaseezeitung_new\/de\/2024\/06\/12\/aufgrund-der-niederschlaege-stieg-der-gardasee-ueber-nacht-um-fuenf-zentimeter\/"},"modified":"2024-08-29T03:39:48","modified_gmt":"2024-08-29T01:39:48","slug":"aufgrund-der-niederschlaege-stieg-der-gardasee-ueber-nacht-um-fuenf-zentimeter","status":"publish","type":"post","link":"https:\/\/www.gardaseezeitung.it\/2024\/06\/12\/aufgrund-der-niederschlaege-stieg-der-gardasee-ueber-nacht-um-fuenf-zentimeter\/","title":{"rendered":"Aufgrund der Niederschl\u00e4ge stieg der Gardasee \u00fcber Nacht um f\u00fcnf Zentimeter an"},"content":{"rendered":"<p>&nbsp;<\/p>\n<p>Die D\u00fcrre am Gardasee ist nur noch eine Erinnerung. Im Gegenteil, der Pegel des Gardasees gibt nach den starken Regenf\u00e4llen der letzten Stunden Anlass zur Sorge, obwohl der Abfluss in Richtung S\u00fcden seit Wochen auf 160 Kubikmeter pro Sekunde erh\u00f6ht wurde.<\/p>\n<p>Der See ist zwar noch weit von dem Stand entfernt, der Anfang des Monats erreicht wurde, als Peschiera einen F\u00fcllstand von 139,2 Zentimetern ab dem hydrometrischen Nullpunkt verzeichnete. In den letzten Stunden ist der Wasserstand jedoch wieder deutlich angestiegen. Einige Tage lang lag der Pegel stabil bei 132-133 cm, und gestern wurde ein Wert von 132,4 cm gemessen. Doch heute Morgen um 6.30 Uhr erreichte er &#8211; nach Angaben der Interregionalen Agentur f\u00fcr den Po &#8211; 137, ein Sprung von f\u00fcnf Zentimetern in nur wenigen Stunden und eine F\u00fcllung von 130 %. Der Durchschnitt der letzten 70 Jahre lag bei 105 Zentimetern (1953), mit einem Minimum von 87 und einem Maximum von 149 im Jahr 1977.<\/p>\n<p>&nbsp;<\/p>\n","protected":false},"excerpt":{"rendered":"<p>Der Durchschnitt der letzten 70 Jahre lag bei 105 Zentimetern, mit einem Minimum von 87 (im Jahr 1953) und einem Maximum von 149 (1977)<\/p>\n","protected":false},"author":9,"featured_media":6164,"comment_status":"open","ping_status":"open","sticky":false,"template":"","format":"standard","meta":[],"categories":[2],"tags":[3608,23,26,3747],"news-destination":[],"news-source":[],"is_homepage":[],"ta_other":[],"featured_media_details":{"width":1280,"height":853,"file":"2021\/03\/RIVA-GARDA-PANORAMA-ALTO-GARDA-1280x853.jpg","sizes":{"thumbnail":{"file":"RIVA-GARDA-PANORAMA-ALTO-GARDA-1280x853-150x150.jpg","width":150,"height":150,"mime-type":"image\/jpeg","source_url":"https:\/\/www.gardaseezeitung.it\/gardaseezeitung_new\/de\/wp-content\/uploads\/sites\/2\/2021\/03\/RIVA-GARDA-PANORAMA-ALTO-GARDA-1280x853-150x150.jpg"},"medium":{"file":"RIVA-GARDA-PANORAMA-ALTO-GARDA-1280x853-300x200.jpg","width":300,"height":200,"mime-type":"image\/jpeg","source_url":"https:\/\/www.gardaseezeitung.it\/gardaseezeitung_new\/de\/wp-content\/uploads\/sites\/2\/2021\/03\/RIVA-GARDA-PANORAMA-ALTO-GARDA-1280x853-300x200.jpg"},"medium_large":{"file":"RIVA-GARDA-PANORAMA-ALTO-GARDA-1280x853-768x512.jpg","width":768,"height":512,"mime-type":"image\/jpeg","source_url":"https:\/\/www.gardaseezeitung.it\/gardaseezeitung_new\/de\/wp-content\/uploads\/sites\/2\/2021\/03\/RIVA-GARDA-PANORAMA-ALTO-GARDA-1280x853-768x512.jpg"},"large":{"file":"RIVA-GARDA-PANORAMA-ALTO-GARDA-1280x853-1024x682.jpg","width":1024,"height":682,"mime-type":"image\/jpeg","source_url":"https:\/\/www.gardaseezeitung.it\/gardaseezeitung_new\/de\/wp-content\/uploads\/sites\/2\/2021\/03\/RIVA-GARDA-PANORAMA-ALTO-GARDA-1280x853-1024x682.jpg"},"big_image":{"file":"RIVA-GARDA-PANORAMA-ALTO-GARDA-1280x853-750x500.jpg","width":750,"height":500,"mime-type":"image\/jpeg","source_url":"https:\/\/www.gardaseezeitung.it\/gardaseezeitung_new\/de\/wp-content\/uploads\/sites\/2\/2021\/03\/RIVA-GARDA-PANORAMA-ALTO-GARDA-1280x853-750x500.jpg"},"guest-author-32":{"file":"RIVA-GARDA-PANORAMA-ALTO-GARDA-1280x853-32x32.jpg","width":32,"height":32,"mime-type":"image\/jpeg","source_url":"https:\/\/www.gardaseezeitung.it\/gardaseezeitung_new\/de\/wp-content\/uploads\/sites\/2\/2021\/03\/RIVA-GARDA-PANORAMA-ALTO-GARDA-1280x853-32x32.jpg"},"guest-author-50":{"file":"RIVA-GARDA-PANORAMA-ALTO-GARDA-1280x853-50x50.jpg","width":50,"height":50,"mime-type":"image\/jpeg","source_url":"https:\/\/www.gardaseezeitung.it\/gardaseezeitung_new\/de\/wp-content\/uploads\/sites\/2\/2021\/03\/RIVA-GARDA-PANORAMA-ALTO-GARDA-1280x853-50x50.jpg"},"guest-author-64":{"file":"RIVA-GARDA-PANORAMA-ALTO-GARDA-1280x853-64x64.jpg","width":64,"height":64,"mime-type":"image\/jpeg","source_url":"https:\/\/www.gardaseezeitung.it\/gardaseezeitung_new\/de\/wp-content\/uploads\/sites\/2\/2021\/03\/RIVA-GARDA-PANORAMA-ALTO-GARDA-1280x853-64x64.jpg"},"guest-author-96":{"file":"RIVA-GARDA-PANORAMA-ALTO-GARDA-1280x853-96x96.jpg","width":96,"height":96,"mime-type":"image\/jpeg","source_url":"https:\/\/www.gardaseezeitung.it\/gardaseezeitung_new\/de\/wp-content\/uploads\/sites\/2\/2021\/03\/RIVA-GARDA-PANORAMA-ALTO-GARDA-1280x853-96x96.jpg"},"guest-author-128":{"file":"RIVA-GARDA-PANORAMA-ALTO-GARDA-1280x853-128x128.jpg","width":128,"height":128,"mime-type":"image\/jpeg","source_url":"https:\/\/www.gardaseezeitung.it\/gardaseezeitung_new\/de\/wp-content\/uploads\/sites\/2\/2021\/03\/RIVA-GARDA-PANORAMA-ALTO-GARDA-1280x853-128x128.jpg"},"full":{"file":"RIVA-GARDA-PANORAMA-ALTO-GARDA-1280x853.jpg","width":1280,"height":853,"mime_type":"","source_url":"https:\/\/www.gardaseezeitung.it\/gardaseezeitung_new\/de\/wp-content\/uploads\/sites\/2\/2021\/03\/RIVA-GARDA-PANORAMA-ALTO-GARDA-1280x853.jpg"}},"image_meta":{"aperture":"0","credit":"","camera":"","caption":"","created_timestamp":"0","copyright":"","focal_length":"0","iso":"0","shutter_speed":"0","title":"","orientation":"0","keywords":[]}},"_links":{"self":[{"href":"https:\/\/www.gardaseezeitung.it\/gardaseezeitung_new\/de\/wp-json\/wp\/v2\/posts\/16642"}],"collection":[{"href":"https:\/\/www.gardaseezeitung.it\/gardaseezeitung_new\/de\/wp-json\/wp\/v2\/posts"}],"about":[{"href":"https:\/\/www.gardaseezeitung.it\/gardaseezeitung_new\/de\/wp-json\/wp\/v2\/types\/post"}],"author":[{"embeddable":true,"href":"https:\/\/www.gardaseezeitung.it\/gardaseezeitung_new\/de\/wp-json\/wp\/v2\/users\/9"}],"replies":[{"embeddable":true,"href":"https:\/\/www.gardaseezeitung.it\/gardaseezeitung_new\/de\/wp-json\/wp\/v2\/comments?post=16642"}],"version-history":[{"count":1,"href":"https:\/\/www.gardaseezeitung.it\/gardaseezeitung_new\/de\/wp-json\/wp\/v2\/posts\/16642\/revisions"}],"predecessor-version":[{"id":16643,"href":"https:\/\/www.gardaseezeitung.it\/gardaseezeitung_new\/de\/wp-json\/wp\/v2\/posts\/16642\/revisions\/16643"}],"wp:featuredmedia":[{"embeddable":true,"href":"https:\/\/www.gardaseezeitung.it\/gardaseezeitung_new\/de\/wp-json\/wp\/v2\/media\/6164"}],"wp:attachment":[{"href":"https:\/\/www.gardaseezeitung.it\/gardaseezeitung_new\/de\/wp-json\/wp\/v2\/media?parent=16642"}],"wp:term":[{"taxonomy":"category","embeddable":true,"href":"https:\/\/www.gardaseezeitung.it\/gardaseezeitung_new\/de\/wp-json\/wp\/v2\/categories?post=16642"},{"taxonomy":"post_tag","embeddable":true,"href":"https:\/\/www.gardaseezeitung.it\/gardaseezeitung_new\/de\/wp-json\/wp\/v2\/tags?post=16642"},{"taxonomy":"news-destination","embeddable":true,"href":"https:\/\/www.gardaseezeitung.it\/gardaseezeitung_new\/de\/wp-json\/wp\/v2\/news-destination?post=16642"},{"taxonomy":"news-source","embeddable":true,"href":"https:\/\/www.gardaseezeitung.it\/gardaseezeitung_new\/de\/wp-json\/wp\/v2\/news-source?post=16642"},{"taxonomy":"is_homepage","embeddable":true,"href":"https:\/\/www.gardaseezeitung.it\/gardaseezeitung_new\/de\/wp-json\/wp\/v2\/is_homepage?post=16642"},{"taxonomy":"ta_other","embeddable":true,"href":"https:\/\/www.gardaseezeitung.it\/gardaseezeitung_new\/de\/wp-json\/wp\/v2\/ta_other?post=16642"}],"curies":[{"name":"wp","href":"https:\/\/api.w.org\/{rel}","templated":true}]}}