{"id":16666,"date":"2024-07-17T15:33:35","date_gmt":"2024-07-17T13:33:35","guid":{"rendered":"http:\/\/euwps06.newsmemory.com\/gardaseezeitung_new\/de\/2024\/07\/17\/mittwoch-den-17-juli-beginnen-um-18-uhr-der-mag-riva-die-fuehrungen-mit-verkostung\/"},"modified":"2024-08-29T03:39:48","modified_gmt":"2024-08-29T01:39:48","slug":"mittwoch-den-17-juli-beginnen-um-18-uhr-der-mag-riva-die-fuehrungen-mit-verkostung","status":"publish","type":"post","link":"https:\/\/www.gardaseezeitung.it\/2024\/07\/17\/mittwoch-den-17-juli-beginnen-um-18-uhr-der-mag-riva-die-fuehrungen-mit-verkostung\/","title":{"rendered":"Riva: Am 17. Juli beginnen um 18 Uhr in der MAG die F\u00fchrungen mit Verkostung"},"content":{"rendered":"<p>&nbsp;<\/p>\n<p>Lass dich von einem fachkundigen F\u00fchrer durch die R\u00e4ume des Museums f\u00fchren und bewundere die Meisterwerke, die die zeitlose Sch\u00f6nheit der Landschaft des Gardasees und dar\u00fcber hinaus verewigen. Tauche ein in die Kunst und lass dich von den Farben, Formen und Geschichten, die die Gem\u00e4lde erz\u00e4hlen, ber\u00fchren. Jedes Kunstwerk wird dich auf eine imagin\u00e4re Reise durch die gr\u00fcnen Berge, das kristallklare Wasser und die malerischen D\u00f6rfer rund um den See mitnehmen.<\/p>\n<p>Am Ende des Besuchs kannst du deinen Gaumen mit einer Verkostung typischer lokaler Produkte der Agraria Riva del Garda verw\u00f6hnen und die authentischen Aromen des Gardasees genie\u00dfen: ein umfassendes Erlebnis, das all deine Sinne anspricht und dich das k\u00fcnstlerische und kulinarische Erbe dieser faszinierenden Gegend entdecken l\u00e4sst.<\/p>\n<p>KALENDER DER GEF\u00dcHRTEN TOUREN MIT VERKOSTUNG<\/p>\n<p>Freitag, 02\/08 &#8211; 18 Uhr<br \/>\nFreitag, 16\/08 &#8211; 18 Uhr<br \/>\nFreitag 06\/09 &#8211; 18:00 Uhr<\/p>\n<p>Die F\u00fchrung findet in drei Sprachen statt: Italienisch, Deutsch und Englisch. Preis: Museumseintrittskarte + 5 Euro<\/p>\n<figure id=\"attachment_16665\" style=\"width: 640px\" class=\"wp-caption alignleft\"><img title=\"Riva: Am 17. Juli beginnen um 18 Uhr in der MAG die F\u00fchrungen mit Verkostung\" loading=\"lazy\" class=\"size-large wp-image-16665\" src=\"https:\/\/www.gardaseezeitung.it\/gardaseezeitung_new\/de\/wp-content\/uploads\/sites\/2\/2024\/07\/Screenshot-2024-07-17-alle-15.15.30.png\" alt=\"MAG Museo Alto Garda - Riva\" width=\"640\" height=\"905\" srcset=\"https:\/\/euwps06.newsmemory.com\/gardaseezeitung_new\/de\/wp-content\/uploads\/sites\/2\/2024\/07\/Screenshot-2024-07-17-alle-15.15.30.png 798w, https:\/\/euwps06.newsmemory.com\/gardaseezeitung_new\/de\/wp-content\/uploads\/sites\/2\/2024\/07\/Screenshot-2024-07-17-alle-15.15.30-212x300.png 212w, https:\/\/euwps06.newsmemory.com\/gardaseezeitung_new\/de\/wp-content\/uploads\/sites\/2\/2024\/07\/Screenshot-2024-07-17-alle-15.15.30-768x1086.png 768w, https:\/\/euwps06.newsmemory.com\/gardaseezeitung_new\/de\/wp-content\/uploads\/sites\/2\/2024\/07\/Screenshot-2024-07-17-alle-15.15.30-724x1024.png 724w, https:\/\/euwps06.newsmemory.com\/gardaseezeitung_new\/de\/wp-content\/uploads\/sites\/2\/2024\/07\/Screenshot-2024-07-17-alle-15.15.30-750x1060.png 750w\" sizes=\"(max-width: 640px) 100vw, 640px\" \/><figcaption class=\"wp-caption-text\">MAG Museo Alto Garda &#8211; Riva<\/figcaption><\/figure>\n","protected":false},"excerpt":{"rendered":"<p>Heute ist der erste von vier Freitagen, an denen du die Kunstgalerie und die Aromen des Gardasees entdecken kannst<\/p>\n","protected":false},"author":9,"featured_media":16664,"comment_status":"open","ping_status":"open","sticky":false,"template":"","format":"standard","meta":[],"categories":[4,5],"tags":[5004,23,26,851,221],"news-destination":[],"news-source":[],"is_homepage":[],"ta_other":[],"featured_media_details":{"width":720,"height":468,"file":"2024\/07\/Screenshot-2024-07-17-alle-15.15.48.png","sizes":{"thumbnail":{"file":"Screenshot-2024-07-17-alle-15.15.48-150x150.png","width":150,"height":150,"mime-type":"image\/png","source_url":"https:\/\/www.gardaseezeitung.it\/gardaseezeitung_new\/de\/wp-content\/uploads\/sites\/2\/2024\/07\/Screenshot-2024-07-17-alle-15.15.48-150x150.png"},"medium":{"file":"Screenshot-2024-07-17-alle-15.15.48-300x195.png","width":300,"height":195,"mime-type":"image\/png","source_url":"https:\/\/www.gardaseezeitung.it\/gardaseezeitung_new\/de\/wp-content\/uploads\/sites\/2\/2024\/07\/Screenshot-2024-07-17-alle-15.15.48-300x195.png"},"guest-author-32":{"file":"Screenshot-2024-07-17-alle-15.15.48-32x32.png","width":32,"height":32,"mime-type":"image\/png","source_url":"https:\/\/www.gardaseezeitung.it\/gardaseezeitung_new\/de\/wp-content\/uploads\/sites\/2\/2024\/07\/Screenshot-2024-07-17-alle-15.15.48-32x32.png"},"guest-author-50":{"file":"Screenshot-2024-07-17-alle-15.15.48-50x50.png","width":50,"height":50,"mime-type":"image\/png","source_url":"https:\/\/www.gardaseezeitung.it\/gardaseezeitung_new\/de\/wp-content\/uploads\/sites\/2\/2024\/07\/Screenshot-2024-07-17-alle-15.15.48-50x50.png"},"guest-author-64":{"file":"Screenshot-2024-07-17-alle-15.15.48-64x64.png","width":64,"height":64,"mime-type":"image\/png","source_url":"https:\/\/www.gardaseezeitung.it\/gardaseezeitung_new\/de\/wp-content\/uploads\/sites\/2\/2024\/07\/Screenshot-2024-07-17-alle-15.15.48-64x64.png"},"guest-author-96":{"file":"Screenshot-2024-07-17-alle-15.15.48-96x96.png","width":96,"height":96,"mime-type":"image\/png","source_url":"https:\/\/www.gardaseezeitung.it\/gardaseezeitung_new\/de\/wp-content\/uploads\/sites\/2\/2024\/07\/Screenshot-2024-07-17-alle-15.15.48-96x96.png"},"guest-author-128":{"file":"Screenshot-2024-07-17-alle-15.15.48-128x128.png","width":128,"height":128,"mime-type":"image\/png","source_url":"https:\/\/www.gardaseezeitung.it\/gardaseezeitung_new\/de\/wp-content\/uploads\/sites\/2\/2024\/07\/Screenshot-2024-07-17-alle-15.15.48-128x128.png"},"full":{"file":"Screenshot-2024-07-17-alle-15.15.48.png","width":720,"height":468,"mime_type":"","source_url":"https:\/\/www.gardaseezeitung.it\/gardaseezeitung_new\/de\/wp-content\/uploads\/sites\/2\/2024\/07\/Screenshot-2024-07-17-alle-15.15.48.png"}},"image_meta":{"aperture":"0","credit":"","camera":"","caption":"","created_timestamp":"0","copyright":"","focal_length":"0","iso":"0","shutter_speed":"0","title":"","orientation":"0","keywords":[]}},"_links":{"self":[{"href":"https:\/\/www.gardaseezeitung.it\/gardaseezeitung_new\/de\/wp-json\/wp\/v2\/posts\/16666"}],"collection":[{"href":"https:\/\/www.gardaseezeitung.it\/gardaseezeitung_new\/de\/wp-json\/wp\/v2\/posts"}],"about":[{"href":"https:\/\/www.gardaseezeitung.it\/gardaseezeitung_new\/de\/wp-json\/wp\/v2\/types\/post"}],"author":[{"embeddable":true,"href":"https:\/\/www.gardaseezeitung.it\/gardaseezeitung_new\/de\/wp-json\/wp\/v2\/users\/9"}],"replies":[{"embeddable":true,"href":"https:\/\/www.gardaseezeitung.it\/gardaseezeitung_new\/de\/wp-json\/wp\/v2\/comments?post=16666"}],"version-history":[{"count":2,"href":"https:\/\/www.gardaseezeitung.it\/gardaseezeitung_new\/de\/wp-json\/wp\/v2\/posts\/16666\/revisions"}],"predecessor-version":[{"id":16668,"href":"https:\/\/www.gardaseezeitung.it\/gardaseezeitung_new\/de\/wp-json\/wp\/v2\/posts\/16666\/revisions\/16668"}],"wp:featuredmedia":[{"embeddable":true,"href":"https:\/\/www.gardaseezeitung.it\/gardaseezeitung_new\/de\/wp-json\/wp\/v2\/media\/16664"}],"wp:attachment":[{"href":"https:\/\/www.gardaseezeitung.it\/gardaseezeitung_new\/de\/wp-json\/wp\/v2\/media?parent=16666"}],"wp:term":[{"taxonomy":"category","embeddable":true,"href":"https:\/\/www.gardaseezeitung.it\/gardaseezeitung_new\/de\/wp-json\/wp\/v2\/categories?post=16666"},{"taxonomy":"post_tag","embeddable":true,"href":"https:\/\/www.gardaseezeitung.it\/gardaseezeitung_new\/de\/wp-json\/wp\/v2\/tags?post=16666"},{"taxonomy":"news-destination","embeddable":true,"href":"https:\/\/www.gardaseezeitung.it\/gardaseezeitung_new\/de\/wp-json\/wp\/v2\/news-destination?post=16666"},{"taxonomy":"news-source","embeddable":true,"href":"https:\/\/www.gardaseezeitung.it\/gardaseezeitung_new\/de\/wp-json\/wp\/v2\/news-source?post=16666"},{"taxonomy":"is_homepage","embeddable":true,"href":"https:\/\/www.gardaseezeitung.it\/gardaseezeitung_new\/de\/wp-json\/wp\/v2\/is_homepage?post=16666"},{"taxonomy":"ta_other","embeddable":true,"href":"https:\/\/www.gardaseezeitung.it\/gardaseezeitung_new\/de\/wp-json\/wp\/v2\/ta_other?post=16666"}],"curies":[{"name":"wp","href":"https:\/\/api.w.org\/{rel}","templated":true}]}}