{"id":1672,"date":"2018-01-12T10:04:15","date_gmt":"2018-01-12T10:04:15","guid":{"rendered":"http:\/\/euwp08.newsmemory.com\/gardaseezeitung_new\/de\/2018\/01\/12\/verstarkung-fur-die-kustenwache\/"},"modified":"2019-05-28T21:04:43","modified_gmt":"2019-05-28T21:04:43","slug":"verstarkung-fur-die-kustenwache","status":"publish","type":"post","link":"https:\/\/www.gardaseezeitung.it\/2018\/01\/12\/verstarkung-fur-die-kustenwache\/","title":{"rendered":"Verst\u00e4rkung f\u00fcr die K\u00fcstenwache"},"content":{"rendered":"<p style=\"text-align: justify\">Sandy Ballys, Kommandant der K&uuml;stenwache, die ihren Sitz in Sal&ograve; hat, wird in Zukunft auf weitere f&uuml;nf Kollegen z&auml;hlen k&ouml;nnen, denn statt der bisher 25 werden nun 30 M&auml;nner der Besatzung angeh&ouml;ren. Das ist aber noch nicht alles. Das Hafenamt von Sal&ograve; wird in Zukunft autonom sein und nicht mehr eine &bdquo;Filiale&ldquo; Venedigs, wie bisher.&nbsp;Die K&uuml;stenwache sei am Gardasee sehr gut strukturiert. Das Personal glaube an das, was es leiste, so Melone. F&uuml;r den Tourismus und den gesamten Gardasee sei die K&uuml;stenwache ein Pluspunkt, denn sie sorge f&uuml;r Sicherheit, und dies das ganze Jahr.<\/p>\n<p style=\"text-align: justify\">Im vergangenen Jahr wurden mit den vier Booten der K&uuml;stenwache 90 Rettungseins&auml;tze ausgef&uuml;hrt. 129 Personen kam man zur Hilfe und 38 Boote wurden geborgen. Die Rettungs- und Suchaktionen sind im Vergleich zum Vorjahr um 30 Prozent gestiegen. Diese Daten werden auch durch die Zahl der zur&uuml;ckgelegten Seemeilen best&auml;tigt: 2038 Meilen waren es; zw&ouml;lf Prozent mehr als im Vorjahr. Die K&uuml;stenwache war im Laufe der Eins&auml;tze insgesamt 185 Stunden auf dem See unterwegs &ndash; rund 20 Prozent mehr als 2016.<\/p>\n","protected":false},"excerpt":{"rendered":"<p>Vincenzo Melone, Admiral der K&uuml;stenwache und Kommandant der Hafen&auml;mter, hatte einen Wunsch: weitere Boote und mehr Personal f&uuml;r den Gardasee. Nun wurde dieser Wunsch erf&uuml;llt.<\/p>\n","protected":false},"author":1,"featured_media":1673,"comment_status":"open","ping_status":"open","sticky":false,"template":"","format":"standard","meta":[],"categories":[6],"tags":[],"news-destination":[],"news-source":[],"is_homepage":[],"ta_other":[],"featured_media_details":{"width":1024,"height":546,"file":"2019\/05\/836206267b8812dcd9d5b1f59c4e9d21.jpg","sizes":{"thumbnail":{"file":"836206267b8812dcd9d5b1f59c4e9d21-150x150.jpg","width":150,"height":150,"mime-type":"image\/jpeg","source_url":"https:\/\/www.gardaseezeitung.it\/gardaseezeitung_new\/de\/wp-content\/uploads\/sites\/2\/2019\/05\/836206267b8812dcd9d5b1f59c4e9d21-150x150.jpg"},"medium":{"file":"836206267b8812dcd9d5b1f59c4e9d21-300x160.jpg","width":300,"height":160,"mime-type":"image\/jpeg","source_url":"https:\/\/www.gardaseezeitung.it\/gardaseezeitung_new\/de\/wp-content\/uploads\/sites\/2\/2019\/05\/836206267b8812dcd9d5b1f59c4e9d21-300x160.jpg"},"medium_large":{"file":"836206267b8812dcd9d5b1f59c4e9d21-768x410.jpg","width":768,"height":410,"mime-type":"image\/jpeg","source_url":"https:\/\/www.gardaseezeitung.it\/gardaseezeitung_new\/de\/wp-content\/uploads\/sites\/2\/2019\/05\/836206267b8812dcd9d5b1f59c4e9d21-768x410.jpg"},"large":{"file":"836206267b8812dcd9d5b1f59c4e9d21-1024x546.jpg","width":1024,"height":546,"mime-type":"image\/jpeg","source_url":"https:\/\/www.gardaseezeitung.it\/gardaseezeitung_new\/de\/wp-content\/uploads\/sites\/2\/2019\/05\/836206267b8812dcd9d5b1f59c4e9d21-1024x546.jpg"},"big_image":{"file":"836206267b8812dcd9d5b1f59c4e9d21-750x400.jpg","width":750,"height":400,"mime-type":"image\/jpeg","source_url":"https:\/\/www.gardaseezeitung.it\/gardaseezeitung_new\/de\/wp-content\/uploads\/sites\/2\/2019\/05\/836206267b8812dcd9d5b1f59c4e9d21-750x400.jpg"},"full":{"file":"836206267b8812dcd9d5b1f59c4e9d21.jpg","width":1024,"height":546,"mime_type":"","source_url":"https:\/\/www.gardaseezeitung.it\/gardaseezeitung_new\/de\/wp-content\/uploads\/sites\/2\/2019\/05\/836206267b8812dcd9d5b1f59c4e9d21.jpg"}},"image_meta":{"aperture":"0","credit":"","camera":"","caption":"","created_timestamp":"0","copyright":"","focal_length":"0","iso":"0","shutter_speed":"0","title":"","orientation":"0","keywords":[]}},"_links":{"self":[{"href":"https:\/\/www.gardaseezeitung.it\/gardaseezeitung_new\/de\/wp-json\/wp\/v2\/posts\/1672"}],"collection":[{"href":"https:\/\/www.gardaseezeitung.it\/gardaseezeitung_new\/de\/wp-json\/wp\/v2\/posts"}],"about":[{"href":"https:\/\/www.gardaseezeitung.it\/gardaseezeitung_new\/de\/wp-json\/wp\/v2\/types\/post"}],"author":[{"embeddable":true,"href":"https:\/\/www.gardaseezeitung.it\/gardaseezeitung_new\/de\/wp-json\/wp\/v2\/users\/1"}],"replies":[{"embeddable":true,"href":"https:\/\/www.gardaseezeitung.it\/gardaseezeitung_new\/de\/wp-json\/wp\/v2\/comments?post=1672"}],"version-history":[{"count":0,"href":"https:\/\/www.gardaseezeitung.it\/gardaseezeitung_new\/de\/wp-json\/wp\/v2\/posts\/1672\/revisions"}],"wp:featuredmedia":[{"embeddable":true,"href":"https:\/\/www.gardaseezeitung.it\/gardaseezeitung_new\/de\/wp-json\/wp\/v2\/media\/1673"}],"wp:attachment":[{"href":"https:\/\/www.gardaseezeitung.it\/gardaseezeitung_new\/de\/wp-json\/wp\/v2\/media?parent=1672"}],"wp:term":[{"taxonomy":"category","embeddable":true,"href":"https:\/\/www.gardaseezeitung.it\/gardaseezeitung_new\/de\/wp-json\/wp\/v2\/categories?post=1672"},{"taxonomy":"post_tag","embeddable":true,"href":"https:\/\/www.gardaseezeitung.it\/gardaseezeitung_new\/de\/wp-json\/wp\/v2\/tags?post=1672"},{"taxonomy":"news-destination","embeddable":true,"href":"https:\/\/www.gardaseezeitung.it\/gardaseezeitung_new\/de\/wp-json\/wp\/v2\/news-destination?post=1672"},{"taxonomy":"news-source","embeddable":true,"href":"https:\/\/www.gardaseezeitung.it\/gardaseezeitung_new\/de\/wp-json\/wp\/v2\/news-source?post=1672"},{"taxonomy":"is_homepage","embeddable":true,"href":"https:\/\/www.gardaseezeitung.it\/gardaseezeitung_new\/de\/wp-json\/wp\/v2\/is_homepage?post=1672"},{"taxonomy":"ta_other","embeddable":true,"href":"https:\/\/www.gardaseezeitung.it\/gardaseezeitung_new\/de\/wp-json\/wp\/v2\/ta_other?post=1672"}],"curies":[{"name":"wp","href":"https:\/\/api.w.org\/{rel}","templated":true}]}}