{"id":16727,"date":"2024-08-03T09:04:14","date_gmt":"2024-08-03T07:04:14","guid":{"rendered":"https:\/\/euwps05.newsmemory.com\/gardaseezeitung_new\/de\/2024\/08\/03\/verona-momix-im-roemischen-theater-im-august\/"},"modified":"2024-08-29T03:39:47","modified_gmt":"2024-08-29T01:39:47","slug":"verona-momix-im-roemischen-theater-im-august","status":"publish","type":"post","link":"https:\/\/www.gardaseezeitung.it\/2024\/08\/03\/verona-momix-im-roemischen-theater-im-august\/","title":{"rendered":"Verona: Momix im R\u00f6mischen Theater im August"},"content":{"rendered":"<p>&nbsp;<\/p>\n<p>Im August kehrt Momix mit der Choreografie seines Sch\u00f6pfers Moses Pendleton ins R\u00f6mische Theater zur\u00fcck. Vom 5. bis 17. August (mit Ausnahme des 11. August) pr\u00e4sentieren die Momix eine neue Auswahl ihrer kultigen St\u00fccke, die speziell f\u00fcr das Festival zusammengestellt wurden.<\/p>\n<p>Die amerikanische T\u00e4nzer- und Illusionistenkompanie Momix ist weltweit daf\u00fcr bekannt, multimediale Werke von au\u00dfergew\u00f6hnlichem Einfallsreichtum und au\u00dfergew\u00f6hnlicher k\u00f6rperlicher Sch\u00f6nheit zu schaffen. Der Tanz von Momix besteht aus Gem\u00e4lden, die von Ironie und beschw\u00f6renden Bildern durchdrungen sind und in der Welt des Unbewussten leben, in der sich jeder wiederfinden kann. Neben Theaterauff\u00fchrungen auf der ganzen Welt hat Momix auch in Film und Fernsehen gearbeitet und deb\u00fctierte w\u00e4hrend der \u00dcbertragung der 67. Golden Globe Awards. Das Ensemble wurde von Unternehmen wie Fiat und Mercedes Benz beauftragt und trat bei der Hundertjahrfeier von Fiat in Turin und bei der Internationalen Automobilausstellung von Mercedes Benz in Frankfurt auf. Mit nichts anderem als Licht, Schatten, Requisiten und dem menschlichen K\u00f6rper verbl\u00fcfft Momix sein Publikum seit \u00fcber vierzig Jahren.<\/p>\n<p>F\u00fcr Informationen und den Kauf von Tickets besuche bitte die Website des Verona Box Office.<\/p>\n","protected":false},"excerpt":{"rendered":"<p>Die ber\u00fchmte Truppe tritt vom 5. bis 17. August (au\u00dfer am 11. August) mit Momix und der Choreografie von Sch\u00f6pfer Moses Pendleton auf<\/p>\n","protected":false},"author":9,"featured_media":16726,"comment_status":"open","ping_status":"open","sticky":false,"template":"","format":"standard","meta":[],"categories":[2,4,5],"tags":[5068,23,26,4270,2973,5069,5070,631,38],"news-destination":[],"news-source":[],"is_homepage":[],"ta_other":[],"featured_media_details":{"width":1024,"height":711,"file":"2024\/08\/opuscactus.jpg","sizes":{"medium":{"file":"opuscactus-300x208.jpg","width":300,"height":208,"mime-type":"image\/jpeg","source_url":"https:\/\/www.gardaseezeitung.it\/gardaseezeitung_new\/de\/wp-content\/uploads\/sites\/2\/2024\/08\/opuscactus-300x208.jpg"},"thumbnail":{"file":"opuscactus-150x150.jpg","width":150,"height":150,"mime-type":"image\/jpeg","source_url":"https:\/\/www.gardaseezeitung.it\/gardaseezeitung_new\/de\/wp-content\/uploads\/sites\/2\/2024\/08\/opuscactus-150x150.jpg"},"medium_large":{"file":"opuscactus-768x533.jpg","width":768,"height":533,"mime-type":"image\/jpeg","source_url":"https:\/\/www.gardaseezeitung.it\/gardaseezeitung_new\/de\/wp-content\/uploads\/sites\/2\/2024\/08\/opuscactus-768x533.jpg"},"big_image":{"file":"opuscactus-750x521.jpg","width":750,"height":521,"mime-type":"image\/jpeg","source_url":"https:\/\/www.gardaseezeitung.it\/gardaseezeitung_new\/de\/wp-content\/uploads\/sites\/2\/2024\/08\/opuscactus-750x521.jpg"},"guest-author-32":{"file":"opuscactus-32x32.jpg","width":32,"height":32,"mime-type":"image\/jpeg","source_url":"https:\/\/www.gardaseezeitung.it\/gardaseezeitung_new\/de\/wp-content\/uploads\/sites\/2\/2024\/08\/opuscactus-32x32.jpg"},"guest-author-50":{"file":"opuscactus-50x50.jpg","width":50,"height":50,"mime-type":"image\/jpeg","source_url":"https:\/\/www.gardaseezeitung.it\/gardaseezeitung_new\/de\/wp-content\/uploads\/sites\/2\/2024\/08\/opuscactus-50x50.jpg"},"guest-author-64":{"file":"opuscactus-64x64.jpg","width":64,"height":64,"mime-type":"image\/jpeg","source_url":"https:\/\/www.gardaseezeitung.it\/gardaseezeitung_new\/de\/wp-content\/uploads\/sites\/2\/2024\/08\/opuscactus-64x64.jpg"},"guest-author-96":{"file":"opuscactus-96x96.jpg","width":96,"height":96,"mime-type":"image\/jpeg","source_url":"https:\/\/www.gardaseezeitung.it\/gardaseezeitung_new\/de\/wp-content\/uploads\/sites\/2\/2024\/08\/opuscactus-96x96.jpg"},"guest-author-128":{"file":"opuscactus-128x128.jpg","width":128,"height":128,"mime-type":"image\/jpeg","source_url":"https:\/\/www.gardaseezeitung.it\/gardaseezeitung_new\/de\/wp-content\/uploads\/sites\/2\/2024\/08\/opuscactus-128x128.jpg"},"full":{"file":"opuscactus.jpg","width":1024,"height":711,"mime_type":"","source_url":"https:\/\/www.gardaseezeitung.it\/gardaseezeitung_new\/de\/wp-content\/uploads\/sites\/2\/2024\/08\/opuscactus.jpg"}},"image_meta":{"aperture":"0","credit":"","camera":"","caption":"","created_timestamp":"0","copyright":"","focal_length":"0","iso":"0","shutter_speed":"0","title":"","orientation":"0","keywords":[]}},"_links":{"self":[{"href":"https:\/\/www.gardaseezeitung.it\/gardaseezeitung_new\/de\/wp-json\/wp\/v2\/posts\/16727"}],"collection":[{"href":"https:\/\/www.gardaseezeitung.it\/gardaseezeitung_new\/de\/wp-json\/wp\/v2\/posts"}],"about":[{"href":"https:\/\/www.gardaseezeitung.it\/gardaseezeitung_new\/de\/wp-json\/wp\/v2\/types\/post"}],"author":[{"embeddable":true,"href":"https:\/\/www.gardaseezeitung.it\/gardaseezeitung_new\/de\/wp-json\/wp\/v2\/users\/9"}],"replies":[{"embeddable":true,"href":"https:\/\/www.gardaseezeitung.it\/gardaseezeitung_new\/de\/wp-json\/wp\/v2\/comments?post=16727"}],"version-history":[{"count":1,"href":"https:\/\/www.gardaseezeitung.it\/gardaseezeitung_new\/de\/wp-json\/wp\/v2\/posts\/16727\/revisions"}],"predecessor-version":[{"id":17034,"href":"https:\/\/www.gardaseezeitung.it\/gardaseezeitung_new\/de\/wp-json\/wp\/v2\/posts\/16727\/revisions\/17034"}],"wp:featuredmedia":[{"embeddable":true,"href":"https:\/\/www.gardaseezeitung.it\/gardaseezeitung_new\/de\/wp-json\/wp\/v2\/media\/16726"}],"wp:attachment":[{"href":"https:\/\/www.gardaseezeitung.it\/gardaseezeitung_new\/de\/wp-json\/wp\/v2\/media?parent=16727"}],"wp:term":[{"taxonomy":"category","embeddable":true,"href":"https:\/\/www.gardaseezeitung.it\/gardaseezeitung_new\/de\/wp-json\/wp\/v2\/categories?post=16727"},{"taxonomy":"post_tag","embeddable":true,"href":"https:\/\/www.gardaseezeitung.it\/gardaseezeitung_new\/de\/wp-json\/wp\/v2\/tags?post=16727"},{"taxonomy":"news-destination","embeddable":true,"href":"https:\/\/www.gardaseezeitung.it\/gardaseezeitung_new\/de\/wp-json\/wp\/v2\/news-destination?post=16727"},{"taxonomy":"news-source","embeddable":true,"href":"https:\/\/www.gardaseezeitung.it\/gardaseezeitung_new\/de\/wp-json\/wp\/v2\/news-source?post=16727"},{"taxonomy":"is_homepage","embeddable":true,"href":"https:\/\/www.gardaseezeitung.it\/gardaseezeitung_new\/de\/wp-json\/wp\/v2\/is_homepage?post=16727"},{"taxonomy":"ta_other","embeddable":true,"href":"https:\/\/www.gardaseezeitung.it\/gardaseezeitung_new\/de\/wp-json\/wp\/v2\/ta_other?post=16727"}],"curies":[{"name":"wp","href":"https:\/\/api.w.org\/{rel}","templated":true}]}}