{"id":16750,"date":"2024-08-10T12:10:52","date_gmt":"2024-08-10T10:10:52","guid":{"rendered":"https:\/\/euwps05.newsmemory.com\/gardaseezeitung_new\/de\/2024\/08\/10\/der-nacht-der-sternschnuppen-wird-valeggio-sul-mincio-zum-borgo-dei-desideri\/"},"modified":"2024-08-29T03:39:47","modified_gmt":"2024-08-29T01:39:47","slug":"der-nacht-der-sternschnuppen-wird-valeggio-sul-mincio-zum-borgo-dei-desideri","status":"publish","type":"post","link":"https:\/\/www.gardaseezeitung.it\/2024\/08\/10\/der-nacht-der-sternschnuppen-wird-valeggio-sul-mincio-zum-borgo-dei-desideri\/","title":{"rendered":"In der Nacht der Sternschnuppen wird Valeggio sul Mincio zum &#8222;Borgo dei Desideri&#8220;"},"content":{"rendered":"<p>&nbsp;<\/p>\n<p>Valeggio sul Mincio l\u00e4dt am Abend des 10. August zum \u201eDorf der W\u00fcnsche\u201c, ein magisches Erlebnis im bezaubernden Rahmen der Scaliger-Burg, einem historischen Ort, Symbol der Stadt und gleichzeitig Aussichtspunkt, von dem aus man die herrliche Umgebung bewundern kann. Die hohen T\u00fcrme der Festung werden ausnahmsweise ab 21.00 Uhr anl\u00e4sslich der San Lorenzo-Nacht f\u00fcr die \u00d6ffentlichkeit zug\u00e4nglich sein, um den Himmel aus n\u00e4chster N\u00e4he zu bewundern und nach Sternschnuppen Ausschau zu halten. Am Abend wird das Musikensemble Overjoy Acoustic Duo mit Gesang und Gitarre auftreten und ein Repertoire an Cover-Versionen im Pop-, Blues- und Jazz-Stil pr\u00e4sentieren, perfekt als Soundtrack unter dem Sternenhimmel im August. \u00a0Abschlie\u00dfend k\u00f6nnen die G\u00e4ste mit einem Glas Wein ansto\u00dfen, begleitet von einem traditionellen Dessert: den ber\u00fchmten Sfogliatine, handwerklich hergestelltes Bl\u00e4tterteig-Geb\u00e4ck, leicht und duftend. Um den Abend stilvoll ausklingen zu lassen, erwartet Borghetto die Besucher mit seiner herrlichen Altstadt, das zu einem Sommerabend am Fluss l\u00e4dt.<\/p>\n<p>Der Eintritt zur \u201eDorf der W\u00fcnsche\u201c in der Burg ist kostenpflichtig. Die Reservierung ist nicht notwendig: Das Ticket zum Preis von 5 Euro beinhaltet den Aufstieg zu den Aussichtst\u00fcrmen, die musikalische Unterhaltung und ein Glas Sekt zum Geb\u00e4ck. Mehr auf Gardasee Zeitung #10, Seite 26.<\/p>\n<p>Weitere Infos: IAT Pro Loco Valeggio-B\u00fcro <i>info@valeggio.com <\/i>&#8211; Tel. 0457951880<\/p>\n","protected":false},"excerpt":{"rendered":"","protected":false},"author":9,"featured_media":16751,"comment_status":"open","ping_status":"open","sticky":false,"template":"","format":"standard","meta":[],"categories":[2,4,5],"tags":[5106,23,26,5107,5108,5109,134,269],"news-destination":[],"news-source":[],"is_homepage":[],"ta_other":[],"featured_media_details":{"width":886,"height":690,"file":"2024\/08\/CastelloScaligero-Valeggio-ph.PietroTitoni.jpeg","sizes":{"medium":{"file":"CastelloScaligero-Valeggio-ph.PietroTitoni-300x234.jpeg","width":300,"height":234,"mime-type":"image\/jpeg","source_url":"https:\/\/www.gardaseezeitung.it\/gardaseezeitung_new\/de\/wp-content\/uploads\/sites\/2\/2024\/08\/CastelloScaligero-Valeggio-ph.PietroTitoni-300x234.jpeg"},"thumbnail":{"file":"CastelloScaligero-Valeggio-ph.PietroTitoni-150x150.jpeg","width":150,"height":150,"mime-type":"image\/jpeg","source_url":"https:\/\/www.gardaseezeitung.it\/gardaseezeitung_new\/de\/wp-content\/uploads\/sites\/2\/2024\/08\/CastelloScaligero-Valeggio-ph.PietroTitoni-150x150.jpeg"},"medium_large":{"file":"CastelloScaligero-Valeggio-ph.PietroTitoni-768x598.jpeg","width":768,"height":598,"mime-type":"image\/jpeg","source_url":"https:\/\/www.gardaseezeitung.it\/gardaseezeitung_new\/de\/wp-content\/uploads\/sites\/2\/2024\/08\/CastelloScaligero-Valeggio-ph.PietroTitoni-768x598.jpeg"},"big_image":{"file":"CastelloScaligero-Valeggio-ph.PietroTitoni-750x584.jpeg","width":750,"height":584,"mime-type":"image\/jpeg","source_url":"https:\/\/www.gardaseezeitung.it\/gardaseezeitung_new\/de\/wp-content\/uploads\/sites\/2\/2024\/08\/CastelloScaligero-Valeggio-ph.PietroTitoni-750x584.jpeg"},"guest-author-32":{"file":"CastelloScaligero-Valeggio-ph.PietroTitoni-32x32.jpeg","width":32,"height":32,"mime-type":"image\/jpeg","source_url":"https:\/\/www.gardaseezeitung.it\/gardaseezeitung_new\/de\/wp-content\/uploads\/sites\/2\/2024\/08\/CastelloScaligero-Valeggio-ph.PietroTitoni-32x32.jpeg"},"guest-author-50":{"file":"CastelloScaligero-Valeggio-ph.PietroTitoni-50x50.jpeg","width":50,"height":50,"mime-type":"image\/jpeg","source_url":"https:\/\/www.gardaseezeitung.it\/gardaseezeitung_new\/de\/wp-content\/uploads\/sites\/2\/2024\/08\/CastelloScaligero-Valeggio-ph.PietroTitoni-50x50.jpeg"},"guest-author-64":{"file":"CastelloScaligero-Valeggio-ph.PietroTitoni-64x64.jpeg","width":64,"height":64,"mime-type":"image\/jpeg","source_url":"https:\/\/www.gardaseezeitung.it\/gardaseezeitung_new\/de\/wp-content\/uploads\/sites\/2\/2024\/08\/CastelloScaligero-Valeggio-ph.PietroTitoni-64x64.jpeg"},"guest-author-96":{"file":"CastelloScaligero-Valeggio-ph.PietroTitoni-96x96.jpeg","width":96,"height":96,"mime-type":"image\/jpeg","source_url":"https:\/\/www.gardaseezeitung.it\/gardaseezeitung_new\/de\/wp-content\/uploads\/sites\/2\/2024\/08\/CastelloScaligero-Valeggio-ph.PietroTitoni-96x96.jpeg"},"guest-author-128":{"file":"CastelloScaligero-Valeggio-ph.PietroTitoni-128x128.jpeg","width":128,"height":128,"mime-type":"image\/jpeg","source_url":"https:\/\/www.gardaseezeitung.it\/gardaseezeitung_new\/de\/wp-content\/uploads\/sites\/2\/2024\/08\/CastelloScaligero-Valeggio-ph.PietroTitoni-128x128.jpeg"},"full":{"file":"CastelloScaligero-Valeggio-ph.PietroTitoni.jpeg","width":886,"height":690,"mime_type":"","source_url":"https:\/\/www.gardaseezeitung.it\/gardaseezeitung_new\/de\/wp-content\/uploads\/sites\/2\/2024\/08\/CastelloScaligero-Valeggio-ph.PietroTitoni.jpeg"}},"image_meta":{"aperture":"0","credit":"","camera":"","caption":"","created_timestamp":"0","copyright":"","focal_length":"0","iso":"0","shutter_speed":"0","title":"","orientation":"1","keywords":[]}},"_links":{"self":[{"href":"https:\/\/www.gardaseezeitung.it\/gardaseezeitung_new\/de\/wp-json\/wp\/v2\/posts\/16750"}],"collection":[{"href":"https:\/\/www.gardaseezeitung.it\/gardaseezeitung_new\/de\/wp-json\/wp\/v2\/posts"}],"about":[{"href":"https:\/\/www.gardaseezeitung.it\/gardaseezeitung_new\/de\/wp-json\/wp\/v2\/types\/post"}],"author":[{"embeddable":true,"href":"https:\/\/www.gardaseezeitung.it\/gardaseezeitung_new\/de\/wp-json\/wp\/v2\/users\/9"}],"replies":[{"embeddable":true,"href":"https:\/\/www.gardaseezeitung.it\/gardaseezeitung_new\/de\/wp-json\/wp\/v2\/comments?post=16750"}],"version-history":[{"count":1,"href":"https:\/\/www.gardaseezeitung.it\/gardaseezeitung_new\/de\/wp-json\/wp\/v2\/posts\/16750\/revisions"}],"predecessor-version":[{"id":16753,"href":"https:\/\/www.gardaseezeitung.it\/gardaseezeitung_new\/de\/wp-json\/wp\/v2\/posts\/16750\/revisions\/16753"}],"wp:featuredmedia":[{"embeddable":true,"href":"https:\/\/www.gardaseezeitung.it\/gardaseezeitung_new\/de\/wp-json\/wp\/v2\/media\/16751"}],"wp:attachment":[{"href":"https:\/\/www.gardaseezeitung.it\/gardaseezeitung_new\/de\/wp-json\/wp\/v2\/media?parent=16750"}],"wp:term":[{"taxonomy":"category","embeddable":true,"href":"https:\/\/www.gardaseezeitung.it\/gardaseezeitung_new\/de\/wp-json\/wp\/v2\/categories?post=16750"},{"taxonomy":"post_tag","embeddable":true,"href":"https:\/\/www.gardaseezeitung.it\/gardaseezeitung_new\/de\/wp-json\/wp\/v2\/tags?post=16750"},{"taxonomy":"news-destination","embeddable":true,"href":"https:\/\/www.gardaseezeitung.it\/gardaseezeitung_new\/de\/wp-json\/wp\/v2\/news-destination?post=16750"},{"taxonomy":"news-source","embeddable":true,"href":"https:\/\/www.gardaseezeitung.it\/gardaseezeitung_new\/de\/wp-json\/wp\/v2\/news-source?post=16750"},{"taxonomy":"is_homepage","embeddable":true,"href":"https:\/\/www.gardaseezeitung.it\/gardaseezeitung_new\/de\/wp-json\/wp\/v2\/is_homepage?post=16750"},{"taxonomy":"ta_other","embeddable":true,"href":"https:\/\/www.gardaseezeitung.it\/gardaseezeitung_new\/de\/wp-json\/wp\/v2\/ta_other?post=16750"}],"curies":[{"name":"wp","href":"https:\/\/api.w.org\/{rel}","templated":true}]}}