{"id":16921,"date":"2024-08-15T01:59:01","date_gmt":"2024-08-14T23:59:01","guid":{"rendered":"http:\/\/euwps06.newsmemory.com\/gardaseezeitung_new\/de\/2024\/08\/15\/bussolengo-verona-laedt-zum-6-san-rocco-music-festival\/"},"modified":"2024-08-29T03:39:47","modified_gmt":"2024-08-29T01:39:47","slug":"bussolengo-verona-laedt-zum-6-san-rocco-music-festival","status":"publish","type":"post","link":"https:\/\/www.gardaseezeitung.it\/2024\/08\/15\/bussolengo-verona-laedt-zum-6-san-rocco-music-festival\/","title":{"rendered":"Bussolengo (Verona) l\u00e4dt zum 6. San Rocco Music Festival"},"content":{"rendered":"<p>Vom 16. bis zum 18. August wird in Bussolengo zur sechsten Ausgabe des San Rocco Music Festivals geladen, und dies mit einem Konzertreigen, der italienischen und internationalen Liedermachern gewidmet ist. Wie der stellvertretende B\u00fcrgermeister Massimo Girelli betont: \u201eMit dem San Rocco Music Festival geht das \u201eFesta d\u2019estate\u201c (Sommerfest) zu Ende, das auch in diesem Jahr ein gro\u00dfer Erfolg war und es erm\u00f6glicht hat, unser geliebtes Bussolengo bekannt zu machen.\u201c<\/p>\n<p>Zum Auftakt des Musikfestivals am Freitag, den 16. August, ist um 19 Uhr eine Heilige Messe vor dem Capitello di San Rocco in der Via Piorta geplant und ab 21.00 Uhr steht dann das Konzert \u201eGute neue und alte Geschichten\u201c, eine Hommage an die italienischen und ausl\u00e4ndischen Liedermacher, auf dem Programm, f\u00fcr das die Onde Acustiche verantwortlich zeichnen. Am Samstag, 17. August, um 21.00 Uhr findet das der italienischen S\u00e4ngerin Elisa gewidmete Konzert \u201eEppure Sentire\u201c statt. Auf der B\u00fchne stehen Martino Posenato, Leila Lazrague und Edoardo Bissolo. Schlie\u00dflich wird Gilberto Lamacchi am Sonntag, 18. August, um 21.00 Uhr die Ausgabe 2024 des Festivals mit seinem Konzert \u201eUnd sie erschossen den Liedermacher\u201c abschlie\u00dfen, einer Hommage an die italienischen Songwriter.<\/p>\n<p>Alle Veranstaltungen finden bei freiem Eintritt auf der Piazza 26 Aprile statt. Viel Musik, aber auch ausgezeichnetes Essen, das die Abende des Ferragosto-Wochenendes mit gastronomischen St\u00e4nden, Wein und hausgemachtem Eis jeden Abend ab 19.00 Uhr begleitet.<\/p>\n<p>\u201eDieses Festival ist eine wunderbare Gelegenheit, gemeinsam die sch\u00f6nsten Lieder der vergangenen Jahre zu erleben, die das Leben ganzer Generationen gepr\u00e4gt haben\u201c, so Stadtr\u00e4tin Valeria Iaquinta, \u201eaber es ist auch eine unbeschwerte Gelegenheit, zu den gro\u00dfartigen italienischen und ausl\u00e4ndischen Klassikern zu singen und zu tanzen.\u201c<\/p>\n<p>B\u00fcrgermeister Roberto Brizzi f\u00fcgte hinzu: \u201eDas Festival ist Teil einer Reihe von Initiativen, die unsere Verwaltung seit Beginn ihrer ersten Amtszeit stark unterst\u00fctzt. Auch wenn es angesichts des geplanten Zeitraums gewagt erscheinen mag, ist die Feier von San Rocco in Bussolengo eine feste Tradition, wie die pr\u00e4chtige, ihm gewidmete Kirche belegt.\u201c<\/p>\n","protected":false},"excerpt":{"rendered":"<p>Vom 16. bis zum 18. August wird in Bussolengo zur sechsten Ausgabe des San Rocco Music Festivals geladen, mite dem geht das \u201eFesta d\u2019estate\u201c (Sommerfest) zu Ende<\/p>\n","protected":false},"author":9,"featured_media":16917,"comment_status":"open","ping_status":"open","sticky":false,"template":"","format":"standard","meta":[],"categories":[2,4,5],"tags":[74,5122,5123,5124,5125,5126,23,26,5127,5128,5129,5130,4121,1799],"news-destination":[],"news-source":[],"is_homepage":[],"ta_other":[],"featured_media_details":{"width":798,"height":510,"file":"2024\/08\/SanRoccowww.jpg","sizes":{"medium":{"file":"SanRoccowww-300x192.jpg","width":300,"height":192,"mime-type":"image\/jpeg","source_url":"https:\/\/www.gardaseezeitung.it\/gardaseezeitung_new\/de\/wp-content\/uploads\/sites\/2\/2024\/08\/SanRoccowww-300x192.jpg"},"thumbnail":{"file":"SanRoccowww-150x150.jpg","width":150,"height":150,"mime-type":"image\/jpeg","source_url":"https:\/\/www.gardaseezeitung.it\/gardaseezeitung_new\/de\/wp-content\/uploads\/sites\/2\/2024\/08\/SanRoccowww-150x150.jpg"},"medium_large":{"file":"SanRoccowww-768x491.jpg","width":768,"height":491,"mime-type":"image\/jpeg","source_url":"https:\/\/www.gardaseezeitung.it\/gardaseezeitung_new\/de\/wp-content\/uploads\/sites\/2\/2024\/08\/SanRoccowww-768x491.jpg"},"big_image":{"file":"SanRoccowww-750x479.jpg","width":750,"height":479,"mime-type":"image\/jpeg","source_url":"https:\/\/www.gardaseezeitung.it\/gardaseezeitung_new\/de\/wp-content\/uploads\/sites\/2\/2024\/08\/SanRoccowww-750x479.jpg"},"guest-author-32":{"file":"SanRoccowww-32x32.jpg","width":32,"height":32,"mime-type":"image\/jpeg","source_url":"https:\/\/www.gardaseezeitung.it\/gardaseezeitung_new\/de\/wp-content\/uploads\/sites\/2\/2024\/08\/SanRoccowww-32x32.jpg"},"guest-author-50":{"file":"SanRoccowww-50x50.jpg","width":50,"height":50,"mime-type":"image\/jpeg","source_url":"https:\/\/www.gardaseezeitung.it\/gardaseezeitung_new\/de\/wp-content\/uploads\/sites\/2\/2024\/08\/SanRoccowww-50x50.jpg"},"guest-author-64":{"file":"SanRoccowww-64x64.jpg","width":64,"height":64,"mime-type":"image\/jpeg","source_url":"https:\/\/www.gardaseezeitung.it\/gardaseezeitung_new\/de\/wp-content\/uploads\/sites\/2\/2024\/08\/SanRoccowww-64x64.jpg"},"guest-author-96":{"file":"SanRoccowww-96x96.jpg","width":96,"height":96,"mime-type":"image\/jpeg","source_url":"https:\/\/www.gardaseezeitung.it\/gardaseezeitung_new\/de\/wp-content\/uploads\/sites\/2\/2024\/08\/SanRoccowww-96x96.jpg"},"guest-author-128":{"file":"SanRoccowww-128x128.jpg","width":128,"height":128,"mime-type":"image\/jpeg","source_url":"https:\/\/www.gardaseezeitung.it\/gardaseezeitung_new\/de\/wp-content\/uploads\/sites\/2\/2024\/08\/SanRoccowww-128x128.jpg"},"full":{"file":"SanRoccowww.jpg","width":798,"height":510,"mime_type":"","source_url":"https:\/\/www.gardaseezeitung.it\/gardaseezeitung_new\/de\/wp-content\/uploads\/sites\/2\/2024\/08\/SanRoccowww.jpg"}},"image_meta":{"aperture":"0","credit":"","camera":"","caption":"","created_timestamp":"0","copyright":"","focal_length":"0","iso":"0","shutter_speed":"0","title":"","orientation":"1","keywords":[]}},"_links":{"self":[{"href":"https:\/\/www.gardaseezeitung.it\/gardaseezeitung_new\/de\/wp-json\/wp\/v2\/posts\/16921"}],"collection":[{"href":"https:\/\/www.gardaseezeitung.it\/gardaseezeitung_new\/de\/wp-json\/wp\/v2\/posts"}],"about":[{"href":"https:\/\/www.gardaseezeitung.it\/gardaseezeitung_new\/de\/wp-json\/wp\/v2\/types\/post"}],"author":[{"embeddable":true,"href":"https:\/\/www.gardaseezeitung.it\/gardaseezeitung_new\/de\/wp-json\/wp\/v2\/users\/9"}],"replies":[{"embeddable":true,"href":"https:\/\/www.gardaseezeitung.it\/gardaseezeitung_new\/de\/wp-json\/wp\/v2\/comments?post=16921"}],"version-history":[{"count":1,"href":"https:\/\/www.gardaseezeitung.it\/gardaseezeitung_new\/de\/wp-json\/wp\/v2\/posts\/16921\/revisions"}],"predecessor-version":[{"id":16922,"href":"https:\/\/www.gardaseezeitung.it\/gardaseezeitung_new\/de\/wp-json\/wp\/v2\/posts\/16921\/revisions\/16922"}],"wp:featuredmedia":[{"embeddable":true,"href":"https:\/\/www.gardaseezeitung.it\/gardaseezeitung_new\/de\/wp-json\/wp\/v2\/media\/16917"}],"wp:attachment":[{"href":"https:\/\/www.gardaseezeitung.it\/gardaseezeitung_new\/de\/wp-json\/wp\/v2\/media?parent=16921"}],"wp:term":[{"taxonomy":"category","embeddable":true,"href":"https:\/\/www.gardaseezeitung.it\/gardaseezeitung_new\/de\/wp-json\/wp\/v2\/categories?post=16921"},{"taxonomy":"post_tag","embeddable":true,"href":"https:\/\/www.gardaseezeitung.it\/gardaseezeitung_new\/de\/wp-json\/wp\/v2\/tags?post=16921"},{"taxonomy":"news-destination","embeddable":true,"href":"https:\/\/www.gardaseezeitung.it\/gardaseezeitung_new\/de\/wp-json\/wp\/v2\/news-destination?post=16921"},{"taxonomy":"news-source","embeddable":true,"href":"https:\/\/www.gardaseezeitung.it\/gardaseezeitung_new\/de\/wp-json\/wp\/v2\/news-source?post=16921"},{"taxonomy":"is_homepage","embeddable":true,"href":"https:\/\/www.gardaseezeitung.it\/gardaseezeitung_new\/de\/wp-json\/wp\/v2\/is_homepage?post=16921"},{"taxonomy":"ta_other","embeddable":true,"href":"https:\/\/www.gardaseezeitung.it\/gardaseezeitung_new\/de\/wp-json\/wp\/v2\/ta_other?post=16921"}],"curies":[{"name":"wp","href":"https:\/\/api.w.org\/{rel}","templated":true}]}}