{"id":16926,"date":"2024-08-16T14:11:24","date_gmt":"2024-08-16T12:11:24","guid":{"rendered":"http:\/\/euwps06.newsmemory.com\/gardaseezeitung_new\/de\/2024\/08\/16\/sturm-hagel-und-gewitter-gardasee-15-menschen-werden-von-der-kuestenwache-gerettet\/"},"modified":"2024-08-29T03:39:47","modified_gmt":"2024-08-29T01:39:47","slug":"sturm-hagel-und-gewitter-gardasee-15-menschen-werden-von-der-kuestenwache-gerettet","status":"publish","type":"post","link":"https:\/\/www.gardaseezeitung.it\/2024\/08\/16\/sturm-hagel-und-gewitter-gardasee-15-menschen-werden-von-der-kuestenwache-gerettet\/","title":{"rendered":"Sturm, Hagel und Gewitter am Gardasee: 15 Menschen werden von der K\u00fcstenwache gerettet"},"content":{"rendered":"<p>Am 14. August hatte der Zivilschutz eine Wetterwarnung f\u00fcr den Durchzug eines starken Gewitters am Gardasee herausgegeben. Und tats\u00e4chlich gingen, wie vorhergesagt, von 17 Uhr bis 21 Uhr Dutzende von Notrufen bei der Einsatzzentrale der K\u00fcstenwache am Gardasee ein, von Seglern in Schwierigkeiten, aber auch von Menschen, die von der K\u00fcste aus \u00fcber Situationen extremer Gefahr f\u00fcr Schwimmer und Segler berichteten.<\/p>\n<p>Bei acht Rettungseins\u00e4tzen wurden 15 Menschen bei Wind, Regen und Hagel gerettet. Vor allem in Sirmione gab es zwei Eins\u00e4tze: Ein Segelboot kenterte, wobei ein Sportler im Wasser trieb, und ein Motorboot mit f\u00fcnf Personen an Bord, w\u00e4hrend in den Gew\u00e4ssern zwischen Moniga und Desenzano drei Kanufahrer mitten im Sturm gerettet wurden; Im Golf von Sal\u00f2 wurde fast in der Nacht eine ganze vierk\u00f6pfige Familie (darunter zwei Minderj\u00e4hrige) gerettet, die wegen eines Motorschadens und der Unf\u00e4higkeit, die Segel zu benutzen, in Schwierigkeiten geraten war, weil es stark regnete und der Wind b\u00f6ig war.<\/p>\n<p>Dar\u00fcber hinaus gab es weitere \u00dcberpr\u00fcfungsaktivit\u00e4ten f\u00fcr von Land aus gestartete Alarme, die alle sp\u00e4ter zur\u00fcckgegeben wurden, zwischen Malcesine, Brenzone, Torri del Benaco, dem Golf von Romantica und Desenzano, wo die Einsatzzentrale der K\u00fcstenwache von Sal\u00f2 auf jeden Fall ihre eigenen Fahrzeuge f\u00fcr die notwendigen \u00dcberpr\u00fcfungen einsetzte.<\/p>\n<p>Letzte Woche (Foto) wurde ein deutsches Touristenpaar zusammen mit ihrem kleinen Hund dank des rechtzeitigen Eingreifens der Rettungsmaschine gerettet.<\/p>\n<p>Die Empfehlungen der K\u00fcstenwache.<\/p>\n<p>Die K\u00fcstenwache weist noch einmal darauf hin, dass man bei schlechtem Wetter, das durch Wind, Regen und See gepr\u00e4gt ist, keine Bootstouren, Badeausfl\u00fcge oder sportliche Aktivit\u00e4ten unternehmen sollte, sondern sich immer im Voraus \u00fcber die sehr zuverl\u00e4ssigen und genauen Wetter-Webseiten \u00fcber die Wetterlage informieren und die Entwicklung der vorhergesagten Bedingungen analysieren sollte, die besonders gef\u00e4hrlich werden k\u00f6nnen, wie heute am Gardasee geschehen.<\/p>\n","protected":false},"excerpt":{"rendered":"<p>Trotz der Wetterwarnung wagten sich viele Badeg\u00e4ste an den See bei Ferragosto<\/p>\n","protected":false},"author":9,"featured_media":16925,"comment_status":"open","ping_status":"open","sticky":false,"template":"","format":"standard","meta":[],"categories":[2,3],"tags":[476,131,23,26,5134,170,1182,32],"news-destination":[],"news-source":[],"is_homepage":[],"ta_other":[],"featured_media_details":{"width":792,"height":546,"file":"2024\/08\/Maltempo.jpg","sizes":{"medium":{"file":"Maltempo-300x207.jpg","width":300,"height":207,"mime-type":"image\/jpeg","source_url":"https:\/\/www.gardaseezeitung.it\/gardaseezeitung_new\/de\/wp-content\/uploads\/sites\/2\/2024\/08\/Maltempo-300x207.jpg"},"thumbnail":{"file":"Maltempo-150x150.jpg","width":150,"height":150,"mime-type":"image\/jpeg","source_url":"https:\/\/www.gardaseezeitung.it\/gardaseezeitung_new\/de\/wp-content\/uploads\/sites\/2\/2024\/08\/Maltempo-150x150.jpg"},"medium_large":{"file":"Maltempo-768x529.jpg","width":768,"height":529,"mime-type":"image\/jpeg","source_url":"https:\/\/www.gardaseezeitung.it\/gardaseezeitung_new\/de\/wp-content\/uploads\/sites\/2\/2024\/08\/Maltempo-768x529.jpg"},"big_image":{"file":"Maltempo-750x517.jpg","width":750,"height":517,"mime-type":"image\/jpeg","source_url":"https:\/\/www.gardaseezeitung.it\/gardaseezeitung_new\/de\/wp-content\/uploads\/sites\/2\/2024\/08\/Maltempo-750x517.jpg"},"guest-author-32":{"file":"Maltempo-32x32.jpg","width":32,"height":32,"mime-type":"image\/jpeg","source_url":"https:\/\/www.gardaseezeitung.it\/gardaseezeitung_new\/de\/wp-content\/uploads\/sites\/2\/2024\/08\/Maltempo-32x32.jpg"},"guest-author-50":{"file":"Maltempo-50x50.jpg","width":50,"height":50,"mime-type":"image\/jpeg","source_url":"https:\/\/www.gardaseezeitung.it\/gardaseezeitung_new\/de\/wp-content\/uploads\/sites\/2\/2024\/08\/Maltempo-50x50.jpg"},"guest-author-64":{"file":"Maltempo-64x64.jpg","width":64,"height":64,"mime-type":"image\/jpeg","source_url":"https:\/\/www.gardaseezeitung.it\/gardaseezeitung_new\/de\/wp-content\/uploads\/sites\/2\/2024\/08\/Maltempo-64x64.jpg"},"guest-author-96":{"file":"Maltempo-96x96.jpg","width":96,"height":96,"mime-type":"image\/jpeg","source_url":"https:\/\/www.gardaseezeitung.it\/gardaseezeitung_new\/de\/wp-content\/uploads\/sites\/2\/2024\/08\/Maltempo-96x96.jpg"},"guest-author-128":{"file":"Maltempo-128x128.jpg","width":128,"height":128,"mime-type":"image\/jpeg","source_url":"https:\/\/www.gardaseezeitung.it\/gardaseezeitung_new\/de\/wp-content\/uploads\/sites\/2\/2024\/08\/Maltempo-128x128.jpg"},"full":{"file":"Maltempo.jpg","width":792,"height":546,"mime_type":"","source_url":"https:\/\/www.gardaseezeitung.it\/gardaseezeitung_new\/de\/wp-content\/uploads\/sites\/2\/2024\/08\/Maltempo.jpg"}},"image_meta":{"aperture":"0","credit":"","camera":"","caption":"","created_timestamp":"0","copyright":"","focal_length":"0","iso":"0","shutter_speed":"0","title":"","orientation":"1","keywords":[]}},"_links":{"self":[{"href":"https:\/\/www.gardaseezeitung.it\/gardaseezeitung_new\/de\/wp-json\/wp\/v2\/posts\/16926"}],"collection":[{"href":"https:\/\/www.gardaseezeitung.it\/gardaseezeitung_new\/de\/wp-json\/wp\/v2\/posts"}],"about":[{"href":"https:\/\/www.gardaseezeitung.it\/gardaseezeitung_new\/de\/wp-json\/wp\/v2\/types\/post"}],"author":[{"embeddable":true,"href":"https:\/\/www.gardaseezeitung.it\/gardaseezeitung_new\/de\/wp-json\/wp\/v2\/users\/9"}],"replies":[{"embeddable":true,"href":"https:\/\/www.gardaseezeitung.it\/gardaseezeitung_new\/de\/wp-json\/wp\/v2\/comments?post=16926"}],"version-history":[{"count":1,"href":"https:\/\/www.gardaseezeitung.it\/gardaseezeitung_new\/de\/wp-json\/wp\/v2\/posts\/16926\/revisions"}],"predecessor-version":[{"id":16927,"href":"https:\/\/www.gardaseezeitung.it\/gardaseezeitung_new\/de\/wp-json\/wp\/v2\/posts\/16926\/revisions\/16927"}],"wp:featuredmedia":[{"embeddable":true,"href":"https:\/\/www.gardaseezeitung.it\/gardaseezeitung_new\/de\/wp-json\/wp\/v2\/media\/16925"}],"wp:attachment":[{"href":"https:\/\/www.gardaseezeitung.it\/gardaseezeitung_new\/de\/wp-json\/wp\/v2\/media?parent=16926"}],"wp:term":[{"taxonomy":"category","embeddable":true,"href":"https:\/\/www.gardaseezeitung.it\/gardaseezeitung_new\/de\/wp-json\/wp\/v2\/categories?post=16926"},{"taxonomy":"post_tag","embeddable":true,"href":"https:\/\/www.gardaseezeitung.it\/gardaseezeitung_new\/de\/wp-json\/wp\/v2\/tags?post=16926"},{"taxonomy":"news-destination","embeddable":true,"href":"https:\/\/www.gardaseezeitung.it\/gardaseezeitung_new\/de\/wp-json\/wp\/v2\/news-destination?post=16926"},{"taxonomy":"news-source","embeddable":true,"href":"https:\/\/www.gardaseezeitung.it\/gardaseezeitung_new\/de\/wp-json\/wp\/v2\/news-source?post=16926"},{"taxonomy":"is_homepage","embeddable":true,"href":"https:\/\/www.gardaseezeitung.it\/gardaseezeitung_new\/de\/wp-json\/wp\/v2\/is_homepage?post=16926"},{"taxonomy":"ta_other","embeddable":true,"href":"https:\/\/www.gardaseezeitung.it\/gardaseezeitung_new\/de\/wp-json\/wp\/v2\/ta_other?post=16926"}],"curies":[{"name":"wp","href":"https:\/\/api.w.org\/{rel}","templated":true}]}}