{"id":16965,"date":"2024-08-24T15:02:59","date_gmt":"2024-08-24T13:02:59","guid":{"rendered":"http:\/\/euwps06.newsmemory.com\/gardaseezeitung_new\/de\/2024\/08\/24\/porto-di-brenzone-porto-festa\/"},"modified":"2024-08-29T03:39:47","modified_gmt":"2024-08-29T01:39:47","slug":"porto-di-brenzone-porto-festa","status":"publish","type":"post","link":"https:\/\/www.gardaseezeitung.it\/2024\/08\/24\/porto-di-brenzone-porto-festa\/","title":{"rendered":"Porto di Brenzone: &#8222;Porto in Festa&#8220;"},"content":{"rendered":"<p>Unter dem Motto \u201ePorto in Festa\u201c wird am Samstag, den 24. und Sonntag, den 25. August, im stimmungsvollen Rahmen des kleinen Hafens von Porto mit viel Musik, vielen Spielen, Spa\u00df und Verkostungen typischer lokaler Gerichte gefeiert. Am Samstag, den 24. August, beginnt der Tag mit dem Tirlinda-Angelwettbewerb, gefolgt von Spielen f\u00fcr Kinder und von einem Markt. Die gastronomischen St\u00e4nde \u00f6ffnen um 12 Uhr. Am Nachmittag stehen viele Spiele auf dem Programm, und dies bis um 17 Uhr die sehr beliebte \u201eCuccagna \u00fcber dem See\u201c stattfindet. Die gastronomischen St\u00e4nde \u00f6ffnen um 19 Uhr, begleitet von Live-Musik und DJ-Musik. Der Sonntag, 25. August, beginnt mit der Garda Spinning Trophy 2023, gefolgt von der Er\u00f6ffnung der M\u00e4rkte sowie der gastronomischen St\u00e4nde, w\u00e4hrend am Nachmittag Spiele f\u00fcr Erwachsene und Kinder sowie die \u201eVerr\u00fcckte Regatta\u201c stattfinden. Am Abend bietet sich erneut die M\u00f6glichkeit, die lokaltypischen Gerichte zu probieren. Vorgesehen ist auch eine Lotterie. Um 23.30 Uhr ist ein gro\u00dfes Feuerwerk, begleitet von Live-Musik und DJ-Musik, der kr\u00f6nende Abschluss des Festes.<\/p>\n","protected":false},"excerpt":{"rendered":"<p>Unter dem Motto \u201ePorto in Festa\u201c wird am 24. und 25. August mit viel Musik, vielen Spielen, Spa\u00df und Verkostungen typischer lokaler Gerichte gefeiert<\/p>\n","protected":false},"author":9,"featured_media":16964,"comment_status":"open","ping_status":"open","sticky":false,"template":"","format":"standard","meta":[],"categories":[2,5,3],"tags":[476,5161,3401,23,26,5162,4217],"news-destination":[],"news-source":[],"is_homepage":[],"ta_other":[],"featured_media_details":{"width":900,"height":373,"file":"2024\/08\/Porto-di-Brenzone-1-scaled-e1724596626550.jpg","sizes":{"medium":{"file":"Porto-di-Brenzone-1-scaled-e1724596626550-300x124.jpg","width":300,"height":124,"mime-type":"image\/jpeg","source_url":"https:\/\/www.gardaseezeitung.it\/gardaseezeitung_new\/de\/wp-content\/uploads\/sites\/2\/2024\/08\/Porto-di-Brenzone-1-scaled-e1724596626550-300x124.jpg"},"thumbnail":{"file":"Porto-di-Brenzone-1-scaled-e1724596626550-150x150.jpg","width":150,"height":150,"mime-type":"image\/jpeg","source_url":"https:\/\/www.gardaseezeitung.it\/gardaseezeitung_new\/de\/wp-content\/uploads\/sites\/2\/2024\/08\/Porto-di-Brenzone-1-scaled-e1724596626550-150x150.jpg"},"medium_large":{"file":"Porto-di-Brenzone-1-scaled-e1724596626550-768x318.jpg","width":768,"height":318,"mime-type":"image\/jpeg","source_url":"https:\/\/www.gardaseezeitung.it\/gardaseezeitung_new\/de\/wp-content\/uploads\/sites\/2\/2024\/08\/Porto-di-Brenzone-1-scaled-e1724596626550-768x318.jpg"},"big_image":{"file":"Porto-di-Brenzone-1-scaled-e1724596626550-750x311.jpg","width":750,"height":311,"mime-type":"image\/jpeg","source_url":"https:\/\/www.gardaseezeitung.it\/gardaseezeitung_new\/de\/wp-content\/uploads\/sites\/2\/2024\/08\/Porto-di-Brenzone-1-scaled-e1724596626550-750x311.jpg"},"guest-author-32":{"file":"Porto-di-Brenzone-1-scaled-e1724596626550-32x32.jpg","width":32,"height":32,"mime-type":"image\/jpeg","source_url":"https:\/\/www.gardaseezeitung.it\/gardaseezeitung_new\/de\/wp-content\/uploads\/sites\/2\/2024\/08\/Porto-di-Brenzone-1-scaled-e1724596626550-32x32.jpg"},"guest-author-50":{"file":"Porto-di-Brenzone-1-scaled-e1724596626550-50x50.jpg","width":50,"height":50,"mime-type":"image\/jpeg","source_url":"https:\/\/www.gardaseezeitung.it\/gardaseezeitung_new\/de\/wp-content\/uploads\/sites\/2\/2024\/08\/Porto-di-Brenzone-1-scaled-e1724596626550-50x50.jpg"},"guest-author-64":{"file":"Porto-di-Brenzone-1-scaled-e1724596626550-64x64.jpg","width":64,"height":64,"mime-type":"image\/jpeg","source_url":"https:\/\/www.gardaseezeitung.it\/gardaseezeitung_new\/de\/wp-content\/uploads\/sites\/2\/2024\/08\/Porto-di-Brenzone-1-scaled-e1724596626550-64x64.jpg"},"guest-author-96":{"file":"Porto-di-Brenzone-1-scaled-e1724596626550-96x96.jpg","width":96,"height":96,"mime-type":"image\/jpeg","source_url":"https:\/\/www.gardaseezeitung.it\/gardaseezeitung_new\/de\/wp-content\/uploads\/sites\/2\/2024\/08\/Porto-di-Brenzone-1-scaled-e1724596626550-96x96.jpg"},"guest-author-128":{"file":"Porto-di-Brenzone-1-scaled-e1724596626550-128x128.jpg","width":128,"height":128,"mime-type":"image\/jpeg","source_url":"https:\/\/www.gardaseezeitung.it\/gardaseezeitung_new\/de\/wp-content\/uploads\/sites\/2\/2024\/08\/Porto-di-Brenzone-1-scaled-e1724596626550-128x128.jpg"},"full":{"file":"Porto-di-Brenzone-1-scaled-e1724596626550.jpg","width":900,"height":373,"mime_type":"","source_url":"https:\/\/www.gardaseezeitung.it\/gardaseezeitung_new\/de\/wp-content\/uploads\/sites\/2\/2024\/08\/Porto-di-Brenzone-1-scaled-e1724596626550.jpg"}},"image_meta":{"aperture":"0","credit":"","camera":"","caption":"","created_timestamp":"0","copyright":"","focal_length":"0","iso":"0","shutter_speed":"0","title":"Porto di Brenzone","orientation":"0","keywords":[]}},"_links":{"self":[{"href":"https:\/\/www.gardaseezeitung.it\/gardaseezeitung_new\/de\/wp-json\/wp\/v2\/posts\/16965"}],"collection":[{"href":"https:\/\/www.gardaseezeitung.it\/gardaseezeitung_new\/de\/wp-json\/wp\/v2\/posts"}],"about":[{"href":"https:\/\/www.gardaseezeitung.it\/gardaseezeitung_new\/de\/wp-json\/wp\/v2\/types\/post"}],"author":[{"embeddable":true,"href":"https:\/\/www.gardaseezeitung.it\/gardaseezeitung_new\/de\/wp-json\/wp\/v2\/users\/9"}],"replies":[{"embeddable":true,"href":"https:\/\/www.gardaseezeitung.it\/gardaseezeitung_new\/de\/wp-json\/wp\/v2\/comments?post=16965"}],"version-history":[{"count":1,"href":"https:\/\/www.gardaseezeitung.it\/gardaseezeitung_new\/de\/wp-json\/wp\/v2\/posts\/16965\/revisions"}],"predecessor-version":[{"id":17004,"href":"https:\/\/www.gardaseezeitung.it\/gardaseezeitung_new\/de\/wp-json\/wp\/v2\/posts\/16965\/revisions\/17004"}],"wp:featuredmedia":[{"embeddable":true,"href":"https:\/\/www.gardaseezeitung.it\/gardaseezeitung_new\/de\/wp-json\/wp\/v2\/media\/16964"}],"wp:attachment":[{"href":"https:\/\/www.gardaseezeitung.it\/gardaseezeitung_new\/de\/wp-json\/wp\/v2\/media?parent=16965"}],"wp:term":[{"taxonomy":"category","embeddable":true,"href":"https:\/\/www.gardaseezeitung.it\/gardaseezeitung_new\/de\/wp-json\/wp\/v2\/categories?post=16965"},{"taxonomy":"post_tag","embeddable":true,"href":"https:\/\/www.gardaseezeitung.it\/gardaseezeitung_new\/de\/wp-json\/wp\/v2\/tags?post=16965"},{"taxonomy":"news-destination","embeddable":true,"href":"https:\/\/www.gardaseezeitung.it\/gardaseezeitung_new\/de\/wp-json\/wp\/v2\/news-destination?post=16965"},{"taxonomy":"news-source","embeddable":true,"href":"https:\/\/www.gardaseezeitung.it\/gardaseezeitung_new\/de\/wp-json\/wp\/v2\/news-source?post=16965"},{"taxonomy":"is_homepage","embeddable":true,"href":"https:\/\/www.gardaseezeitung.it\/gardaseezeitung_new\/de\/wp-json\/wp\/v2\/is_homepage?post=16965"},{"taxonomy":"ta_other","embeddable":true,"href":"https:\/\/www.gardaseezeitung.it\/gardaseezeitung_new\/de\/wp-json\/wp\/v2\/ta_other?post=16965"}],"curies":[{"name":"wp","href":"https:\/\/api.w.org\/{rel}","templated":true}]}}