{"id":16982,"date":"2024-08-29T00:21:24","date_gmt":"2024-08-28T22:21:24","guid":{"rendered":"http:\/\/euwps06.newsmemory.com\/gardaseezeitung_new\/de\/2024\/08\/26\/valeggio-cosplay-parco-giardino-sigurta-31-august-und-1-september\/"},"modified":"2024-08-29T03:39:46","modified_gmt":"2024-08-29T01:39:46","slug":"valeggio-cosplay-parco-giardino-sigurta-31-august-und-1-september","status":"publish","type":"post","link":"https:\/\/www.gardaseezeitung.it\/2024\/08\/29\/valeggio-cosplay-parco-giardino-sigurta-31-august-und-1-september\/","title":{"rendered":"Valeggio: Cosplay in Parco Giardino Sigurt\u00e0 am 31. August und 1. September"},"content":{"rendered":"<p>Auch im Rahmen der achtzehnten Ausgabe des Events verwandelt sich die 600.000 Quadratmeter gro\u00dfe Gr\u00fcnanlage, die als zweitsch\u00f6nste Parkanlage Europas pr\u00e4miert wurde, in eine B\u00fchne f\u00fcr Figuranten und Besucher jeden Alters, die hier einen prickelnden Tag erleben k\u00f6nnen. Hunderte von Cosplayers werden erwartet. Erinnerungsfotos mit den Cosplay-Helden inmitten einer einmaligen Kulisse wie dem Labyrinth, der Rosen-Allee, den 18 kleinen Seen und Teichen sowie auf den weitl\u00e4ufigen Rasenfl\u00e4chen sind da geradezu selbstverst\u00e4ndlich. Die Ausgabe 2024 erwartet die Besucher mit vielen Cosplayern, Animation mit der Think Comics-Crew, Spielen, jeder Menge Musik und dem Konzert \u201eGiorgio Vanni &amp; i Figli di Goku \u2013 Special Guest: Ammiraglio Max\u201c, das f\u00fcr Samstag, 31. August, um 19 Uhr geplant ist, und mit dem Konzert von Cristina D\u2018Avena mit den Gem Boy am Sonntag, 1. September um 19.30 Uhr. Patin der Veranstaltung ist auch in diesem Jahr Giorgia Vecchini, international bekannte Cosplayerin. Weitere Infos online unter www.sigurta.it\u00a0oder in dem vollst\u00e4ndigen Artikel auf Gardasee Zeitung #11\/12<\/p>\n<figure id=\"attachment_16981\" style=\"width: 640px\" class=\"wp-caption alignleft\"><img title=\"Valeggio: Cosplay in Parco Giardino Sigurt\u00e0 am 31. August und 1. September\" loading=\"lazy\" class=\"size-large wp-image-16981\" src=\"https:\/\/www.gardaseezeitung.it\/gardaseezeitung_new\/de\/wp-content\/uploads\/sites\/2\/2024\/08\/Cosplay-2.jpg\" alt=\"Valeggio: Cosplay im Parco Giardino Sigurt\u00e0\" width=\"640\" height=\"799\" srcset=\"https:\/\/euwps06.newsmemory.com\/gardaseezeitung_new\/de\/wp-content\/uploads\/sites\/2\/2024\/08\/Cosplay-2.jpg 1367w, https:\/\/euwps06.newsmemory.com\/gardaseezeitung_new\/de\/wp-content\/uploads\/sites\/2\/2024\/08\/Cosplay-2-240x300.jpg 240w, https:\/\/euwps06.newsmemory.com\/gardaseezeitung_new\/de\/wp-content\/uploads\/sites\/2\/2024\/08\/Cosplay-2-820x1024.jpg 820w, https:\/\/euwps06.newsmemory.com\/gardaseezeitung_new\/de\/wp-content\/uploads\/sites\/2\/2024\/08\/Cosplay-2-768x960.jpg 768w, https:\/\/euwps06.newsmemory.com\/gardaseezeitung_new\/de\/wp-content\/uploads\/sites\/2\/2024\/08\/Cosplay-2-1229x1536.jpg 1229w, https:\/\/euwps06.newsmemory.com\/gardaseezeitung_new\/de\/wp-content\/uploads\/sites\/2\/2024\/08\/Cosplay-2-750x937.jpg 750w\" sizes=\"(max-width: 640px) 100vw, 640px\" \/><figcaption class=\"wp-caption-text\">Valeggio: Cosplay im Parco Giardino Sigurt\u00e0<\/figcaption><\/figure>\n","protected":false},"excerpt":{"rendered":"<p>Die Ausgabe 2024 erwartet die Besucher mit vielen Cosplayern sowie Animation mit Spielen, Musik und Konzerte<\/p>\n","protected":false},"author":9,"featured_media":16975,"comment_status":"open","ping_status":"open","sticky":false,"template":"","format":"standard","meta":[],"categories":[2,4,5],"tags":[924,5163,23,26,5164,5165,5166,1391,269],"news-destination":[],"news-source":[],"is_homepage":[],"ta_other":[],"featured_media_details":{"width":1024,"height":522,"file":"2024\/08\/Cosplay-www.jpg","sizes":{"medium":{"file":"Cosplay-www-300x153.jpg","width":300,"height":153,"mime-type":"image\/jpeg","source_url":"https:\/\/www.gardaseezeitung.it\/gardaseezeitung_new\/de\/wp-content\/uploads\/sites\/2\/2024\/08\/Cosplay-www-300x153.jpg"},"thumbnail":{"file":"Cosplay-www-150x150.jpg","width":150,"height":150,"mime-type":"image\/jpeg","source_url":"https:\/\/www.gardaseezeitung.it\/gardaseezeitung_new\/de\/wp-content\/uploads\/sites\/2\/2024\/08\/Cosplay-www-150x150.jpg"},"medium_large":{"file":"Cosplay-www-768x392.jpg","width":768,"height":392,"mime-type":"image\/jpeg","source_url":"https:\/\/www.gardaseezeitung.it\/gardaseezeitung_new\/de\/wp-content\/uploads\/sites\/2\/2024\/08\/Cosplay-www-768x392.jpg"},"big_image":{"file":"Cosplay-www-750x382.jpg","width":750,"height":382,"mime-type":"image\/jpeg","source_url":"https:\/\/www.gardaseezeitung.it\/gardaseezeitung_new\/de\/wp-content\/uploads\/sites\/2\/2024\/08\/Cosplay-www-750x382.jpg"},"guest-author-32":{"file":"Cosplay-www-32x32.jpg","width":32,"height":32,"mime-type":"image\/jpeg","source_url":"https:\/\/www.gardaseezeitung.it\/gardaseezeitung_new\/de\/wp-content\/uploads\/sites\/2\/2024\/08\/Cosplay-www-32x32.jpg"},"guest-author-50":{"file":"Cosplay-www-50x50.jpg","width":50,"height":50,"mime-type":"image\/jpeg","source_url":"https:\/\/www.gardaseezeitung.it\/gardaseezeitung_new\/de\/wp-content\/uploads\/sites\/2\/2024\/08\/Cosplay-www-50x50.jpg"},"guest-author-64":{"file":"Cosplay-www-64x64.jpg","width":64,"height":64,"mime-type":"image\/jpeg","source_url":"https:\/\/www.gardaseezeitung.it\/gardaseezeitung_new\/de\/wp-content\/uploads\/sites\/2\/2024\/08\/Cosplay-www-64x64.jpg"},"guest-author-96":{"file":"Cosplay-www-96x96.jpg","width":96,"height":96,"mime-type":"image\/jpeg","source_url":"https:\/\/www.gardaseezeitung.it\/gardaseezeitung_new\/de\/wp-content\/uploads\/sites\/2\/2024\/08\/Cosplay-www-96x96.jpg"},"guest-author-128":{"file":"Cosplay-www-128x128.jpg","width":128,"height":128,"mime-type":"image\/jpeg","source_url":"https:\/\/www.gardaseezeitung.it\/gardaseezeitung_new\/de\/wp-content\/uploads\/sites\/2\/2024\/08\/Cosplay-www-128x128.jpg"},"full":{"file":"Cosplay-www.jpg","width":1024,"height":522,"mime_type":"","source_url":"https:\/\/www.gardaseezeitung.it\/gardaseezeitung_new\/de\/wp-content\/uploads\/sites\/2\/2024\/08\/Cosplay-www.jpg"}},"image_meta":{"aperture":"0","credit":"","camera":"","caption":"","created_timestamp":"0","copyright":"","focal_length":"0","iso":"0","shutter_speed":"0","title":"","orientation":"0","keywords":[]}},"_links":{"self":[{"href":"https:\/\/www.gardaseezeitung.it\/gardaseezeitung_new\/de\/wp-json\/wp\/v2\/posts\/16982"}],"collection":[{"href":"https:\/\/www.gardaseezeitung.it\/gardaseezeitung_new\/de\/wp-json\/wp\/v2\/posts"}],"about":[{"href":"https:\/\/www.gardaseezeitung.it\/gardaseezeitung_new\/de\/wp-json\/wp\/v2\/types\/post"}],"author":[{"embeddable":true,"href":"https:\/\/www.gardaseezeitung.it\/gardaseezeitung_new\/de\/wp-json\/wp\/v2\/users\/9"}],"replies":[{"embeddable":true,"href":"https:\/\/www.gardaseezeitung.it\/gardaseezeitung_new\/de\/wp-json\/wp\/v2\/comments?post=16982"}],"version-history":[{"count":1,"href":"https:\/\/www.gardaseezeitung.it\/gardaseezeitung_new\/de\/wp-json\/wp\/v2\/posts\/16982\/revisions"}],"predecessor-version":[{"id":17007,"href":"https:\/\/www.gardaseezeitung.it\/gardaseezeitung_new\/de\/wp-json\/wp\/v2\/posts\/16982\/revisions\/17007"}],"wp:featuredmedia":[{"embeddable":true,"href":"https:\/\/www.gardaseezeitung.it\/gardaseezeitung_new\/de\/wp-json\/wp\/v2\/media\/16975"}],"wp:attachment":[{"href":"https:\/\/www.gardaseezeitung.it\/gardaseezeitung_new\/de\/wp-json\/wp\/v2\/media?parent=16982"}],"wp:term":[{"taxonomy":"category","embeddable":true,"href":"https:\/\/www.gardaseezeitung.it\/gardaseezeitung_new\/de\/wp-json\/wp\/v2\/categories?post=16982"},{"taxonomy":"post_tag","embeddable":true,"href":"https:\/\/www.gardaseezeitung.it\/gardaseezeitung_new\/de\/wp-json\/wp\/v2\/tags?post=16982"},{"taxonomy":"news-destination","embeddable":true,"href":"https:\/\/www.gardaseezeitung.it\/gardaseezeitung_new\/de\/wp-json\/wp\/v2\/news-destination?post=16982"},{"taxonomy":"news-source","embeddable":true,"href":"https:\/\/www.gardaseezeitung.it\/gardaseezeitung_new\/de\/wp-json\/wp\/v2\/news-source?post=16982"},{"taxonomy":"is_homepage","embeddable":true,"href":"https:\/\/www.gardaseezeitung.it\/gardaseezeitung_new\/de\/wp-json\/wp\/v2\/is_homepage?post=16982"},{"taxonomy":"ta_other","embeddable":true,"href":"https:\/\/www.gardaseezeitung.it\/gardaseezeitung_new\/de\/wp-json\/wp\/v2\/ta_other?post=16982"}],"curies":[{"name":"wp","href":"https:\/\/api.w.org\/{rel}","templated":true}]}}