{"id":16995,"date":"2024-08-17T00:14:32","date_gmt":"2024-08-16T22:14:32","guid":{"rendered":"https:\/\/euwps05.newsmemory.com\/gardaseezeitung_new\/de\/2024\/08\/17\/31-palio-delle-mura-peschiera-del-garda\/"},"modified":"2024-08-29T03:39:47","modified_gmt":"2024-08-29T01:39:47","slug":"31-palio-delle-mura-peschiera-del-garda","status":"publish","type":"post","link":"https:\/\/www.gardaseezeitung.it\/2024\/08\/17\/31-palio-delle-mura-peschiera-del-garda\/","title":{"rendered":"31. Palio delle Mura in Peschiera del Garda"},"content":{"rendered":"<p>Wie in anderen Orten am Gardasee wird auch in Peschiera del Garda ein \u201ePalio\u201c organisiert. Der \u201ePalio delle Mura\u201c ist ein traditioneller Ruderwettbewerb, bei dem im Stehen (alla Veneta) gerudert wird. In Peschiera geh\u00f6rt der Palio einfach zum Sommer dazu. Zum Einsatz kommen bei dem Palio Boote, die denen sehr \u00e4hnlich sind, die einst von den Fischern genutzt wurden. In diesem Sommer findet der Palio zum 31. Mal statt, und dies am 17. sowie vom 21. bis zum 25. August. Auch in diesem Jahr erwartet man die Besucher des Palio mit einem interessanten Programm: neben dem traditionellen Ruder-Wettbewerb und den dazugeh\u00f6renden Umz\u00fcgen der Ruder-Teams und den Fahnenschwingern, die f\u00fcr den 17. August am Canale di Mezzo in Peschiera vorgesehen sind, sind vom 21. bis zum 25. August auch musikalische Momente am Porto Bergamini (San Benedetto di Lugana) geplant. An gastronomischen St\u00e4nden wird f\u00fcr das leibliche Wohl gesorgt und der kr\u00f6nende H\u00f6hepunkt sind die \u201eTanzenden Font\u00e4nen\u201c auf dem See. Das Programm im Detail auf Gardasee Zeitung #11.<\/p>\n","protected":false},"excerpt":{"rendered":"<p>Der \u201ePalio delle Mura\u201c ist ein traditioneller Ruderwettbewerb, bei dem im Stehen gerudert wird am 17. sowie vom 21. bis zum 25. August<\/p>\n","protected":false},"author":9,"featured_media":4808,"comment_status":"open","ping_status":"open","sticky":false,"template":"","format":"standard","meta":[],"categories":[2,4,5,3],"tags":[1555,5177,765,5178,3418],"news-destination":[],"news-source":[],"is_homepage":[],"ta_other":[],"featured_media_details":{"width":2776,"height":2051,"file":"2020\/07\/DJI_0366-Pano-senza-logo.jpg","sizes":{"thumbnail":{"file":"DJI_0366-Pano-senza-logo-150x150.jpg","width":150,"height":150,"mime-type":"image\/jpeg","source_url":"https:\/\/www.gardaseezeitung.it\/gardaseezeitung_new\/de\/wp-content\/uploads\/sites\/2\/2020\/07\/DJI_0366-Pano-senza-logo-150x150.jpg"},"medium":{"file":"DJI_0366-Pano-senza-logo-300x222.jpg","width":300,"height":222,"mime-type":"image\/jpeg","source_url":"https:\/\/www.gardaseezeitung.it\/gardaseezeitung_new\/de\/wp-content\/uploads\/sites\/2\/2020\/07\/DJI_0366-Pano-senza-logo-300x222.jpg"},"medium_large":{"file":"DJI_0366-Pano-senza-logo-768x567.jpg","width":768,"height":567,"mime-type":"image\/jpeg","source_url":"https:\/\/www.gardaseezeitung.it\/gardaseezeitung_new\/de\/wp-content\/uploads\/sites\/2\/2020\/07\/DJI_0366-Pano-senza-logo-768x567.jpg"},"large":{"file":"DJI_0366-Pano-senza-logo-1024x757.jpg","width":1024,"height":757,"mime-type":"image\/jpeg","source_url":"https:\/\/www.gardaseezeitung.it\/gardaseezeitung_new\/de\/wp-content\/uploads\/sites\/2\/2020\/07\/DJI_0366-Pano-senza-logo-1024x757.jpg"},"big_image":{"file":"DJI_0366-Pano-senza-logo-750x554.jpg","width":750,"height":554,"mime-type":"image\/jpeg","source_url":"https:\/\/www.gardaseezeitung.it\/gardaseezeitung_new\/de\/wp-content\/uploads\/sites\/2\/2020\/07\/DJI_0366-Pano-senza-logo-750x554.jpg"},"guest-author-32":{"file":"DJI_0366-Pano-senza-logo-32x32.jpg","width":32,"height":32,"mime-type":"image\/jpeg","source_url":"https:\/\/www.gardaseezeitung.it\/gardaseezeitung_new\/de\/wp-content\/uploads\/sites\/2\/2020\/07\/DJI_0366-Pano-senza-logo-32x32.jpg"},"guest-author-50":{"file":"DJI_0366-Pano-senza-logo-50x50.jpg","width":50,"height":50,"mime-type":"image\/jpeg","source_url":"https:\/\/www.gardaseezeitung.it\/gardaseezeitung_new\/de\/wp-content\/uploads\/sites\/2\/2020\/07\/DJI_0366-Pano-senza-logo-50x50.jpg"},"guest-author-64":{"file":"DJI_0366-Pano-senza-logo-64x64.jpg","width":64,"height":64,"mime-type":"image\/jpeg","source_url":"https:\/\/www.gardaseezeitung.it\/gardaseezeitung_new\/de\/wp-content\/uploads\/sites\/2\/2020\/07\/DJI_0366-Pano-senza-logo-64x64.jpg"},"guest-author-96":{"file":"DJI_0366-Pano-senza-logo-96x96.jpg","width":96,"height":96,"mime-type":"image\/jpeg","source_url":"https:\/\/www.gardaseezeitung.it\/gardaseezeitung_new\/de\/wp-content\/uploads\/sites\/2\/2020\/07\/DJI_0366-Pano-senza-logo-96x96.jpg"},"guest-author-128":{"file":"DJI_0366-Pano-senza-logo-128x128.jpg","width":128,"height":128,"mime-type":"image\/jpeg","source_url":"https:\/\/www.gardaseezeitung.it\/gardaseezeitung_new\/de\/wp-content\/uploads\/sites\/2\/2020\/07\/DJI_0366-Pano-senza-logo-128x128.jpg"},"full":{"file":"DJI_0366-Pano-senza-logo.jpg","width":2776,"height":2051,"mime_type":"","source_url":"https:\/\/www.gardaseezeitung.it\/gardaseezeitung_new\/de\/wp-content\/uploads\/sites\/2\/2020\/07\/DJI_0366-Pano-senza-logo.jpg"}},"image_meta":{"aperture":"0","credit":"","camera":"","caption":"","created_timestamp":"0","copyright":"","focal_length":"0","iso":"0","shutter_speed":"0","title":"DJI_0366-Pano-senza-logo","orientation":"1","keywords":[]}},"_links":{"self":[{"href":"https:\/\/www.gardaseezeitung.it\/gardaseezeitung_new\/de\/wp-json\/wp\/v2\/posts\/16995"}],"collection":[{"href":"https:\/\/www.gardaseezeitung.it\/gardaseezeitung_new\/de\/wp-json\/wp\/v2\/posts"}],"about":[{"href":"https:\/\/www.gardaseezeitung.it\/gardaseezeitung_new\/de\/wp-json\/wp\/v2\/types\/post"}],"author":[{"embeddable":true,"href":"https:\/\/www.gardaseezeitung.it\/gardaseezeitung_new\/de\/wp-json\/wp\/v2\/users\/9"}],"replies":[{"embeddable":true,"href":"https:\/\/www.gardaseezeitung.it\/gardaseezeitung_new\/de\/wp-json\/wp\/v2\/comments?post=16995"}],"version-history":[{"count":1,"href":"https:\/\/www.gardaseezeitung.it\/gardaseezeitung_new\/de\/wp-json\/wp\/v2\/posts\/16995\/revisions"}],"predecessor-version":[{"id":16996,"href":"https:\/\/www.gardaseezeitung.it\/gardaseezeitung_new\/de\/wp-json\/wp\/v2\/posts\/16995\/revisions\/16996"}],"wp:featuredmedia":[{"embeddable":true,"href":"https:\/\/www.gardaseezeitung.it\/gardaseezeitung_new\/de\/wp-json\/wp\/v2\/media\/4808"}],"wp:attachment":[{"href":"https:\/\/www.gardaseezeitung.it\/gardaseezeitung_new\/de\/wp-json\/wp\/v2\/media?parent=16995"}],"wp:term":[{"taxonomy":"category","embeddable":true,"href":"https:\/\/www.gardaseezeitung.it\/gardaseezeitung_new\/de\/wp-json\/wp\/v2\/categories?post=16995"},{"taxonomy":"post_tag","embeddable":true,"href":"https:\/\/www.gardaseezeitung.it\/gardaseezeitung_new\/de\/wp-json\/wp\/v2\/tags?post=16995"},{"taxonomy":"news-destination","embeddable":true,"href":"https:\/\/www.gardaseezeitung.it\/gardaseezeitung_new\/de\/wp-json\/wp\/v2\/news-destination?post=16995"},{"taxonomy":"news-source","embeddable":true,"href":"https:\/\/www.gardaseezeitung.it\/gardaseezeitung_new\/de\/wp-json\/wp\/v2\/news-source?post=16995"},{"taxonomy":"is_homepage","embeddable":true,"href":"https:\/\/www.gardaseezeitung.it\/gardaseezeitung_new\/de\/wp-json\/wp\/v2\/is_homepage?post=16995"},{"taxonomy":"ta_other","embeddable":true,"href":"https:\/\/www.gardaseezeitung.it\/gardaseezeitung_new\/de\/wp-json\/wp\/v2\/ta_other?post=16995"}],"curies":[{"name":"wp","href":"https:\/\/api.w.org\/{rel}","templated":true}]}}