{"id":1704,"date":"2018-10-24T11:42:43","date_gmt":"2018-10-24T11:42:43","guid":{"rendered":"http:\/\/euwp08.newsmemory.com\/gardaseezeitung_new\/de\/2018\/10\/24\/olmuhle-turri-feiert-sein-olivenol\/"},"modified":"2019-05-28T21:04:43","modified_gmt":"2019-05-28T21:04:43","slug":"olmuhle-turri-feiert-sein-olivenol","status":"publish","type":"post","link":"https:\/\/www.gardaseezeitung.it\/2018\/10\/24\/olmuhle-turri-feiert-sein-olivenol\/","title":{"rendered":"\u00d6lm\u00fchle Turri feiert sein Oliven\u00f6l"},"content":{"rendered":"<p style=\"text-align: justify\">In diesem Jahr findet die Veranstaltung erstmals in Zusammenarbeit mit dem Kulturverband Pro Loco von Cavaion Veronese statt. Wie bereits in den vergangenen Jahren l&auml;dt man auch dieses Mal zu den bereits erw&auml;hnten Besichtigungen der &Ouml;lm&uuml;hle und der Verkostung des neuen &Ouml;ls in Verbindung mit traditionellen Gerichten. Neu ist hingegen die Buchvorstellung, die um 15 Uhr vorgesehen ist und an der man nach Reservierung unter turri@turri.com oder 045 7235006 teilnehmen kann. Das Buch mit dem Titel &bdquo;Der Castaldo und die Oliven. Zwischen Vergangenheit und Gegenwart &#8220; wurde von dem Unternehmen in Zusammenarbeit mit der Universit&auml;t von Verona verfasst und bietet Einblick in die Geschichte der venetischen Landwirtschaft der ersten H&auml;lfte des letzten Jahrhunderts.&nbsp;Das Oliven&ouml;l-Fest beginnt um 10 Uhr. Bis um 15 Uhr wird es m&ouml;glich sein, das neue &Ouml;l in Verbindung mit den typischen Gerichten des Gardasees zu probieren: Pasta und dicke Bohnen, Bruschetta sowie die traditionelle Fogassa. Alle Gerichte werden von K&uuml;chenchef Claudio Rama zubereitet. W&auml;hrend des Tages kann man auch der Oliven&ouml;lproduktion beiwohnen: die &Ouml;lm&uuml;hle wird in Betrieb sein und von 10 bis 15 Uhr werden st&uuml;ndlich F&uuml;hrungen angeboten. Um 15 Uhr ist dann die bereits erw&auml;hnte Buchvorstellung vorgesehen.&nbsp;Laura Turri, die zusammen mit ihren Br&uuml;dern, Eigent&uuml;mer des Frantoio ist, erkl&auml;rte, dass man sich in diesem Jahr dazu entschlossen habe, den Besuchern eine Erz&auml;hlung &uuml;ber die l&auml;ndliche Geschichte des Gebiets zu widmen, denn diese habe es ihnen erm&ouml;glicht, das zu sein, was sie heute sind. W&auml;hrend der Verkostungen und der Besichtigungen kann man so dar&uuml;ber nachdenken, wie man sich von der l&auml;ndlichen Vergangenheit zu einer spezialisierten Landwirtschaft mit einem besonderen Fokus auf die Welt des &Ouml;ls entwickelt habe. Von besonderer Bedeutung sei in der damaligen Zeit die Figur des &bdquo;Castaldo&ldquo; gewesen, denn er spielte eine entscheidende Rolle f&uuml;r die traditionelle l&auml;ndliche Gesellschaft in Venetien, er war der &bdquo;Regisseur&ldquo; des l&auml;ndlichen Lebens und kannte jedes Geheimnis.&nbsp;W&auml;hrend des Festes k&ouml;nnen die Besucher auch mehr &uuml;ber die Forschung erfahren, die hinter der Arbeit in der M&uuml;hle steckt, und dies ausgehend von den 400 Pflanzen, die die M&uuml;hle umgeben und die nicht nur eine produktive Funktion haben, sondern auch erforscht werden. So befindet sich auf der Vorderseite des Betriebes ein Olivenhain mit 27 italienischer Olivensorten. Sie dienen als Vergleich und sollen zu einem besseren Verst&auml;ndnis f&uuml;r das Verhalten dieser Sorten an anderen Orten als ihrem Herkunftsgebiet und ihrer F&auml;higkeit, den harten Temperaturen des Nordens standzuhalten, beitragen. Last but not least ist da dann noch das Castaldo-Museum, das den landwirtschaftlichen Ger&auml;ten gewidmet ist.<\/p>\n<p style=\"text-align: justify\">Weitere Infos. <a href=\"http:\/\/www.turri.com\">www.turri.com<\/a>.&nbsp;Der Eintritt zu der Veranstaltung ist frei. Kostenpflichtig ist hingegen das gastronomische Angebot.<\/p>\n","protected":false},"excerpt":{"rendered":"<p>Am Sonntag, den 11. November wird in der &Ouml;lm&uuml;hle Turri in Cavaion Veronese wieder zum traditionellen Tag der offenen T&uuml;r geladen. Im Rahmen der Veranstaltung bietet sich die M&ouml;glichkeit, die &Ouml;lm&uuml;hle zu besichtigen, das neue &Ouml;l zu probieren und einer Buchvorstellung beizuwohnen.<\/p>\n","protected":false},"author":1,"featured_media":1705,"comment_status":"open","ping_status":"open","sticky":false,"template":"","format":"standard","meta":[],"categories":[6],"tags":[],"news-destination":[],"news-source":[],"is_homepage":[],"ta_other":[],"featured_media_details":{"width":1022,"height":680,"file":"2019\/05\/62dd8217328fa3166e7bda5945e3f3e0.jpg","sizes":{"thumbnail":{"file":"62dd8217328fa3166e7bda5945e3f3e0-150x150.jpg","width":150,"height":150,"mime-type":"image\/jpeg","source_url":"https:\/\/www.gardaseezeitung.it\/gardaseezeitung_new\/de\/wp-content\/uploads\/sites\/2\/2019\/05\/62dd8217328fa3166e7bda5945e3f3e0-150x150.jpg"},"medium":{"file":"62dd8217328fa3166e7bda5945e3f3e0-300x200.jpg","width":300,"height":200,"mime-type":"image\/jpeg","source_url":"https:\/\/www.gardaseezeitung.it\/gardaseezeitung_new\/de\/wp-content\/uploads\/sites\/2\/2019\/05\/62dd8217328fa3166e7bda5945e3f3e0-300x200.jpg"},"medium_large":{"file":"62dd8217328fa3166e7bda5945e3f3e0-768x511.jpg","width":768,"height":511,"mime-type":"image\/jpeg","source_url":"https:\/\/www.gardaseezeitung.it\/gardaseezeitung_new\/de\/wp-content\/uploads\/sites\/2\/2019\/05\/62dd8217328fa3166e7bda5945e3f3e0-768x511.jpg"},"big_image":{"file":"62dd8217328fa3166e7bda5945e3f3e0-750x499.jpg","width":750,"height":499,"mime-type":"image\/jpeg","source_url":"https:\/\/www.gardaseezeitung.it\/gardaseezeitung_new\/de\/wp-content\/uploads\/sites\/2\/2019\/05\/62dd8217328fa3166e7bda5945e3f3e0-750x499.jpg"},"full":{"file":"62dd8217328fa3166e7bda5945e3f3e0.jpg","width":1022,"height":680,"mime_type":"","source_url":"https:\/\/www.gardaseezeitung.it\/gardaseezeitung_new\/de\/wp-content\/uploads\/sites\/2\/2019\/05\/62dd8217328fa3166e7bda5945e3f3e0.jpg"}},"image_meta":{"aperture":"0","credit":"","camera":"","caption":"","created_timestamp":"0","copyright":"","focal_length":"0","iso":"0","shutter_speed":"0","title":"","orientation":"0","keywords":[]}},"_links":{"self":[{"href":"https:\/\/www.gardaseezeitung.it\/gardaseezeitung_new\/de\/wp-json\/wp\/v2\/posts\/1704"}],"collection":[{"href":"https:\/\/www.gardaseezeitung.it\/gardaseezeitung_new\/de\/wp-json\/wp\/v2\/posts"}],"about":[{"href":"https:\/\/www.gardaseezeitung.it\/gardaseezeitung_new\/de\/wp-json\/wp\/v2\/types\/post"}],"author":[{"embeddable":true,"href":"https:\/\/www.gardaseezeitung.it\/gardaseezeitung_new\/de\/wp-json\/wp\/v2\/users\/1"}],"replies":[{"embeddable":true,"href":"https:\/\/www.gardaseezeitung.it\/gardaseezeitung_new\/de\/wp-json\/wp\/v2\/comments?post=1704"}],"version-history":[{"count":0,"href":"https:\/\/www.gardaseezeitung.it\/gardaseezeitung_new\/de\/wp-json\/wp\/v2\/posts\/1704\/revisions"}],"wp:featuredmedia":[{"embeddable":true,"href":"https:\/\/www.gardaseezeitung.it\/gardaseezeitung_new\/de\/wp-json\/wp\/v2\/media\/1705"}],"wp:attachment":[{"href":"https:\/\/www.gardaseezeitung.it\/gardaseezeitung_new\/de\/wp-json\/wp\/v2\/media?parent=1704"}],"wp:term":[{"taxonomy":"category","embeddable":true,"href":"https:\/\/www.gardaseezeitung.it\/gardaseezeitung_new\/de\/wp-json\/wp\/v2\/categories?post=1704"},{"taxonomy":"post_tag","embeddable":true,"href":"https:\/\/www.gardaseezeitung.it\/gardaseezeitung_new\/de\/wp-json\/wp\/v2\/tags?post=1704"},{"taxonomy":"news-destination","embeddable":true,"href":"https:\/\/www.gardaseezeitung.it\/gardaseezeitung_new\/de\/wp-json\/wp\/v2\/news-destination?post=1704"},{"taxonomy":"news-source","embeddable":true,"href":"https:\/\/www.gardaseezeitung.it\/gardaseezeitung_new\/de\/wp-json\/wp\/v2\/news-source?post=1704"},{"taxonomy":"is_homepage","embeddable":true,"href":"https:\/\/www.gardaseezeitung.it\/gardaseezeitung_new\/de\/wp-json\/wp\/v2\/is_homepage?post=1704"},{"taxonomy":"ta_other","embeddable":true,"href":"https:\/\/www.gardaseezeitung.it\/gardaseezeitung_new\/de\/wp-json\/wp\/v2\/ta_other?post=1704"}],"curies":[{"name":"wp","href":"https:\/\/api.w.org\/{rel}","templated":true}]}}