{"id":17052,"date":"2024-08-30T11:46:34","date_gmt":"2024-08-30T09:46:34","guid":{"rendered":"http:\/\/euwps06.newsmemory.com\/gardaseezeitung_new\/de\/2024\/08\/30\/motorroller-gegen-auto-zwei-deutsche-touristen-tremosine-schwer-verletzt\/"},"modified":"2024-08-30T11:46:36","modified_gmt":"2024-08-30T09:46:36","slug":"motorroller-gegen-auto-zwei-deutsche-touristen-tremosine-schwer-verletzt","status":"publish","type":"post","link":"https:\/\/www.gardaseezeitung.it\/2024\/08\/30\/motorroller-gegen-auto-zwei-deutsche-touristen-tremosine-schwer-verletzt\/","title":{"rendered":"Motorroller gegen Auto: zwei deutsche Touristen in Tremosine schwer verletzt"},"content":{"rendered":"<p>Schwerer Unfall gestern Nachmittag in Tremosine. Es gab zwei Schwerverletzte, die mit dem Rettungsdienst ins Krankenhaus gebracht wurden. Der Unfall ereignete sich gegen 14.30 Uhr. Die beiden &#8211; ein 63-j\u00e4hriger deutscher Mann und seine Frau &#8211; waren auf der Via Dalco unterwegs, als sie pl\u00f6tzlich mit dem Audi eines 53-j\u00e4hrigen deutschen Mannes zusammenstie\u00dfen, der aus der Gegenrichtung kam.<br \/>\nDer Aufprall war heftig. Zwei Krankenwagen, ein Rettungswagen und zwei Hubschrauber waren vor Ort. Der am schwersten verletzte Mann wurde umgehend ins Krankenhaus Civile gebracht, w\u00e4hrend sein Begleiter mit einem gelben Code im Krankenhaus Poliambulanza landete.<\/p>\n","protected":false},"excerpt":{"rendered":"<p>Die beiden &#8211; ein 63-j\u00e4hriger Deutscher und seine Frau, die auf einem Motorroller unterwegs waren &#8211; stie\u00dfen frontal mit dem Auto zusammen, das von einem 53-j\u00e4hrigen Mann, ebenfalls Deutscher, gefahren wurde<\/p>\n","protected":false},"author":9,"featured_media":16660,"comment_status":"open","ping_status":"open","sticky":false,"template":"","format":"standard","meta":[],"categories":[2,3],"tags":[5194,4056,23,26,5083,5195,205,4953],"news-destination":[],"news-source":[],"is_homepage":[],"ta_other":[],"featured_media_details":{"width":748,"height":496,"file":"2024\/07\/elisoccorso.jpg","sizes":{"thumbnail":{"file":"elisoccorso-150x150.jpg","width":150,"height":150,"mime-type":"image\/jpeg","source_url":"https:\/\/www.gardaseezeitung.it\/gardaseezeitung_new\/de\/wp-content\/uploads\/sites\/2\/2024\/07\/elisoccorso-150x150.jpg"},"medium":{"file":"elisoccorso-300x199.jpg","width":300,"height":199,"mime-type":"image\/jpeg","source_url":"https:\/\/www.gardaseezeitung.it\/gardaseezeitung_new\/de\/wp-content\/uploads\/sites\/2\/2024\/07\/elisoccorso-300x199.jpg"},"guest-author-32":{"file":"elisoccorso-32x32.jpg","width":32,"height":32,"mime-type":"image\/jpeg","source_url":"https:\/\/www.gardaseezeitung.it\/gardaseezeitung_new\/de\/wp-content\/uploads\/sites\/2\/2024\/07\/elisoccorso-32x32.jpg"},"guest-author-50":{"file":"elisoccorso-50x50.jpg","width":50,"height":50,"mime-type":"image\/jpeg","source_url":"https:\/\/www.gardaseezeitung.it\/gardaseezeitung_new\/de\/wp-content\/uploads\/sites\/2\/2024\/07\/elisoccorso-50x50.jpg"},"guest-author-64":{"file":"elisoccorso-64x64.jpg","width":64,"height":64,"mime-type":"image\/jpeg","source_url":"https:\/\/www.gardaseezeitung.it\/gardaseezeitung_new\/de\/wp-content\/uploads\/sites\/2\/2024\/07\/elisoccorso-64x64.jpg"},"guest-author-96":{"file":"elisoccorso-96x96.jpg","width":96,"height":96,"mime-type":"image\/jpeg","source_url":"https:\/\/www.gardaseezeitung.it\/gardaseezeitung_new\/de\/wp-content\/uploads\/sites\/2\/2024\/07\/elisoccorso-96x96.jpg"},"guest-author-128":{"file":"elisoccorso-128x128.jpg","width":128,"height":128,"mime-type":"image\/jpeg","source_url":"https:\/\/www.gardaseezeitung.it\/gardaseezeitung_new\/de\/wp-content\/uploads\/sites\/2\/2024\/07\/elisoccorso-128x128.jpg"},"full":{"file":"elisoccorso.jpg","width":748,"height":496,"mime_type":"","source_url":"https:\/\/www.gardaseezeitung.it\/gardaseezeitung_new\/de\/wp-content\/uploads\/sites\/2\/2024\/07\/elisoccorso.jpg"}},"image_meta":{"aperture":"5","credit":"","camera":"NIKON D3200","caption":"","created_timestamp":"1550340799","copyright":"","focal_length":"70","iso":"400","shutter_speed":"0.01","title":"","orientation":"1","keywords":[]}},"_links":{"self":[{"href":"https:\/\/www.gardaseezeitung.it\/gardaseezeitung_new\/de\/wp-json\/wp\/v2\/posts\/17052"}],"collection":[{"href":"https:\/\/www.gardaseezeitung.it\/gardaseezeitung_new\/de\/wp-json\/wp\/v2\/posts"}],"about":[{"href":"https:\/\/www.gardaseezeitung.it\/gardaseezeitung_new\/de\/wp-json\/wp\/v2\/types\/post"}],"author":[{"embeddable":true,"href":"https:\/\/www.gardaseezeitung.it\/gardaseezeitung_new\/de\/wp-json\/wp\/v2\/users\/9"}],"replies":[{"embeddable":true,"href":"https:\/\/www.gardaseezeitung.it\/gardaseezeitung_new\/de\/wp-json\/wp\/v2\/comments?post=17052"}],"version-history":[{"count":0,"href":"https:\/\/www.gardaseezeitung.it\/gardaseezeitung_new\/de\/wp-json\/wp\/v2\/posts\/17052\/revisions"}],"wp:featuredmedia":[{"embeddable":true,"href":"https:\/\/www.gardaseezeitung.it\/gardaseezeitung_new\/de\/wp-json\/wp\/v2\/media\/16660"}],"wp:attachment":[{"href":"https:\/\/www.gardaseezeitung.it\/gardaseezeitung_new\/de\/wp-json\/wp\/v2\/media?parent=17052"}],"wp:term":[{"taxonomy":"category","embeddable":true,"href":"https:\/\/www.gardaseezeitung.it\/gardaseezeitung_new\/de\/wp-json\/wp\/v2\/categories?post=17052"},{"taxonomy":"post_tag","embeddable":true,"href":"https:\/\/www.gardaseezeitung.it\/gardaseezeitung_new\/de\/wp-json\/wp\/v2\/tags?post=17052"},{"taxonomy":"news-destination","embeddable":true,"href":"https:\/\/www.gardaseezeitung.it\/gardaseezeitung_new\/de\/wp-json\/wp\/v2\/news-destination?post=17052"},{"taxonomy":"news-source","embeddable":true,"href":"https:\/\/www.gardaseezeitung.it\/gardaseezeitung_new\/de\/wp-json\/wp\/v2\/news-source?post=17052"},{"taxonomy":"is_homepage","embeddable":true,"href":"https:\/\/www.gardaseezeitung.it\/gardaseezeitung_new\/de\/wp-json\/wp\/v2\/is_homepage?post=17052"},{"taxonomy":"ta_other","embeddable":true,"href":"https:\/\/www.gardaseezeitung.it\/gardaseezeitung_new\/de\/wp-json\/wp\/v2\/ta_other?post=17052"}],"curies":[{"name":"wp","href":"https:\/\/api.w.org\/{rel}","templated":true}]}}