{"id":17064,"date":"2024-09-06T11:07:22","date_gmt":"2024-09-06T09:07:22","guid":{"rendered":"https:\/\/euwps05.newsmemory.com\/gardaseezeitung_new\/de\/2024\/09\/06\/vintage-markt-der-oelmuehle-mantestrini-aperitif-mit-live-musik-soiano\/"},"modified":"2024-09-06T11:13:45","modified_gmt":"2024-09-06T09:13:45","slug":"vintage-markt-der-oelmuehle-mantestrini-aperitif-mit-live-musik-soiano","status":"publish","type":"post","link":"https:\/\/www.gardaseezeitung.it\/2024\/09\/06\/vintage-markt-der-oelmuehle-mantestrini-aperitif-mit-live-musik-soiano\/","title":{"rendered":"Vintage-Markt in der \u00d6lm\u00fchle Mantestrini: Aperitif mit Live-Musik in Soiano"},"content":{"rendered":"<p>Am Sonntag, den 8. September, findet von 17 bis 21 Uhr anl\u00e4sslich des letzten Tages des Vintage-Marktes ein Abend des Feierns und der Solidarit\u00e4t statt, um zwei wichtige Onlus-Vereinigungen zu unterst\u00fctzen: Dharma Children, das sich liebevoll um Kinder in den Krankenh\u00e4usern von Brescia k\u00fcmmert, und Lankma Onlus, das sich f\u00fcr verwaiste Kinder in S\u00fcdindien einsetzt. Der Eintritt kostet 15 Euro, wovon 5 Euro an die Vereine gespendet werden; ein Getr\u00e4nk und Snacks sind im Preis inbegriffen. Im Laufe des Abends gibt es Live-Musik mit der Band 10 Hertz.<\/p>\n<p>&nbsp;<\/p>\n<p><img title=\"Vintage-Markt in der \u00d6lm\u00fchle Mantestrini: Aperitif mit Live-Musik in Soiano\" loading=\"lazy\" class=\"alignnone wp-image-17063 size-large\" src=\"https:\/\/www.gardaseezeitung.it\/gardaseezeitung_new\/de\/wp-content\/uploads\/sites\/2\/2024\/09\/mane2.jpg\" alt=\"Weinlese-Aperitif bei Frantoio Manestrini\" width=\"640\" height=\"905\" srcset=\"https:\/\/euwps05.newsmemory.com\/gardaseezeitung_new\/de\/wp-content\/uploads\/sites\/2\/2024\/09\/mane2.jpg 1024w, https:\/\/euwps05.newsmemory.com\/gardaseezeitung_new\/de\/wp-content\/uploads\/sites\/2\/2024\/09\/mane2-212x300.jpg 212w, https:\/\/euwps05.newsmemory.com\/gardaseezeitung_new\/de\/wp-content\/uploads\/sites\/2\/2024\/09\/mane2-724x1024.jpg 724w, https:\/\/euwps05.newsmemory.com\/gardaseezeitung_new\/de\/wp-content\/uploads\/sites\/2\/2024\/09\/mane2-768x1087.jpg 768w, https:\/\/euwps05.newsmemory.com\/gardaseezeitung_new\/de\/wp-content\/uploads\/sites\/2\/2024\/09\/mane2-750x1061.jpg 750w\" sizes=\"(max-width: 640px) 100vw, 640px\" \/><\/p>\n","protected":false},"excerpt":{"rendered":"<p>Sonntag, 8. September, von 17 bis 21 Uhr: Ein Abend f\u00fcr den guten Zweck in Soiano del Lago<\/p>\n","protected":false},"author":9,"featured_media":17065,"comment_status":"open","ping_status":"open","sticky":false,"template":"","format":"standard","meta":[],"categories":[2,4,5],"tags":[5204,1069,23,26,5183,5205,329],"news-destination":[],"news-source":[],"is_homepage":[],"ta_other":[],"featured_media_details":{"width":1131,"height":688,"file":"2024\/09\/mane.jpg","sizes":{"medium":{"file":"mane-300x182.jpg","width":300,"height":182,"mime-type":"image\/jpeg","source_url":"https:\/\/www.gardaseezeitung.it\/gardaseezeitung_new\/de\/wp-content\/uploads\/sites\/2\/2024\/09\/mane-300x182.jpg"},"large":{"file":"mane-1024x623.jpg","width":1024,"height":623,"mime-type":"image\/jpeg","source_url":"https:\/\/www.gardaseezeitung.it\/gardaseezeitung_new\/de\/wp-content\/uploads\/sites\/2\/2024\/09\/mane-1024x623.jpg"},"thumbnail":{"file":"mane-150x150.jpg","width":150,"height":150,"mime-type":"image\/jpeg","source_url":"https:\/\/www.gardaseezeitung.it\/gardaseezeitung_new\/de\/wp-content\/uploads\/sites\/2\/2024\/09\/mane-150x150.jpg"},"medium_large":{"file":"mane-768x467.jpg","width":768,"height":467,"mime-type":"image\/jpeg","source_url":"https:\/\/www.gardaseezeitung.it\/gardaseezeitung_new\/de\/wp-content\/uploads\/sites\/2\/2024\/09\/mane-768x467.jpg"},"big_image":{"file":"mane-750x456.jpg","width":750,"height":456,"mime-type":"image\/jpeg","source_url":"https:\/\/www.gardaseezeitung.it\/gardaseezeitung_new\/de\/wp-content\/uploads\/sites\/2\/2024\/09\/mane-750x456.jpg"},"guest-author-32":{"file":"mane-32x32.jpg","width":32,"height":32,"mime-type":"image\/jpeg","source_url":"https:\/\/www.gardaseezeitung.it\/gardaseezeitung_new\/de\/wp-content\/uploads\/sites\/2\/2024\/09\/mane-32x32.jpg"},"guest-author-50":{"file":"mane-50x50.jpg","width":50,"height":50,"mime-type":"image\/jpeg","source_url":"https:\/\/www.gardaseezeitung.it\/gardaseezeitung_new\/de\/wp-content\/uploads\/sites\/2\/2024\/09\/mane-50x50.jpg"},"guest-author-64":{"file":"mane-64x64.jpg","width":64,"height":64,"mime-type":"image\/jpeg","source_url":"https:\/\/www.gardaseezeitung.it\/gardaseezeitung_new\/de\/wp-content\/uploads\/sites\/2\/2024\/09\/mane-64x64.jpg"},"guest-author-96":{"file":"mane-96x96.jpg","width":96,"height":96,"mime-type":"image\/jpeg","source_url":"https:\/\/www.gardaseezeitung.it\/gardaseezeitung_new\/de\/wp-content\/uploads\/sites\/2\/2024\/09\/mane-96x96.jpg"},"guest-author-128":{"file":"mane-128x128.jpg","width":128,"height":128,"mime-type":"image\/jpeg","source_url":"https:\/\/www.gardaseezeitung.it\/gardaseezeitung_new\/de\/wp-content\/uploads\/sites\/2\/2024\/09\/mane-128x128.jpg"},"full":{"file":"mane.jpg","width":1131,"height":688,"mime_type":"","source_url":"https:\/\/www.gardaseezeitung.it\/gardaseezeitung_new\/de\/wp-content\/uploads\/sites\/2\/2024\/09\/mane.jpg"}},"image_meta":{"aperture":"0","credit":"","camera":"","caption":"","created_timestamp":"0","copyright":"","focal_length":"0","iso":"0","shutter_speed":"0","title":"","orientation":"1","keywords":[]}},"_links":{"self":[{"href":"https:\/\/www.gardaseezeitung.it\/gardaseezeitung_new\/de\/wp-json\/wp\/v2\/posts\/17064"}],"collection":[{"href":"https:\/\/www.gardaseezeitung.it\/gardaseezeitung_new\/de\/wp-json\/wp\/v2\/posts"}],"about":[{"href":"https:\/\/www.gardaseezeitung.it\/gardaseezeitung_new\/de\/wp-json\/wp\/v2\/types\/post"}],"author":[{"embeddable":true,"href":"https:\/\/www.gardaseezeitung.it\/gardaseezeitung_new\/de\/wp-json\/wp\/v2\/users\/9"}],"replies":[{"embeddable":true,"href":"https:\/\/www.gardaseezeitung.it\/gardaseezeitung_new\/de\/wp-json\/wp\/v2\/comments?post=17064"}],"version-history":[{"count":1,"href":"https:\/\/www.gardaseezeitung.it\/gardaseezeitung_new\/de\/wp-json\/wp\/v2\/posts\/17064\/revisions"}],"predecessor-version":[{"id":17066,"href":"https:\/\/www.gardaseezeitung.it\/gardaseezeitung_new\/de\/wp-json\/wp\/v2\/posts\/17064\/revisions\/17066"}],"wp:featuredmedia":[{"embeddable":true,"href":"https:\/\/www.gardaseezeitung.it\/gardaseezeitung_new\/de\/wp-json\/wp\/v2\/media\/17065"}],"wp:attachment":[{"href":"https:\/\/www.gardaseezeitung.it\/gardaseezeitung_new\/de\/wp-json\/wp\/v2\/media?parent=17064"}],"wp:term":[{"taxonomy":"category","embeddable":true,"href":"https:\/\/www.gardaseezeitung.it\/gardaseezeitung_new\/de\/wp-json\/wp\/v2\/categories?post=17064"},{"taxonomy":"post_tag","embeddable":true,"href":"https:\/\/www.gardaseezeitung.it\/gardaseezeitung_new\/de\/wp-json\/wp\/v2\/tags?post=17064"},{"taxonomy":"news-destination","embeddable":true,"href":"https:\/\/www.gardaseezeitung.it\/gardaseezeitung_new\/de\/wp-json\/wp\/v2\/news-destination?post=17064"},{"taxonomy":"news-source","embeddable":true,"href":"https:\/\/www.gardaseezeitung.it\/gardaseezeitung_new\/de\/wp-json\/wp\/v2\/news-source?post=17064"},{"taxonomy":"is_homepage","embeddable":true,"href":"https:\/\/www.gardaseezeitung.it\/gardaseezeitung_new\/de\/wp-json\/wp\/v2\/is_homepage?post=17064"},{"taxonomy":"ta_other","embeddable":true,"href":"https:\/\/www.gardaseezeitung.it\/gardaseezeitung_new\/de\/wp-json\/wp\/v2\/ta_other?post=17064"}],"curies":[{"name":"wp","href":"https:\/\/api.w.org\/{rel}","templated":true}]}}