{"id":17283,"date":"2024-09-16T16:51:18","date_gmt":"2024-09-16T14:51:18","guid":{"rendered":"https:\/\/euwps05.newsmemory.com\/gardaseezeitung_new\/de\/2024\/09\/16\/unfall-cola-di-lazise-motorroller-gegen-auto-einer-deutschen-touristin\/"},"modified":"2024-09-16T16:51:19","modified_gmt":"2024-09-16T14:51:19","slug":"unfall-cola-di-lazise-motorroller-gegen-auto-einer-deutschen-touristin","status":"publish","type":"post","link":"https:\/\/www.gardaseezeitung.it\/2024\/09\/16\/unfall-cola-di-lazise-motorroller-gegen-auto-einer-deutschen-touristin\/","title":{"rendered":"Unfall in Col\u00e0 di Lazise: Motorroller gegen Auto einer deutschen Touristin"},"content":{"rendered":"<p>In der Via Pirlaron in Col\u00e0 di Lazise sind am Morgen ein Motorroller und ein Auto zusammengesto\u00dfen: Die 118 Rettungsdienste waren sofort vor Ort, um den Zustand der Verletzten zu \u00fcberpr\u00fcfen, die dann in ein Krankenhaus in Verona gebracht wurden, und die Carabinieri, um die Dynamik und die Verantwortung zu ermitteln. In den Unfall verwickelt waren ein Piaggio Beverly Roller, der von einem 51-j\u00e4hrigen Mann aus Pastrengo gefahren wurde, der in Richtung Col\u00e0 unterwegs war, und ein aus der Gegenrichtung kommender Ford C-Max, der von einer 44-j\u00e4hrigen deutschen Frau gefahren wurde, die offenbar weitgehend unverletzt blieb.<\/p>\n","protected":false},"excerpt":{"rendered":"<p>Der 51-j\u00e4hrige Rollerfahrer, der mit dem Auto einer 44-j\u00e4hrigen Deutschen zusammenstie\u00df, ist schwer verletzt<\/p>\n","protected":false},"author":9,"featured_media":16491,"comment_status":"open","ping_status":"open","sticky":false,"template":"","format":"standard","meta":[],"categories":[2,3],"tags":[837,23,26,4956],"news-destination":[],"news-source":[],"is_homepage":[],"ta_other":[],"featured_media_details":{"width":1000,"height":649,"file":"2024\/04\/B_ambulanza-in-corsa.jpg","sizes":{"thumbnail":{"file":"B_ambulanza-in-corsa-150x150.jpg","width":150,"height":150,"mime-type":"image\/jpeg","source_url":"https:\/\/www.gardaseezeitung.it\/gardaseezeitung_new\/de\/wp-content\/uploads\/sites\/2\/2024\/04\/B_ambulanza-in-corsa-150x150.jpg"},"medium":{"file":"B_ambulanza-in-corsa-300x195.jpg","width":300,"height":195,"mime-type":"image\/jpeg","source_url":"https:\/\/www.gardaseezeitung.it\/gardaseezeitung_new\/de\/wp-content\/uploads\/sites\/2\/2024\/04\/B_ambulanza-in-corsa-300x195.jpg"},"medium_large":{"file":"B_ambulanza-in-corsa-768x498.jpg","width":768,"height":498,"mime-type":"image\/jpeg","source_url":"https:\/\/www.gardaseezeitung.it\/gardaseezeitung_new\/de\/wp-content\/uploads\/sites\/2\/2024\/04\/B_ambulanza-in-corsa-768x498.jpg"},"big_image":{"file":"B_ambulanza-in-corsa-750x487.jpg","width":750,"height":487,"mime-type":"image\/jpeg","source_url":"https:\/\/www.gardaseezeitung.it\/gardaseezeitung_new\/de\/wp-content\/uploads\/sites\/2\/2024\/04\/B_ambulanza-in-corsa-750x487.jpg"},"guest-author-32":{"file":"B_ambulanza-in-corsa-32x32.jpg","width":32,"height":32,"mime-type":"image\/jpeg","source_url":"https:\/\/www.gardaseezeitung.it\/gardaseezeitung_new\/de\/wp-content\/uploads\/sites\/2\/2024\/04\/B_ambulanza-in-corsa-32x32.jpg"},"guest-author-50":{"file":"B_ambulanza-in-corsa-50x50.jpg","width":50,"height":50,"mime-type":"image\/jpeg","source_url":"https:\/\/www.gardaseezeitung.it\/gardaseezeitung_new\/de\/wp-content\/uploads\/sites\/2\/2024\/04\/B_ambulanza-in-corsa-50x50.jpg"},"guest-author-64":{"file":"B_ambulanza-in-corsa-64x64.jpg","width":64,"height":64,"mime-type":"image\/jpeg","source_url":"https:\/\/www.gardaseezeitung.it\/gardaseezeitung_new\/de\/wp-content\/uploads\/sites\/2\/2024\/04\/B_ambulanza-in-corsa-64x64.jpg"},"guest-author-96":{"file":"B_ambulanza-in-corsa-96x96.jpg","width":96,"height":96,"mime-type":"image\/jpeg","source_url":"https:\/\/www.gardaseezeitung.it\/gardaseezeitung_new\/de\/wp-content\/uploads\/sites\/2\/2024\/04\/B_ambulanza-in-corsa-96x96.jpg"},"guest-author-128":{"file":"B_ambulanza-in-corsa-128x128.jpg","width":128,"height":128,"mime-type":"image\/jpeg","source_url":"https:\/\/www.gardaseezeitung.it\/gardaseezeitung_new\/de\/wp-content\/uploads\/sites\/2\/2024\/04\/B_ambulanza-in-corsa-128x128.jpg"},"full":{"file":"B_ambulanza-in-corsa.jpg","width":1000,"height":649,"mime_type":"","source_url":"https:\/\/www.gardaseezeitung.it\/gardaseezeitung_new\/de\/wp-content\/uploads\/sites\/2\/2024\/04\/B_ambulanza-in-corsa.jpg"}},"image_meta":{"aperture":"0","credit":"","camera":"","caption":"","created_timestamp":"0","copyright":"","focal_length":"0","iso":"0","shutter_speed":"0","title":"","orientation":"0","keywords":[]}},"_links":{"self":[{"href":"https:\/\/www.gardaseezeitung.it\/gardaseezeitung_new\/de\/wp-json\/wp\/v2\/posts\/17283"}],"collection":[{"href":"https:\/\/www.gardaseezeitung.it\/gardaseezeitung_new\/de\/wp-json\/wp\/v2\/posts"}],"about":[{"href":"https:\/\/www.gardaseezeitung.it\/gardaseezeitung_new\/de\/wp-json\/wp\/v2\/types\/post"}],"author":[{"embeddable":true,"href":"https:\/\/www.gardaseezeitung.it\/gardaseezeitung_new\/de\/wp-json\/wp\/v2\/users\/9"}],"replies":[{"embeddable":true,"href":"https:\/\/www.gardaseezeitung.it\/gardaseezeitung_new\/de\/wp-json\/wp\/v2\/comments?post=17283"}],"version-history":[{"count":0,"href":"https:\/\/www.gardaseezeitung.it\/gardaseezeitung_new\/de\/wp-json\/wp\/v2\/posts\/17283\/revisions"}],"wp:featuredmedia":[{"embeddable":true,"href":"https:\/\/www.gardaseezeitung.it\/gardaseezeitung_new\/de\/wp-json\/wp\/v2\/media\/16491"}],"wp:attachment":[{"href":"https:\/\/www.gardaseezeitung.it\/gardaseezeitung_new\/de\/wp-json\/wp\/v2\/media?parent=17283"}],"wp:term":[{"taxonomy":"category","embeddable":true,"href":"https:\/\/www.gardaseezeitung.it\/gardaseezeitung_new\/de\/wp-json\/wp\/v2\/categories?post=17283"},{"taxonomy":"post_tag","embeddable":true,"href":"https:\/\/www.gardaseezeitung.it\/gardaseezeitung_new\/de\/wp-json\/wp\/v2\/tags?post=17283"},{"taxonomy":"news-destination","embeddable":true,"href":"https:\/\/www.gardaseezeitung.it\/gardaseezeitung_new\/de\/wp-json\/wp\/v2\/news-destination?post=17283"},{"taxonomy":"news-source","embeddable":true,"href":"https:\/\/www.gardaseezeitung.it\/gardaseezeitung_new\/de\/wp-json\/wp\/v2\/news-source?post=17283"},{"taxonomy":"is_homepage","embeddable":true,"href":"https:\/\/www.gardaseezeitung.it\/gardaseezeitung_new\/de\/wp-json\/wp\/v2\/is_homepage?post=17283"},{"taxonomy":"ta_other","embeddable":true,"href":"https:\/\/www.gardaseezeitung.it\/gardaseezeitung_new\/de\/wp-json\/wp\/v2\/ta_other?post=17283"}],"curies":[{"name":"wp","href":"https:\/\/api.w.org\/{rel}","templated":true}]}}