{"id":17286,"date":"2024-09-20T10:02:43","date_gmt":"2024-09-20T08:02:43","guid":{"rendered":"http:\/\/euwps06.newsmemory.com\/gardaseezeitung_new\/de\/2024\/09\/20\/franciacorta-village-die-village-night-kehrt-mit-verkostungen-konzert-und-dj-set-zurueck\/"},"modified":"2024-09-20T10:02:44","modified_gmt":"2024-09-20T08:02:44","slug":"franciacorta-village-die-village-night-kehrt-mit-verkostungen-konzert-und-dj-set-zurueck","status":"publish","type":"post","link":"https:\/\/www.gardaseezeitung.it\/2024\/09\/20\/franciacorta-village-die-village-night-kehrt-mit-verkostungen-konzert-und-dj-set-zurueck\/","title":{"rendered":"Franciacorta Village: die&#8220; Village Night&#8220; kehrt mit Verkostungen, Konzert und DJ-Set zur\u00fcck"},"content":{"rendered":"<p>Um das Ende des Sommers und die Weinlese in der Franciacorta zu feiern, findet heute, am 20. September, von 18.00 bis 24.00 Uhr die bereits etablierte und mit Spannung erwartete Abendveranstaltung \u201eVillage Night\u201c statt.<\/p>\n<p>Die Veranstaltung findet in den Stra\u00dfen des Dorfes in einer festlichen Atmosph\u00e4re statt und verl\u00e4uft in Etappen, die durch die Farben Gold, Schwarz und Wei\u00df gekennzeichnet sind: Vierundzwanzig der besten Weinkellereien der Gegend bieten Verkostungen wichtiger Franciacorta-Docg-Weine an, der viel gesch\u00e4tzten \u201eBollicine\u201c. Mit einem k\u00fchlen Glas Brut, Saten oder Ros\u00e9 in der Hand kann man den Winzern selbst zuh\u00f6ren, wie sie die wesentlichen Merkmale der Weine erl\u00e4utern, Jahrg\u00e4nge empfehlen und ihre Besonderheiten herausstellen.<\/p>\n<p>Wie bei jeder Veranstaltung, die etwas auf sich h\u00e4lt, wird der Soundtrack vom DJ-Set R101 mit Marco Viglione am Mischpult, der Animation von Fabio De Vivo und als Special Guests um 21.00 Uhr der (kostenlose) Auftritt des Indi-Pop-Duos Coma Cose geliefert, das in einem kurzen Interview \u00fcber sich selbst sprechen und einige seiner bekanntesten Songs vorstellen wird.<\/p>\n<p>Damiano Carrara, Ma\u00eetre P\u00e2tissier und bekanntes Gesicht aus popul\u00e4ren Fernsehsendungen (Bake Off Italia, Cake Star &#8211; Konditoreien im Wettstreit, Fuori Men\u00f9) wird an der Veranstaltung teilnehmen und zu diesem Anlass ein neues Dessert passend zu den verkosteten Weinen pr\u00e4sentieren. Es stehen zwei Vorschl\u00e4ge zur Auswahl, die beim Kauf der Verkostungstickets kostenlos sind und nur solange der Vorrat reicht: eine Portion Kaki und Mascarpone oder eine Portion Mais und karamellisierte Milch.<\/p>\n<p>Die Verabredung mit der Village Night ist eine Gelegenheit, die zahlreichen Neuheiten des Village zu entdecken: die elegante Neugestaltung des Food-Courts&#8230; die neue Beschilderung, aber vor allem Autumn Vibes&#8230; f\u00fcr noch bequemeres Einkaufen mit -20% Rabatt auf die neuen F\/W-Kollektionen.<\/p>\n","protected":false},"excerpt":{"rendered":"<p>In Rodengo Saiano treten heute Abend Damiano Carrara, Ma\u00eetre P\u00e2tissier und TV-Gesicht, und das Indi-Pop-Duo Come Cose auf<\/p>\n","protected":false},"author":9,"featured_media":17285,"comment_status":"open","ping_status":"open","sticky":false,"template":"","format":"standard","meta":[],"categories":[2,5],"tags":[5225,5226,825,1567,23,26,1933,5227],"news-destination":[],"news-source":[],"is_homepage":[],"ta_other":[],"featured_media_details":{"width":1024,"height":683,"file":"2024\/09\/Village-Night-_-Outlet-Franciacorta-www.jpg","sizes":{"medium":{"file":"Village-Night-_-Outlet-Franciacorta-www-300x200.jpg","width":300,"height":200,"mime-type":"image\/jpeg","source_url":"https:\/\/www.gardaseezeitung.it\/gardaseezeitung_new\/de\/wp-content\/uploads\/sites\/2\/2024\/09\/Village-Night-_-Outlet-Franciacorta-www-300x200.jpg"},"thumbnail":{"file":"Village-Night-_-Outlet-Franciacorta-www-150x150.jpg","width":150,"height":150,"mime-type":"image\/jpeg","source_url":"https:\/\/www.gardaseezeitung.it\/gardaseezeitung_new\/de\/wp-content\/uploads\/sites\/2\/2024\/09\/Village-Night-_-Outlet-Franciacorta-www-150x150.jpg"},"medium_large":{"file":"Village-Night-_-Outlet-Franciacorta-www-768x512.jpg","width":768,"height":512,"mime-type":"image\/jpeg","source_url":"https:\/\/www.gardaseezeitung.it\/gardaseezeitung_new\/de\/wp-content\/uploads\/sites\/2\/2024\/09\/Village-Night-_-Outlet-Franciacorta-www-768x512.jpg"},"big_image":{"file":"Village-Night-_-Outlet-Franciacorta-www-750x500.jpg","width":750,"height":500,"mime-type":"image\/jpeg","source_url":"https:\/\/www.gardaseezeitung.it\/gardaseezeitung_new\/de\/wp-content\/uploads\/sites\/2\/2024\/09\/Village-Night-_-Outlet-Franciacorta-www-750x500.jpg"},"guest-author-32":{"file":"Village-Night-_-Outlet-Franciacorta-www-32x32.jpg","width":32,"height":32,"mime-type":"image\/jpeg","source_url":"https:\/\/www.gardaseezeitung.it\/gardaseezeitung_new\/de\/wp-content\/uploads\/sites\/2\/2024\/09\/Village-Night-_-Outlet-Franciacorta-www-32x32.jpg"},"guest-author-50":{"file":"Village-Night-_-Outlet-Franciacorta-www-50x50.jpg","width":50,"height":50,"mime-type":"image\/jpeg","source_url":"https:\/\/www.gardaseezeitung.it\/gardaseezeitung_new\/de\/wp-content\/uploads\/sites\/2\/2024\/09\/Village-Night-_-Outlet-Franciacorta-www-50x50.jpg"},"guest-author-64":{"file":"Village-Night-_-Outlet-Franciacorta-www-64x64.jpg","width":64,"height":64,"mime-type":"image\/jpeg","source_url":"https:\/\/www.gardaseezeitung.it\/gardaseezeitung_new\/de\/wp-content\/uploads\/sites\/2\/2024\/09\/Village-Night-_-Outlet-Franciacorta-www-64x64.jpg"},"guest-author-96":{"file":"Village-Night-_-Outlet-Franciacorta-www-96x96.jpg","width":96,"height":96,"mime-type":"image\/jpeg","source_url":"https:\/\/www.gardaseezeitung.it\/gardaseezeitung_new\/de\/wp-content\/uploads\/sites\/2\/2024\/09\/Village-Night-_-Outlet-Franciacorta-www-96x96.jpg"},"guest-author-128":{"file":"Village-Night-_-Outlet-Franciacorta-www-128x128.jpg","width":128,"height":128,"mime-type":"image\/jpeg","source_url":"https:\/\/www.gardaseezeitung.it\/gardaseezeitung_new\/de\/wp-content\/uploads\/sites\/2\/2024\/09\/Village-Night-_-Outlet-Franciacorta-www-128x128.jpg"},"full":{"file":"Village-Night-_-Outlet-Franciacorta-www.jpg","width":1024,"height":683,"mime_type":"","source_url":"https:\/\/www.gardaseezeitung.it\/gardaseezeitung_new\/de\/wp-content\/uploads\/sites\/2\/2024\/09\/Village-Night-_-Outlet-Franciacorta-www.jpg"}},"image_meta":{"aperture":"2.2","credit":"","camera":"Canon EOS 5D Mark IV","caption":"","created_timestamp":"1567808094","copyright":"","focal_length":"24","iso":"3200","shutter_speed":"0.004","title":"","orientation":"1","keywords":[]}},"_links":{"self":[{"href":"https:\/\/www.gardaseezeitung.it\/gardaseezeitung_new\/de\/wp-json\/wp\/v2\/posts\/17286"}],"collection":[{"href":"https:\/\/www.gardaseezeitung.it\/gardaseezeitung_new\/de\/wp-json\/wp\/v2\/posts"}],"about":[{"href":"https:\/\/www.gardaseezeitung.it\/gardaseezeitung_new\/de\/wp-json\/wp\/v2\/types\/post"}],"author":[{"embeddable":true,"href":"https:\/\/www.gardaseezeitung.it\/gardaseezeitung_new\/de\/wp-json\/wp\/v2\/users\/9"}],"replies":[{"embeddable":true,"href":"https:\/\/www.gardaseezeitung.it\/gardaseezeitung_new\/de\/wp-json\/wp\/v2\/comments?post=17286"}],"version-history":[{"count":0,"href":"https:\/\/www.gardaseezeitung.it\/gardaseezeitung_new\/de\/wp-json\/wp\/v2\/posts\/17286\/revisions"}],"wp:featuredmedia":[{"embeddable":true,"href":"https:\/\/www.gardaseezeitung.it\/gardaseezeitung_new\/de\/wp-json\/wp\/v2\/media\/17285"}],"wp:attachment":[{"href":"https:\/\/www.gardaseezeitung.it\/gardaseezeitung_new\/de\/wp-json\/wp\/v2\/media?parent=17286"}],"wp:term":[{"taxonomy":"category","embeddable":true,"href":"https:\/\/www.gardaseezeitung.it\/gardaseezeitung_new\/de\/wp-json\/wp\/v2\/categories?post=17286"},{"taxonomy":"post_tag","embeddable":true,"href":"https:\/\/www.gardaseezeitung.it\/gardaseezeitung_new\/de\/wp-json\/wp\/v2\/tags?post=17286"},{"taxonomy":"news-destination","embeddable":true,"href":"https:\/\/www.gardaseezeitung.it\/gardaseezeitung_new\/de\/wp-json\/wp\/v2\/news-destination?post=17286"},{"taxonomy":"news-source","embeddable":true,"href":"https:\/\/www.gardaseezeitung.it\/gardaseezeitung_new\/de\/wp-json\/wp\/v2\/news-source?post=17286"},{"taxonomy":"is_homepage","embeddable":true,"href":"https:\/\/www.gardaseezeitung.it\/gardaseezeitung_new\/de\/wp-json\/wp\/v2\/is_homepage?post=17286"},{"taxonomy":"ta_other","embeddable":true,"href":"https:\/\/www.gardaseezeitung.it\/gardaseezeitung_new\/de\/wp-json\/wp\/v2\/ta_other?post=17286"}],"curies":[{"name":"wp","href":"https:\/\/api.w.org\/{rel}","templated":true}]}}