{"id":17292,"date":"2024-10-14T15:17:37","date_gmt":"2024-10-14T13:17:37","guid":{"rendered":"https:\/\/euwps05.newsmemory.com\/gardaseezeitung_new\/de\/2024\/10\/14\/foto-des-kometen-tsuchinshan-atlas-himmel-ueber-bardolin\/"},"modified":"2024-10-14T15:22:00","modified_gmt":"2024-10-14T13:22:00","slug":"foto-des-kometen-tsuchinshan-atlas-himmel-ueber-bardolin","status":"publish","type":"post","link":"https:\/\/www.gardaseezeitung.it\/2024\/10\/14\/foto-des-kometen-tsuchinshan-atlas-himmel-ueber-bardolin\/","title":{"rendered":"Komet Tsuchinshan-Atlas leuchtet am Himmel \u00fcber Bardolin"},"content":{"rendered":"<p>&nbsp;<\/p>\n<p>Der Komet Tsuchinshan-Atlas erscheint seit gestern, dem 13. Oktober, am Himmel \u00fcber dem Gardaseegebiet: Die Nachtaufnahme von Gabriele Bonati in Bardolino, die einzige aus Norditalien, ist ein Beweis daf\u00fcr.<\/p>\n<p>Zum Zeitpunkt der Aufnahme, gegen 19.20 Uhr, war der Komet mit blo\u00dfem Auge nicht sichtbar, aber mit einem Fernglas gut zu erkennen. Der auch als C\/2023 A3 bekannte Komet erreichte seinen erdn\u00e4chsten Punkt in etwa 70 Millionen Kilometern Entfernung und bot eines der spektakul\u00e4rsten Himmelsereignisse der letzten Jahrzehnte, auch dank seines langen Schweifs, der sich \u00fcber etwa 29 Millionen Kilometer erstreckt. In den kommenden Abenden wird sich der Komet sehr schnell von der Sonne entfernen und in den fr\u00fchen Abendstunden allm\u00e4hlich besser sichtbar werden. Gleichzeitig wird seine Helligkeit jedoch abnehmen, so dass die besten Gelegenheiten, ihn mit blo\u00dfem Auge zu beobachten, zwischen dem 14. und 20. Oktober gegeben sein d\u00fcrften.<\/p>\n<p>Um nach ihm Ausschau zu halten, ist es wichtig, einen Ort zu finden, an dem der Horizont in westlicher Richtung v\u00f6llig klar ist, und 50-60 Minuten nach Sonnenuntergang mit der Beobachtung zu beginnen. Wenn Sie den Ort kennen, an dem die Sonne untergegangen ist, k\u00f6nnen Sie von dort aus starten, indem Sie zwischen 10 und 20 Grad nach links oben schauen (30-20 Grad in Richtung Wochenende) Andernfalls k\u00f6nnen Sie den Planeten Venus verwenden (der in diesen Tagen ebenfalls tief im S\u00fcdwesten steht), indem Sie auf die gleichen Winkelabst\u00e4nde achten, jedoch in Richtung des rechten Winkels.<\/p>\n<p>&nbsp;<\/p>\n","protected":false},"excerpt":{"rendered":"<p>Von heute bis zum 20. Oktober besteht die M\u00f6glichkeit, ihn zu beobachten<\/p>\n","protected":false},"author":9,"featured_media":17291,"comment_status":"open","ping_status":"open","sticky":false,"template":"","format":"standard","meta":[],"categories":[2,5,3],"tags":[50,5234,23,26,5235,5236,5237],"news-destination":[],"news-source":[],"is_homepage":[],"ta_other":[],"featured_media_details":{"width":800,"height":600,"file":"2024\/10\/5794248359815529369.jpg","sizes":{"medium":{"file":"5794248359815529369-300x225.jpg","width":300,"height":225,"mime-type":"image\/jpeg","source_url":"https:\/\/www.gardaseezeitung.it\/gardaseezeitung_new\/de\/wp-content\/uploads\/sites\/2\/2024\/10\/5794248359815529369-300x225.jpg"},"thumbnail":{"file":"5794248359815529369-150x150.jpg","width":150,"height":150,"mime-type":"image\/jpeg","source_url":"https:\/\/www.gardaseezeitung.it\/gardaseezeitung_new\/de\/wp-content\/uploads\/sites\/2\/2024\/10\/5794248359815529369-150x150.jpg"},"medium_large":{"file":"5794248359815529369-768x576.jpg","width":768,"height":576,"mime-type":"image\/jpeg","source_url":"https:\/\/www.gardaseezeitung.it\/gardaseezeitung_new\/de\/wp-content\/uploads\/sites\/2\/2024\/10\/5794248359815529369-768x576.jpg"},"big_image":{"file":"5794248359815529369-750x563.jpg","width":750,"height":563,"mime-type":"image\/jpeg","source_url":"https:\/\/www.gardaseezeitung.it\/gardaseezeitung_new\/de\/wp-content\/uploads\/sites\/2\/2024\/10\/5794248359815529369-750x563.jpg"},"guest-author-32":{"file":"5794248359815529369-32x32.jpg","width":32,"height":32,"mime-type":"image\/jpeg","source_url":"https:\/\/www.gardaseezeitung.it\/gardaseezeitung_new\/de\/wp-content\/uploads\/sites\/2\/2024\/10\/5794248359815529369-32x32.jpg"},"guest-author-50":{"file":"5794248359815529369-50x50.jpg","width":50,"height":50,"mime-type":"image\/jpeg","source_url":"https:\/\/www.gardaseezeitung.it\/gardaseezeitung_new\/de\/wp-content\/uploads\/sites\/2\/2024\/10\/5794248359815529369-50x50.jpg"},"guest-author-64":{"file":"5794248359815529369-64x64.jpg","width":64,"height":64,"mime-type":"image\/jpeg","source_url":"https:\/\/www.gardaseezeitung.it\/gardaseezeitung_new\/de\/wp-content\/uploads\/sites\/2\/2024\/10\/5794248359815529369-64x64.jpg"},"guest-author-96":{"file":"5794248359815529369-96x96.jpg","width":96,"height":96,"mime-type":"image\/jpeg","source_url":"https:\/\/www.gardaseezeitung.it\/gardaseezeitung_new\/de\/wp-content\/uploads\/sites\/2\/2024\/10\/5794248359815529369-96x96.jpg"},"guest-author-128":{"file":"5794248359815529369-128x128.jpg","width":128,"height":128,"mime-type":"image\/jpeg","source_url":"https:\/\/www.gardaseezeitung.it\/gardaseezeitung_new\/de\/wp-content\/uploads\/sites\/2\/2024\/10\/5794248359815529369-128x128.jpg"},"full":{"file":"5794248359815529369.jpg","width":800,"height":600,"mime_type":"","source_url":"https:\/\/www.gardaseezeitung.it\/gardaseezeitung_new\/de\/wp-content\/uploads\/sites\/2\/2024\/10\/5794248359815529369.jpg"}},"image_meta":{"aperture":"0","credit":"","camera":"","caption":"","created_timestamp":"0","copyright":"","focal_length":"0","iso":"0","shutter_speed":"0","title":"","orientation":"0","keywords":[]}},"_links":{"self":[{"href":"https:\/\/www.gardaseezeitung.it\/gardaseezeitung_new\/de\/wp-json\/wp\/v2\/posts\/17292"}],"collection":[{"href":"https:\/\/www.gardaseezeitung.it\/gardaseezeitung_new\/de\/wp-json\/wp\/v2\/posts"}],"about":[{"href":"https:\/\/www.gardaseezeitung.it\/gardaseezeitung_new\/de\/wp-json\/wp\/v2\/types\/post"}],"author":[{"embeddable":true,"href":"https:\/\/www.gardaseezeitung.it\/gardaseezeitung_new\/de\/wp-json\/wp\/v2\/users\/9"}],"replies":[{"embeddable":true,"href":"https:\/\/www.gardaseezeitung.it\/gardaseezeitung_new\/de\/wp-json\/wp\/v2\/comments?post=17292"}],"version-history":[{"count":2,"href":"https:\/\/www.gardaseezeitung.it\/gardaseezeitung_new\/de\/wp-json\/wp\/v2\/posts\/17292\/revisions"}],"predecessor-version":[{"id":17294,"href":"https:\/\/www.gardaseezeitung.it\/gardaseezeitung_new\/de\/wp-json\/wp\/v2\/posts\/17292\/revisions\/17294"}],"wp:featuredmedia":[{"embeddable":true,"href":"https:\/\/www.gardaseezeitung.it\/gardaseezeitung_new\/de\/wp-json\/wp\/v2\/media\/17291"}],"wp:attachment":[{"href":"https:\/\/www.gardaseezeitung.it\/gardaseezeitung_new\/de\/wp-json\/wp\/v2\/media?parent=17292"}],"wp:term":[{"taxonomy":"category","embeddable":true,"href":"https:\/\/www.gardaseezeitung.it\/gardaseezeitung_new\/de\/wp-json\/wp\/v2\/categories?post=17292"},{"taxonomy":"post_tag","embeddable":true,"href":"https:\/\/www.gardaseezeitung.it\/gardaseezeitung_new\/de\/wp-json\/wp\/v2\/tags?post=17292"},{"taxonomy":"news-destination","embeddable":true,"href":"https:\/\/www.gardaseezeitung.it\/gardaseezeitung_new\/de\/wp-json\/wp\/v2\/news-destination?post=17292"},{"taxonomy":"news-source","embeddable":true,"href":"https:\/\/www.gardaseezeitung.it\/gardaseezeitung_new\/de\/wp-json\/wp\/v2\/news-source?post=17292"},{"taxonomy":"is_homepage","embeddable":true,"href":"https:\/\/www.gardaseezeitung.it\/gardaseezeitung_new\/de\/wp-json\/wp\/v2\/is_homepage?post=17292"},{"taxonomy":"ta_other","embeddable":true,"href":"https:\/\/www.gardaseezeitung.it\/gardaseezeitung_new\/de\/wp-json\/wp\/v2\/ta_other?post=17292"}],"curies":[{"name":"wp","href":"https:\/\/api.w.org\/{rel}","templated":true}]}}