{"id":17303,"date":"2024-10-24T09:48:54","date_gmt":"2024-10-24T07:48:54","guid":{"rendered":"http:\/\/euwps06.newsmemory.com\/gardaseezeitung_new\/de\/2024\/10\/26\/elisabetta-arici-stellt-desenzano-aus\/"},"modified":"2024-10-28T12:12:07","modified_gmt":"2024-10-28T11:12:07","slug":"elisabetta-arici-stellt-desenzano-aus","status":"publish","type":"post","link":"https:\/\/www.gardaseezeitung.it\/2024\/10\/24\/elisabetta-arici-stellt-desenzano-aus\/","title":{"rendered":"Elisabetta Arici stellt in Desenzano aus"},"content":{"rendered":"<p>&nbsp;<\/p>\n<p>\u201eKunst: ein Weg zur Wiedergeburt\u201d \u2013 dies der Titel der Ausstellung, in deren Mittelpunkt die Werke von Elisabetta Arici stehen und die bis zum 10. November in der Stadtgalerie Bosio in Desenzano del Garda l\u00e4uft. Im Rahmen der Ausstellung sind die wichtigsten Werke des k\u00fcnstlerischen Werdegangs von Arici zu sehen. Ihr \u201eWeg\u201c hat heute eine bildnerische Entwicklung erreicht, die das Ergebnis eines pers\u00f6nlichen Erwachens widerspiegelt, das durch die Kunst aktiviert wurde: die Entdeckung des eigenen Selbst. Deshalb der Ausstellungstitel \u201eKunst: ein Weg zur Wiedergeburt\u201c. Die Ausstellung soll gleichzeitig eine M\u00f6glichkeit sein, Kultur zu schaffen und sich zu treffen sowie Gelegenheit bieten, \u00fcber Themen des pers\u00f6nlichen und sozialen Wachstums nachzudenken. Die Initiative verfolgt somit verschiedene Ziele: die Pr\u00e4sentation der Gem\u00e4lde und Momente der Diskussion mit der Malerin sowie die M\u00f6glichkeit, sich aktiv an kulturellen Treffen zu beteiligen, die allen offenstehen.<\/p>\n<p>Im Rahmen der Initiative stehen noch zwei Treffen mit erfahrenen Rednern auf dem Programm: am 27. Oktober um 17.00 Uhr l\u00e4dt der Professor f\u00fcr Kunstgeschichte und Kunstkritiker Gianluigi Guarneri zu \u201eDie \u00dcberholtheit der Sch\u00f6nheit\u201c. Ziel des Treffens ist es, anhand positiver Beispiele die Bedeutung der Rolle der Kunst in der Geschichte zu pr\u00e4sentieren und die Sch\u00f6nheit als heute \u00fcberholte M\u00f6glichkeit die Zukunft zu planen und die Gegenwart zu leben, darzustellen. Das Treffen mit dem Titel \u201eDie Nummern Eins\u201c wird stattdessen eng mit der Ikonographie des Leuchtturms verbunden sein, die in den Gem\u00e4lden der K\u00fcnstlerin oft wiederkehrt. Die Nummern Eins sind Embleme und Symbole, aber dar\u00fcber hinaus Personen mit starken, manchmal charismatischen Charakteren und Energien, die als F\u00fchrer, als Initiatoren, als Licht f\u00fcr ihre Umgebung fungieren. Die Initiative ist f\u00fcr den 3. November um 17.00 Uhr vorgesehen. Mit dabei der Philosoph Dr. Simone De Clementi.<\/p>\n<figure id=\"attachment_17306\" style=\"width: 640px\" class=\"wp-caption alignnone\"><img title=\"Elisabetta Arici stellt in Desenzano aus\" loading=\"lazy\" class=\"size-large wp-image-17306\" src=\"https:\/\/www.gardaseezeitung.it\/gardaseezeitung_new\/de\/wp-content\/uploads\/sites\/2\/2024\/10\/Fine-Art-Arici.jpg\" alt=\"Kunst: ein Weg zur Wiedergeburt\" width=\"640\" height=\"894\" srcset=\"https:\/\/euwps06.newsmemory.com\/gardaseezeitung_new\/de\/wp-content\/uploads\/sites\/2\/2024\/10\/Fine-Art-Arici.jpg 1024w, https:\/\/euwps06.newsmemory.com\/gardaseezeitung_new\/de\/wp-content\/uploads\/sites\/2\/2024\/10\/Fine-Art-Arici-215x300.jpg 215w, https:\/\/euwps06.newsmemory.com\/gardaseezeitung_new\/de\/wp-content\/uploads\/sites\/2\/2024\/10\/Fine-Art-Arici-733x1024.jpg 733w, https:\/\/euwps06.newsmemory.com\/gardaseezeitung_new\/de\/wp-content\/uploads\/sites\/2\/2024\/10\/Fine-Art-Arici-768x1073.jpg 768w, https:\/\/euwps06.newsmemory.com\/gardaseezeitung_new\/de\/wp-content\/uploads\/sites\/2\/2024\/10\/Fine-Art-Arici-750x1047.jpg 750w\" sizes=\"(max-width: 640px) 100vw, 640px\" \/><figcaption class=\"wp-caption-text\">Kunst: ein Weg zur Wiedergeburt<\/figcaption><\/figure>\n<p>Die \u00d6ffnungszeiten der Ausstellung: Montag geschlossen &#8211; Dienstag und Mittwoch von 10.30 bis 12.30 Uhr &#8211; Donnerstag und Freitag von 15.30 bis 19.00 Uhr &#8211; Samstag und Sonntag 10.30-12.30 \/ 15.30-19.00 Uhr<\/p>\n","protected":false},"excerpt":{"rendered":"<p>\u201eKunst: ein Weg zur Wiedergeburt\u201d bis zum 10. November in der Stadtgalerie Bosio<\/p>\n","protected":false},"author":9,"featured_media":17304,"comment_status":"open","ping_status":"open","sticky":false,"template":"","format":"standard","meta":[],"categories":[2,3],"tags":[131,5240,5241,5242,5243,765,5244],"news-destination":[],"news-source":[],"is_homepage":[],"ta_other":[],"featured_media_details":{"width":1024,"height":727,"file":"2024\/10\/arici.jpg","sizes":{"medium":{"file":"arici-300x213.jpg","width":300,"height":213,"mime-type":"image\/jpeg","source_url":"https:\/\/www.gardaseezeitung.it\/gardaseezeitung_new\/de\/wp-content\/uploads\/sites\/2\/2024\/10\/arici-300x213.jpg"},"thumbnail":{"file":"arici-150x150.jpg","width":150,"height":150,"mime-type":"image\/jpeg","source_url":"https:\/\/www.gardaseezeitung.it\/gardaseezeitung_new\/de\/wp-content\/uploads\/sites\/2\/2024\/10\/arici-150x150.jpg"},"medium_large":{"file":"arici-768x545.jpg","width":768,"height":545,"mime-type":"image\/jpeg","source_url":"https:\/\/www.gardaseezeitung.it\/gardaseezeitung_new\/de\/wp-content\/uploads\/sites\/2\/2024\/10\/arici-768x545.jpg"},"big_image":{"file":"arici-750x532.jpg","width":750,"height":532,"mime-type":"image\/jpeg","source_url":"https:\/\/www.gardaseezeitung.it\/gardaseezeitung_new\/de\/wp-content\/uploads\/sites\/2\/2024\/10\/arici-750x532.jpg"},"guest-author-32":{"file":"arici-32x32.jpg","width":32,"height":32,"mime-type":"image\/jpeg","source_url":"https:\/\/www.gardaseezeitung.it\/gardaseezeitung_new\/de\/wp-content\/uploads\/sites\/2\/2024\/10\/arici-32x32.jpg"},"guest-author-50":{"file":"arici-50x50.jpg","width":50,"height":50,"mime-type":"image\/jpeg","source_url":"https:\/\/www.gardaseezeitung.it\/gardaseezeitung_new\/de\/wp-content\/uploads\/sites\/2\/2024\/10\/arici-50x50.jpg"},"guest-author-64":{"file":"arici-64x64.jpg","width":64,"height":64,"mime-type":"image\/jpeg","source_url":"https:\/\/www.gardaseezeitung.it\/gardaseezeitung_new\/de\/wp-content\/uploads\/sites\/2\/2024\/10\/arici-64x64.jpg"},"guest-author-96":{"file":"arici-96x96.jpg","width":96,"height":96,"mime-type":"image\/jpeg","source_url":"https:\/\/www.gardaseezeitung.it\/gardaseezeitung_new\/de\/wp-content\/uploads\/sites\/2\/2024\/10\/arici-96x96.jpg"},"guest-author-128":{"file":"arici-128x128.jpg","width":128,"height":128,"mime-type":"image\/jpeg","source_url":"https:\/\/www.gardaseezeitung.it\/gardaseezeitung_new\/de\/wp-content\/uploads\/sites\/2\/2024\/10\/arici-128x128.jpg"},"full":{"file":"arici.jpg","width":1024,"height":727,"mime_type":"","source_url":"https:\/\/www.gardaseezeitung.it\/gardaseezeitung_new\/de\/wp-content\/uploads\/sites\/2\/2024\/10\/arici.jpg"}},"image_meta":{"aperture":"0","credit":"","camera":"","caption":"","created_timestamp":"0","copyright":"","focal_length":"0","iso":"0","shutter_speed":"0","title":"","orientation":"1","keywords":[]}},"_links":{"self":[{"href":"https:\/\/www.gardaseezeitung.it\/gardaseezeitung_new\/de\/wp-json\/wp\/v2\/posts\/17303"}],"collection":[{"href":"https:\/\/www.gardaseezeitung.it\/gardaseezeitung_new\/de\/wp-json\/wp\/v2\/posts"}],"about":[{"href":"https:\/\/www.gardaseezeitung.it\/gardaseezeitung_new\/de\/wp-json\/wp\/v2\/types\/post"}],"author":[{"embeddable":true,"href":"https:\/\/www.gardaseezeitung.it\/gardaseezeitung_new\/de\/wp-json\/wp\/v2\/users\/9"}],"replies":[{"embeddable":true,"href":"https:\/\/www.gardaseezeitung.it\/gardaseezeitung_new\/de\/wp-json\/wp\/v2\/comments?post=17303"}],"version-history":[{"count":2,"href":"https:\/\/www.gardaseezeitung.it\/gardaseezeitung_new\/de\/wp-json\/wp\/v2\/posts\/17303\/revisions"}],"predecessor-version":[{"id":17307,"href":"https:\/\/www.gardaseezeitung.it\/gardaseezeitung_new\/de\/wp-json\/wp\/v2\/posts\/17303\/revisions\/17307"}],"wp:featuredmedia":[{"embeddable":true,"href":"https:\/\/www.gardaseezeitung.it\/gardaseezeitung_new\/de\/wp-json\/wp\/v2\/media\/17304"}],"wp:attachment":[{"href":"https:\/\/www.gardaseezeitung.it\/gardaseezeitung_new\/de\/wp-json\/wp\/v2\/media?parent=17303"}],"wp:term":[{"taxonomy":"category","embeddable":true,"href":"https:\/\/www.gardaseezeitung.it\/gardaseezeitung_new\/de\/wp-json\/wp\/v2\/categories?post=17303"},{"taxonomy":"post_tag","embeddable":true,"href":"https:\/\/www.gardaseezeitung.it\/gardaseezeitung_new\/de\/wp-json\/wp\/v2\/tags?post=17303"},{"taxonomy":"news-destination","embeddable":true,"href":"https:\/\/www.gardaseezeitung.it\/gardaseezeitung_new\/de\/wp-json\/wp\/v2\/news-destination?post=17303"},{"taxonomy":"news-source","embeddable":true,"href":"https:\/\/www.gardaseezeitung.it\/gardaseezeitung_new\/de\/wp-json\/wp\/v2\/news-source?post=17303"},{"taxonomy":"is_homepage","embeddable":true,"href":"https:\/\/www.gardaseezeitung.it\/gardaseezeitung_new\/de\/wp-json\/wp\/v2\/is_homepage?post=17303"},{"taxonomy":"ta_other","embeddable":true,"href":"https:\/\/www.gardaseezeitung.it\/gardaseezeitung_new\/de\/wp-json\/wp\/v2\/ta_other?post=17303"}],"curies":[{"name":"wp","href":"https:\/\/api.w.org\/{rel}","templated":true}]}}