{"id":17310,"date":"2024-10-25T00:54:14","date_gmt":"2024-10-24T22:54:14","guid":{"rendered":"http:\/\/euwps06.newsmemory.com\/gardaseezeitung_new\/de\/2024\/10\/25\/auf-dem-monteleone-21-wurde-der-masi-preis-2024-gefeiert\/"},"modified":"2024-10-28T12:06:55","modified_gmt":"2024-10-28T11:06:55","slug":"auf-dem-monteleone-21-wurde-der-masi-preis-2024-gefeiert","status":"publish","type":"post","link":"https:\/\/www.gardaseezeitung.it\/2024\/10\/25\/auf-dem-monteleone-21-wurde-der-masi-preis-2024-gefeiert\/","title":{"rendered":"Auf dem Monteleone 21 wurde der MASI-Preis 2024 gefeiert"},"content":{"rendered":"<p>&nbsp;<\/p>\n<p>Am Freitag, den 25. Oktober, fand die Preisverleihung des 43. Masi-Preises im Monteleone21 statt, dem neuen und innovativen Mehrzweckzentrum von Masi im Herzen des Valpolicella. Nach der traditionellen Fasssignierung des Amarone in den historischen Kellern wurden die Preise an den Unternehmer Riccardo Illy aus Triest, den Bildhauer Arcangelo Sassolino aus Vicenza und die Umweltaktivistin und Schriftstellerin Sara Segantin f\u00fcr den Masi Civilt\u00e0 Veneta Preis, an die toskanische Winzerin Donatella Cinelli Colombini f\u00fcr den Internationalen Masi Civilt\u00e0 del Vino Preis und an Bruder Gedovar Nazzari, Generalschatzmeister der Opera Don Calabria, f\u00fcr den venezianischen Grosso D&#8217;Oro verliehen.<\/p>\n<p>Sandro Boscaini, Vizepr\u00e4sident der Stiftung und Pr\u00e4sident von Masi, stellte Monteleone21 bei der Er\u00f6ffnung vor: \u201eein Projekt, das die Vision und die tiefe Verbundenheit von Masi mit dem Gebiet repr\u00e4sentiert und das danach strebt, ein Bezugspunkt f\u00fcr den Weintourismus zu werden, ein kulturelles Zentrum, das der Welt des Weins gewidmet ist und eine B\u00fchne, um die Attraktivit\u00e4t der Regionen Venetien und Valpolicella zu steigern\u201c.<\/p>\n<p>Das Leitmotiv dieser Ausgabe lautete: &#8218;Der Tugendkreis der Sch\u00f6nheit&#8216;. Die Pr\u00e4sidentin der Masi-Stiftung, Isabella Bossi Fedrigotti, kommentierte: &#8218;In einer komplexen historischen Periode wie der gegenw\u00e4rtigen kann die Sch\u00f6nheit einen Tugendkreis erzeugen und zu einem Leuchtfeuer der Inspiration und Verbesserung f\u00fcr alle Generationen werden&#8216;.<\/p>\n<p>Vor der Preisverleihung wurde eine besondere Anerkennung \u00fcberreicht: die Giorgio Boscaini-Plakette, die die Familie Boscaini seit mehr als vierzig Jahren f\u00fcr diejenigen reserviert, die seit langem und mit besonderem Engagement an ihren Aktivit\u00e4ten und am Vertrieb der Masi-Produkte in der ganzen Welt mitwirken. In diesem Jahr ging der Preis an George Hadjikyriacos, Gesch\u00e4ftsf\u00fchrer von Spectus Wine and Spirits Merchants, f\u00fcr seinen jahrzehntelangen Beitrag zum Aufbau des Erfolgs der Marke Masi in Zypern, indem er mit Leidenschaft das Bewusstsein f\u00fcr die Werte des Veneto und seiner Weine, insbesondere des Amarone, f\u00f6rdert.<\/p>\n<p>Den Abschluss der Veranstaltung bildete die Preisverleihung, d.h. die \u00dcbergabe von Flaschen mit Goldsiebdrucken, die von venezianischen Glasmachermeistern angefertigt wurden und das \u201egemeinsame\u201c Amarone-Fass, den urspr\u00fcnglichen Gegenstand des Preises, symbolisieren, an die Preistr\u00e4ger f\u00fcr die venezianische Zivilisation und die Weinzivilisation. Zus\u00e4tzlich zu der goldenen Reproduktion des Grosso Veneziano, der W\u00e4hrung, die in der Serenissima jahrhundertelang gesetzliches Zahlungsmittel war, durch den Goldschmiedemeister Alberto Zucchetta, erhielt die Opera Don Calabria eine Geldspende zur Unterst\u00fctzung der humanit\u00e4ren Arbeit des Instituts.<\/p>\n<p>Begleitet wurde der Abend von dem Ensemble Unixono, das aus acht Mitgliedern des Orchestra Sinfonica dei Colli Morenici unter der Leitung von Maestro Ferraresi besteht. Sie unterhielten das Publikum mit St\u00fccken aus dem Rond\u00f2 Veneziano und einer Hommage an den gro\u00dfen Ennio Morricone, dessen au\u00dfergew\u00f6hnliche Filmkompositionen Harmonie und Sch\u00f6nheit verk\u00f6rpern.<\/p>\n<figure id=\"attachment_17309\" style=\"width: 1024px\" class=\"wp-caption alignleft\"><img title=\"Auf dem Monteleone 21 wurde der MASI-Preis 2024 gefeiert\" loading=\"lazy\" class=\"size-full wp-image-17309\" src=\"https:\/\/www.gardaseezeitung.it\/gardaseezeitung_new\/de\/wp-content\/uploads\/sites\/2\/2024\/10\/Boscaini_Castellucci_Nazzari_Lorenzetto.jpg\" alt=\"Premio Masi 2024\" width=\"1024\" height=\"683\" srcset=\"https:\/\/euwps06.newsmemory.com\/gardaseezeitung_new\/de\/wp-content\/uploads\/sites\/2\/2024\/10\/Boscaini_Castellucci_Nazzari_Lorenzetto.jpg 1024w, https:\/\/euwps06.newsmemory.com\/gardaseezeitung_new\/de\/wp-content\/uploads\/sites\/2\/2024\/10\/Boscaini_Castellucci_Nazzari_Lorenzetto-300x200.jpg 300w, https:\/\/euwps06.newsmemory.com\/gardaseezeitung_new\/de\/wp-content\/uploads\/sites\/2\/2024\/10\/Boscaini_Castellucci_Nazzari_Lorenzetto-768x512.jpg 768w, https:\/\/euwps06.newsmemory.com\/gardaseezeitung_new\/de\/wp-content\/uploads\/sites\/2\/2024\/10\/Boscaini_Castellucci_Nazzari_Lorenzetto-750x500.jpg 750w\" sizes=\"(max-width: 1024px) 100vw, 1024px\" \/><figcaption class=\"wp-caption-text\">Premio Masi 2024<\/figcaption><\/figure>\n<p>&nbsp;<\/p>\n","protected":false},"excerpt":{"rendered":"<p>Preise gingen an Riccardo Illy, Arcangelo Sassolino, Sara Segantin, Donatella Cinelli Colombini und Bruder Gedovar Nazzari, Generalbursar der Opera Don Calabria<\/p>\n","protected":false},"author":9,"featured_media":17308,"comment_status":"open","ping_status":"open","sticky":false,"template":"","format":"standard","meta":[],"categories":[2,5,6],"tags":[479,5245,5246,5247,5248,5249,23,26,5250,1293,1300,5251,1302,5252,5253,84,5254],"news-destination":[],"news-source":[],"is_homepage":[],"ta_other":[],"featured_media_details":{"width":1024,"height":683,"file":"2024\/10\/Premiati-Gruppo.jpg","sizes":{"medium":{"file":"Premiati-Gruppo-300x200.jpg","width":300,"height":200,"mime-type":"image\/jpeg","source_url":"https:\/\/www.gardaseezeitung.it\/gardaseezeitung_new\/de\/wp-content\/uploads\/sites\/2\/2024\/10\/Premiati-Gruppo-300x200.jpg"},"thumbnail":{"file":"Premiati-Gruppo-150x150.jpg","width":150,"height":150,"mime-type":"image\/jpeg","source_url":"https:\/\/www.gardaseezeitung.it\/gardaseezeitung_new\/de\/wp-content\/uploads\/sites\/2\/2024\/10\/Premiati-Gruppo-150x150.jpg"},"medium_large":{"file":"Premiati-Gruppo-768x512.jpg","width":768,"height":512,"mime-type":"image\/jpeg","source_url":"https:\/\/www.gardaseezeitung.it\/gardaseezeitung_new\/de\/wp-content\/uploads\/sites\/2\/2024\/10\/Premiati-Gruppo-768x512.jpg"},"big_image":{"file":"Premiati-Gruppo-750x500.jpg","width":750,"height":500,"mime-type":"image\/jpeg","source_url":"https:\/\/www.gardaseezeitung.it\/gardaseezeitung_new\/de\/wp-content\/uploads\/sites\/2\/2024\/10\/Premiati-Gruppo-750x500.jpg"},"guest-author-32":{"file":"Premiati-Gruppo-32x32.jpg","width":32,"height":32,"mime-type":"image\/jpeg","source_url":"https:\/\/www.gardaseezeitung.it\/gardaseezeitung_new\/de\/wp-content\/uploads\/sites\/2\/2024\/10\/Premiati-Gruppo-32x32.jpg"},"guest-author-50":{"file":"Premiati-Gruppo-50x50.jpg","width":50,"height":50,"mime-type":"image\/jpeg","source_url":"https:\/\/www.gardaseezeitung.it\/gardaseezeitung_new\/de\/wp-content\/uploads\/sites\/2\/2024\/10\/Premiati-Gruppo-50x50.jpg"},"guest-author-64":{"file":"Premiati-Gruppo-64x64.jpg","width":64,"height":64,"mime-type":"image\/jpeg","source_url":"https:\/\/www.gardaseezeitung.it\/gardaseezeitung_new\/de\/wp-content\/uploads\/sites\/2\/2024\/10\/Premiati-Gruppo-64x64.jpg"},"guest-author-96":{"file":"Premiati-Gruppo-96x96.jpg","width":96,"height":96,"mime-type":"image\/jpeg","source_url":"https:\/\/www.gardaseezeitung.it\/gardaseezeitung_new\/de\/wp-content\/uploads\/sites\/2\/2024\/10\/Premiati-Gruppo-96x96.jpg"},"guest-author-128":{"file":"Premiati-Gruppo-128x128.jpg","width":128,"height":128,"mime-type":"image\/jpeg","source_url":"https:\/\/www.gardaseezeitung.it\/gardaseezeitung_new\/de\/wp-content\/uploads\/sites\/2\/2024\/10\/Premiati-Gruppo-128x128.jpg"},"full":{"file":"Premiati-Gruppo.jpg","width":1024,"height":683,"mime_type":"","source_url":"https:\/\/www.gardaseezeitung.it\/gardaseezeitung_new\/de\/wp-content\/uploads\/sites\/2\/2024\/10\/Premiati-Gruppo.jpg"}},"image_meta":{"aperture":"0","credit":"","camera":"","caption":"","created_timestamp":"0","copyright":"Foto Shop Professional di Jacopo Salvi","focal_length":"0","iso":"0","shutter_speed":"0","title":"","orientation":"0","keywords":[]}},"_links":{"self":[{"href":"https:\/\/www.gardaseezeitung.it\/gardaseezeitung_new\/de\/wp-json\/wp\/v2\/posts\/17310"}],"collection":[{"href":"https:\/\/www.gardaseezeitung.it\/gardaseezeitung_new\/de\/wp-json\/wp\/v2\/posts"}],"about":[{"href":"https:\/\/www.gardaseezeitung.it\/gardaseezeitung_new\/de\/wp-json\/wp\/v2\/types\/post"}],"author":[{"embeddable":true,"href":"https:\/\/www.gardaseezeitung.it\/gardaseezeitung_new\/de\/wp-json\/wp\/v2\/users\/9"}],"replies":[{"embeddable":true,"href":"https:\/\/www.gardaseezeitung.it\/gardaseezeitung_new\/de\/wp-json\/wp\/v2\/comments?post=17310"}],"version-history":[{"count":0,"href":"https:\/\/www.gardaseezeitung.it\/gardaseezeitung_new\/de\/wp-json\/wp\/v2\/posts\/17310\/revisions"}],"wp:featuredmedia":[{"embeddable":true,"href":"https:\/\/www.gardaseezeitung.it\/gardaseezeitung_new\/de\/wp-json\/wp\/v2\/media\/17308"}],"wp:attachment":[{"href":"https:\/\/www.gardaseezeitung.it\/gardaseezeitung_new\/de\/wp-json\/wp\/v2\/media?parent=17310"}],"wp:term":[{"taxonomy":"category","embeddable":true,"href":"https:\/\/www.gardaseezeitung.it\/gardaseezeitung_new\/de\/wp-json\/wp\/v2\/categories?post=17310"},{"taxonomy":"post_tag","embeddable":true,"href":"https:\/\/www.gardaseezeitung.it\/gardaseezeitung_new\/de\/wp-json\/wp\/v2\/tags?post=17310"},{"taxonomy":"news-destination","embeddable":true,"href":"https:\/\/www.gardaseezeitung.it\/gardaseezeitung_new\/de\/wp-json\/wp\/v2\/news-destination?post=17310"},{"taxonomy":"news-source","embeddable":true,"href":"https:\/\/www.gardaseezeitung.it\/gardaseezeitung_new\/de\/wp-json\/wp\/v2\/news-source?post=17310"},{"taxonomy":"is_homepage","embeddable":true,"href":"https:\/\/www.gardaseezeitung.it\/gardaseezeitung_new\/de\/wp-json\/wp\/v2\/is_homepage?post=17310"},{"taxonomy":"ta_other","embeddable":true,"href":"https:\/\/www.gardaseezeitung.it\/gardaseezeitung_new\/de\/wp-json\/wp\/v2\/ta_other?post=17310"}],"curies":[{"name":"wp","href":"https:\/\/api.w.org\/{rel}","templated":true}]}}