{"id":17332,"date":"2024-11-13T16:19:38","date_gmt":"2024-11-13T15:19:38","guid":{"rendered":"https:\/\/euwps05.newsmemory.com\/gardaseezeitung_new\/de\/2024\/11\/13\/isola-della-scala-feiert-den-bollito-con-peara\/"},"modified":"2024-11-15T16:57:00","modified_gmt":"2024-11-15T15:57:00","slug":"isola-della-scala-feiert-den-bollito-con-peara","status":"publish","type":"post","link":"https:\/\/www.gardaseezeitung.it\/2024\/11\/13\/isola-della-scala-feiert-den-bollito-con-peara\/","title":{"rendered":"Isola della Scala feiert den Bollito con Pear\u00e0"},"content":{"rendered":"<p>&nbsp;<\/p>\n<p>In Isola della Scala ist alles f\u00fcr die 22. Ausgabe der kulinarischen Messe, die dem \u201eBollito con Pear\u00e0\u201c gewidmet ist (Kochfleisch mit traditioneller Brot-Pfefferso\u00dfe), bereit: Herbstaromen, Shows und Tradition erwarten die Besucher. Im Mittelpunkt stehen die typischen Gerichte der veronesischen K\u00fcche, doch auch f\u00fcr Spa\u00df und Unterhaltung f\u00fcr Erwachsene und Kinder wird gesorgt.<\/p>\n<p>Die \u00f6rtlichen Metzgereien bieten Qualit\u00e4t und Spitzenprodukte. Eine Area ist den Ausstellern mit Direktverkauf von Fleisch und Reis gewidmet. Neben dem Kochfleisch mit Brot-Pfefferso\u00dfe wird ein Men\u00fc mit vielen warmer Gerichten geboten, begleitet von Musik- und Comedy-Shows. Neu ist in diesem Jahr der Beer Garden, eine den Bierverkostungen gewidmete Area. F\u00fcr gute Stimmung wird hier mit DJ-Sets gesorgt.<\/p>\n<p>\u201eDie Messe Bollito con la Pear\u00e0 feiert die Festtage, die unsere Tradition mit diesem typischen Gericht verbindet\u201c, so der stellvertretende B\u00fcrgermeister von Isola della Scala, Federico Giordani. \u201eKonzerte, Shows und Auff\u00fchrungen bereichern die Veranstaltung und bringen Freude, Genuss und Kultur.\u201c<\/p>\n<p>Daniele Pagliarini, Direktor der K\u00f6rperschaft, die die Messe organisiert, f\u00fcgt hinzu: \u201eMit der Ausgabe 2024 setzen wir die mit der j\u00fcngsten Reismesse eingeleitete Erneuerung fort, um das Target unserer Veranstaltungen zu erweitern.\u201c<\/p>\n<p>Ab dem 14. November erwartet die Besucher neben der Showtime Arena und dem Borgo della Pila eine noch gr\u00f6\u00dfere Veranstaltung mit einem neuen Pavillon, dem Biergarten, der den Brauereien gewidmet ist und nach dem Abendessen DJ-Sets und Live-Musik bietet. Das Veranstaltungszentrum bleibt das Palariso-Festzelt mit den Metzgereien, Restaurants und traditionellen Unternehmen.<\/p>\n<p>Auch in diesem Jahr besteht die Zusammenarbeit mit dem Schutzkonsortium des Reis Nano Vialone, der in Isola della Scala angebaut wird: \u201eIm Land des wei\u00dfen Goldes darf der Risotto all&#8217;isolana nicht fehlen\u201c, kommentiert Pr\u00e4sident Renato Leoni. \u201eW\u00e4hrend der Veranstaltung werden auch K\u00fcrbis-Risotto und andere von den Risotto-Meistern zubereitete Spezialit\u00e4ten, auch glutenfrei, angeboten. Dar\u00fcber hinaus k\u00f6nnen im renovierten Borgo della Pila Reis und Produkte auf Basis von Nano Vialone Veronese g.g.A. erworben werden.\u201c<\/p>\n<p>Die Veranstaltung, die vom 14. November bis zum 1. Dezember in Isola della Scala stattfindet, ist ein fester Bestandteil des herbstlichen Veranstaltungskalenders der Veroneser Provinz. Im vergangenen Jahr wurden 60.000 Besucher registriert und \u00fcber 70.000 Gerichte serviert.<\/p>\n<figure id=\"attachment_17331\" style=\"width: 640px\" class=\"wp-caption alignleft\"><img title=\"Isola della Scala feiert den Bollito con Pear\u00e0\" loading=\"lazy\" class=\"size-full wp-image-17331\" src=\"https:\/\/www.gardaseezeitung.it\/gardaseezeitung_new\/de\/wp-content\/uploads\/sites\/2\/2024\/11\/Presentazione-della-22-FIERA-DEL-BOLLITO.jpg\" alt=\"22. Fiera del Bollito mit Pear\u00e0\" width=\"640\" height=\"480\" srcset=\"https:\/\/euwps05.newsmemory.com\/gardaseezeitung_new\/de\/wp-content\/uploads\/sites\/2\/2024\/11\/Presentazione-della-22-FIERA-DEL-BOLLITO.jpg 640w, https:\/\/euwps05.newsmemory.com\/gardaseezeitung_new\/de\/wp-content\/uploads\/sites\/2\/2024\/11\/Presentazione-della-22-FIERA-DEL-BOLLITO-300x225.jpg 300w\" sizes=\"(max-width: 640px) 100vw, 640px\" \/><figcaption class=\"wp-caption-text\">22. Fiera del Bollito mit Pear\u00e0<\/figcaption><\/figure>\n","protected":false},"excerpt":{"rendered":"<p>In Isola della Scala ist alles f\u00fcr die 22. Ausgabe der kulinarischen Messe, die dem Kochfleisch mit traditioneller Brot-Pfefferso\u00dfe) gewidmet ist<\/p>\n","protected":false},"author":9,"featured_media":3691,"comment_status":"open","ping_status":"open","sticky":false,"template":"","format":"standard","meta":[],"categories":[2,4,5],"tags":[5267,5268,4476,23,26,4538,5269,5270,5271,5272],"news-destination":[],"news-source":[],"is_homepage":[],"ta_other":[],"featured_media_details":{"width":550,"height":380,"file":"2020\/08\/085e6c96b62de0bd7b32c28e719c13a8.jpg","sizes":{"thumbnail":{"file":"085e6c96b62de0bd7b32c28e719c13a8-150x150.jpg","width":150,"height":150,"mime-type":"image\/jpeg","source_url":"https:\/\/www.gardaseezeitung.it\/gardaseezeitung_new\/de\/wp-content\/uploads\/sites\/2\/2019\/12\/085e6c96b62de0bd7b32c28e719c13a8-150x150.jpg"},"medium":{"file":"085e6c96b62de0bd7b32c28e719c13a8-300x207.jpg","width":300,"height":207,"mime-type":"image\/jpeg","source_url":"https:\/\/www.gardaseezeitung.it\/gardaseezeitung_new\/de\/wp-content\/uploads\/sites\/2\/2019\/12\/085e6c96b62de0bd7b32c28e719c13a8-300x207.jpg"},"guest-author-32":{"file":"085e6c96b62de0bd7b32c28e719c13a8-32x32.jpg","width":32,"height":32,"mime-type":"image\/jpeg","source_url":"https:\/\/www.gardaseezeitung.it\/gardaseezeitung_new\/de\/wp-content\/uploads\/sites\/2\/2019\/12\/085e6c96b62de0bd7b32c28e719c13a8-32x32.jpg"},"guest-author-50":{"file":"085e6c96b62de0bd7b32c28e719c13a8-50x50.jpg","width":50,"height":50,"mime-type":"image\/jpeg","source_url":"https:\/\/www.gardaseezeitung.it\/gardaseezeitung_new\/de\/wp-content\/uploads\/sites\/2\/2019\/12\/085e6c96b62de0bd7b32c28e719c13a8-50x50.jpg"},"guest-author-64":{"file":"085e6c96b62de0bd7b32c28e719c13a8-64x64.jpg","width":64,"height":64,"mime-type":"image\/jpeg","source_url":"https:\/\/www.gardaseezeitung.it\/gardaseezeitung_new\/de\/wp-content\/uploads\/sites\/2\/2019\/12\/085e6c96b62de0bd7b32c28e719c13a8-64x64.jpg"},"guest-author-96":{"file":"085e6c96b62de0bd7b32c28e719c13a8-96x96.jpg","width":96,"height":96,"mime-type":"image\/jpeg","source_url":"https:\/\/www.gardaseezeitung.it\/gardaseezeitung_new\/de\/wp-content\/uploads\/sites\/2\/2019\/12\/085e6c96b62de0bd7b32c28e719c13a8-96x96.jpg"},"guest-author-128":{"file":"085e6c96b62de0bd7b32c28e719c13a8-128x128.jpg","width":128,"height":128,"mime-type":"image\/jpeg","source_url":"https:\/\/www.gardaseezeitung.it\/gardaseezeitung_new\/de\/wp-content\/uploads\/sites\/2\/2019\/12\/085e6c96b62de0bd7b32c28e719c13a8-128x128.jpg"},"full":{"file":"085e6c96b62de0bd7b32c28e719c13a8.jpg","width":550,"height":380,"mime_type":"","source_url":"https:\/\/www.gardaseezeitung.it\/gardaseezeitung_new\/de\/wp-content\/uploads\/sites\/2\/2019\/12\/085e6c96b62de0bd7b32c28e719c13a8.jpg"}},"image_meta":{"aperture":"0","credit":"","camera":"","caption":"","created_timestamp":"0","copyright":"","focal_length":"0","iso":"0","shutter_speed":"0","title":"","orientation":"0","keywords":[]}},"_links":{"self":[{"href":"https:\/\/www.gardaseezeitung.it\/gardaseezeitung_new\/de\/wp-json\/wp\/v2\/posts\/17332"}],"collection":[{"href":"https:\/\/www.gardaseezeitung.it\/gardaseezeitung_new\/de\/wp-json\/wp\/v2\/posts"}],"about":[{"href":"https:\/\/www.gardaseezeitung.it\/gardaseezeitung_new\/de\/wp-json\/wp\/v2\/types\/post"}],"author":[{"embeddable":true,"href":"https:\/\/www.gardaseezeitung.it\/gardaseezeitung_new\/de\/wp-json\/wp\/v2\/users\/9"}],"replies":[{"embeddable":true,"href":"https:\/\/www.gardaseezeitung.it\/gardaseezeitung_new\/de\/wp-json\/wp\/v2\/comments?post=17332"}],"version-history":[{"count":1,"href":"https:\/\/www.gardaseezeitung.it\/gardaseezeitung_new\/de\/wp-json\/wp\/v2\/posts\/17332\/revisions"}],"predecessor-version":[{"id":17341,"href":"https:\/\/www.gardaseezeitung.it\/gardaseezeitung_new\/de\/wp-json\/wp\/v2\/posts\/17332\/revisions\/17341"}],"wp:featuredmedia":[{"embeddable":true,"href":"https:\/\/www.gardaseezeitung.it\/gardaseezeitung_new\/de\/wp-json\/wp\/v2\/media\/3691"}],"wp:attachment":[{"href":"https:\/\/www.gardaseezeitung.it\/gardaseezeitung_new\/de\/wp-json\/wp\/v2\/media?parent=17332"}],"wp:term":[{"taxonomy":"category","embeddable":true,"href":"https:\/\/www.gardaseezeitung.it\/gardaseezeitung_new\/de\/wp-json\/wp\/v2\/categories?post=17332"},{"taxonomy":"post_tag","embeddable":true,"href":"https:\/\/www.gardaseezeitung.it\/gardaseezeitung_new\/de\/wp-json\/wp\/v2\/tags?post=17332"},{"taxonomy":"news-destination","embeddable":true,"href":"https:\/\/www.gardaseezeitung.it\/gardaseezeitung_new\/de\/wp-json\/wp\/v2\/news-destination?post=17332"},{"taxonomy":"news-source","embeddable":true,"href":"https:\/\/www.gardaseezeitung.it\/gardaseezeitung_new\/de\/wp-json\/wp\/v2\/news-source?post=17332"},{"taxonomy":"is_homepage","embeddable":true,"href":"https:\/\/www.gardaseezeitung.it\/gardaseezeitung_new\/de\/wp-json\/wp\/v2\/is_homepage?post=17332"},{"taxonomy":"ta_other","embeddable":true,"href":"https:\/\/www.gardaseezeitung.it\/gardaseezeitung_new\/de\/wp-json\/wp\/v2\/ta_other?post=17332"}],"curies":[{"name":"wp","href":"https:\/\/api.w.org\/{rel}","templated":true}]}}