{"id":17340,"date":"2024-11-16T16:52:51","date_gmt":"2024-11-16T15:52:51","guid":{"rendered":"https:\/\/euwps05.newsmemory.com\/gardaseezeitung_new\/de\/2024\/11\/16\/borghi-divino-2024-war-ein-voller-erfolg\/"},"modified":"2024-11-17T11:40:59","modified_gmt":"2024-11-17T10:40:59","slug":"borghi-divino-2024-war-ein-voller-erfolg","status":"publish","type":"post","link":"https:\/\/www.gardaseezeitung.it\/2024\/11\/16\/borghi-divino-2024-war-ein-voller-erfolg\/","title":{"rendered":"Borghi diVino 2024 war ein voller Erfolg"},"content":{"rendered":"<p>&nbsp;<\/p>\n<p>Nach dem letzten Termin Anfang November war es f\u00fcr die Veranstalter des Weinevents \u201eBorgo diVino in Tour 2024\u201c nun Zeit, Bilanz zu ziehen: Das Weinevent, das in zwanzig verschiedenen \u201eBorghi\u201c (D\u00f6rfern) Italiens stattfand, war ein voller Erfolg.<\/p>\n<p>Die Ausgabe 2024 von Borgo diVino in Tour, der Veranstaltungsreihe, die sich den Spitzenprodukten der italienischen Weinbranche widmet, wird von der Vereinigung \u201eBorghi pi\u00f9 belli d\u2019Italia\u201c (Die sch\u00f6nsten D\u00f6rfer Italiens) gef\u00f6rdert und von Valica S.p.a., einem f\u00fchrenden MarTech-Unternehmen im Bereich Technologiemarketing organisiert. Das Event fand in diesem Jahr bereits zum vierten Mal statt. Zu Gast war man in ganz Italien, und dies in zwanzig Orten, die der Vereinigung der \u201esch\u00f6nsten D\u00f6rfern Italiens\u201c angeh\u00f6ren. \u00dcber 60.000 Besucher und mehr als 123.000 Verkostungen an den St\u00e4nden der teilnehmenden Weing\u00fcter wurden verzeichnet. W\u00e4hrend der Veranstaltungstage konnten die Teilnehmer Tausende von sehr hochwertigen Weinetiketten entdecken und probieren, die die Traditionen und Besonderheiten jedes Gebiets repr\u00e4sentierten und direkt von den Produzenten vorgestellt wurden. Mit Street Food-Angeboten und traditionellen Gerichten wurde f\u00fcr das leibliche Wohl gesorgt.<\/p>\n<p>Die Tour, die quer durch Italien f\u00fchrte, erm\u00f6glichte es den Besuchern auch, Orte mit gro\u00dfem Charme kennenzulernen, und es bot sich die Gelegenheit, nicht nur die gastronomischen Spitzenprodukte, sondern auch das historische, k\u00fcnstlerische und landschaftliche Erbe der Orte zu f\u00f6rdern. Zu den Borghi, die in diesem Jahr zwischen April und November zur Kulisse f\u00fcr das Weinevent wurden, z\u00e4hlte \u00fcbrigens auch der wundersch\u00f6ne Ort Sant\u2018Ambrogio di Valpolicella im ber\u00fchmten Veroneser Weinanbaugebiet nicht weit vom Gardasee.<\/p>\n<p>&nbsp;<\/p>\n","protected":false},"excerpt":{"rendered":"<p>\u00dcber 60.000 Besucher und mehr als 123.000 Verkostungen an den St\u00e4nden der teilnehmenden Weing\u00fcter wurden verzeichnet.<\/p>\n","protected":false},"author":9,"featured_media":17339,"comment_status":"open","ping_status":"open","sticky":false,"template":"","format":"standard","meta":[],"categories":[6],"tags":[5273,23,26,5107,2657,5274],"news-destination":[],"news-source":[],"is_homepage":[],"ta_other":[],"featured_media_details":{"width":1358,"height":1015,"file":"2024\/11\/Valica_Borgo_diVino_2024_stand_calice.jpg","sizes":{"medium":{"file":"Valica_Borgo_diVino_2024_stand_calice-300x224.jpg","width":300,"height":224,"mime-type":"image\/jpeg","source_url":"https:\/\/www.gardaseezeitung.it\/gardaseezeitung_new\/de\/wp-content\/uploads\/sites\/2\/2024\/11\/Valica_Borgo_diVino_2024_stand_calice-300x224.jpg"},"large":{"file":"Valica_Borgo_diVino_2024_stand_calice-1024x765.jpg","width":1024,"height":765,"mime-type":"image\/jpeg","source_url":"https:\/\/www.gardaseezeitung.it\/gardaseezeitung_new\/de\/wp-content\/uploads\/sites\/2\/2024\/11\/Valica_Borgo_diVino_2024_stand_calice-1024x765.jpg"},"thumbnail":{"file":"Valica_Borgo_diVino_2024_stand_calice-150x150.jpg","width":150,"height":150,"mime-type":"image\/jpeg","source_url":"https:\/\/www.gardaseezeitung.it\/gardaseezeitung_new\/de\/wp-content\/uploads\/sites\/2\/2024\/11\/Valica_Borgo_diVino_2024_stand_calice-150x150.jpg"},"medium_large":{"file":"Valica_Borgo_diVino_2024_stand_calice-768x574.jpg","width":768,"height":574,"mime-type":"image\/jpeg","source_url":"https:\/\/www.gardaseezeitung.it\/gardaseezeitung_new\/de\/wp-content\/uploads\/sites\/2\/2024\/11\/Valica_Borgo_diVino_2024_stand_calice-768x574.jpg"},"big_image":{"file":"Valica_Borgo_diVino_2024_stand_calice-750x561.jpg","width":750,"height":561,"mime-type":"image\/jpeg","source_url":"https:\/\/www.gardaseezeitung.it\/gardaseezeitung_new\/de\/wp-content\/uploads\/sites\/2\/2024\/11\/Valica_Borgo_diVino_2024_stand_calice-750x561.jpg"},"guest-author-32":{"file":"Valica_Borgo_diVino_2024_stand_calice-32x32.jpg","width":32,"height":32,"mime-type":"image\/jpeg","source_url":"https:\/\/www.gardaseezeitung.it\/gardaseezeitung_new\/de\/wp-content\/uploads\/sites\/2\/2024\/11\/Valica_Borgo_diVino_2024_stand_calice-32x32.jpg"},"guest-author-50":{"file":"Valica_Borgo_diVino_2024_stand_calice-50x50.jpg","width":50,"height":50,"mime-type":"image\/jpeg","source_url":"https:\/\/www.gardaseezeitung.it\/gardaseezeitung_new\/de\/wp-content\/uploads\/sites\/2\/2024\/11\/Valica_Borgo_diVino_2024_stand_calice-50x50.jpg"},"guest-author-64":{"file":"Valica_Borgo_diVino_2024_stand_calice-64x64.jpg","width":64,"height":64,"mime-type":"image\/jpeg","source_url":"https:\/\/www.gardaseezeitung.it\/gardaseezeitung_new\/de\/wp-content\/uploads\/sites\/2\/2024\/11\/Valica_Borgo_diVino_2024_stand_calice-64x64.jpg"},"guest-author-96":{"file":"Valica_Borgo_diVino_2024_stand_calice-96x96.jpg","width":96,"height":96,"mime-type":"image\/jpeg","source_url":"https:\/\/www.gardaseezeitung.it\/gardaseezeitung_new\/de\/wp-content\/uploads\/sites\/2\/2024\/11\/Valica_Borgo_diVino_2024_stand_calice-96x96.jpg"},"guest-author-128":{"file":"Valica_Borgo_diVino_2024_stand_calice-128x128.jpg","width":128,"height":128,"mime-type":"image\/jpeg","source_url":"https:\/\/www.gardaseezeitung.it\/gardaseezeitung_new\/de\/wp-content\/uploads\/sites\/2\/2024\/11\/Valica_Borgo_diVino_2024_stand_calice-128x128.jpg"},"full":{"file":"Valica_Borgo_diVino_2024_stand_calice.jpg","width":1358,"height":1015,"mime_type":"","source_url":"https:\/\/www.gardaseezeitung.it\/gardaseezeitung_new\/de\/wp-content\/uploads\/sites\/2\/2024\/11\/Valica_Borgo_diVino_2024_stand_calice.jpg"}},"image_meta":{"aperture":"0","credit":"","camera":"","caption":"","created_timestamp":"0","copyright":"","focal_length":"0","iso":"0","shutter_speed":"0","title":"","orientation":"1","keywords":[]}},"_links":{"self":[{"href":"https:\/\/www.gardaseezeitung.it\/gardaseezeitung_new\/de\/wp-json\/wp\/v2\/posts\/17340"}],"collection":[{"href":"https:\/\/www.gardaseezeitung.it\/gardaseezeitung_new\/de\/wp-json\/wp\/v2\/posts"}],"about":[{"href":"https:\/\/www.gardaseezeitung.it\/gardaseezeitung_new\/de\/wp-json\/wp\/v2\/types\/post"}],"author":[{"embeddable":true,"href":"https:\/\/www.gardaseezeitung.it\/gardaseezeitung_new\/de\/wp-json\/wp\/v2\/users\/9"}],"replies":[{"embeddable":true,"href":"https:\/\/www.gardaseezeitung.it\/gardaseezeitung_new\/de\/wp-json\/wp\/v2\/comments?post=17340"}],"version-history":[{"count":2,"href":"https:\/\/www.gardaseezeitung.it\/gardaseezeitung_new\/de\/wp-json\/wp\/v2\/posts\/17340\/revisions"}],"predecessor-version":[{"id":17369,"href":"https:\/\/www.gardaseezeitung.it\/gardaseezeitung_new\/de\/wp-json\/wp\/v2\/posts\/17340\/revisions\/17369"}],"wp:featuredmedia":[{"embeddable":true,"href":"https:\/\/www.gardaseezeitung.it\/gardaseezeitung_new\/de\/wp-json\/wp\/v2\/media\/17339"}],"wp:attachment":[{"href":"https:\/\/www.gardaseezeitung.it\/gardaseezeitung_new\/de\/wp-json\/wp\/v2\/media?parent=17340"}],"wp:term":[{"taxonomy":"category","embeddable":true,"href":"https:\/\/www.gardaseezeitung.it\/gardaseezeitung_new\/de\/wp-json\/wp\/v2\/categories?post=17340"},{"taxonomy":"post_tag","embeddable":true,"href":"https:\/\/www.gardaseezeitung.it\/gardaseezeitung_new\/de\/wp-json\/wp\/v2\/tags?post=17340"},{"taxonomy":"news-destination","embeddable":true,"href":"https:\/\/www.gardaseezeitung.it\/gardaseezeitung_new\/de\/wp-json\/wp\/v2\/news-destination?post=17340"},{"taxonomy":"news-source","embeddable":true,"href":"https:\/\/www.gardaseezeitung.it\/gardaseezeitung_new\/de\/wp-json\/wp\/v2\/news-source?post=17340"},{"taxonomy":"is_homepage","embeddable":true,"href":"https:\/\/www.gardaseezeitung.it\/gardaseezeitung_new\/de\/wp-json\/wp\/v2\/is_homepage?post=17340"},{"taxonomy":"ta_other","embeddable":true,"href":"https:\/\/www.gardaseezeitung.it\/gardaseezeitung_new\/de\/wp-json\/wp\/v2\/ta_other?post=17340"}],"curies":[{"name":"wp","href":"https:\/\/api.w.org\/{rel}","templated":true}]}}