{"id":17390,"date":"2024-11-19T01:25:13","date_gmt":"2024-11-19T00:25:13","guid":{"rendered":"https:\/\/euwps05.newsmemory.com\/gardaseezeitung_new\/de\/2024\/11\/19\/lazise-und-rosenheim-feiern-45-jahre-staedtepartnerschaft\/"},"modified":"2024-11-19T23:28:59","modified_gmt":"2024-11-19T22:28:59","slug":"lazise-und-rosenheim-feiern-45-jahre-staedtepartnerschaft","status":"publish","type":"post","link":"https:\/\/www.gardaseezeitung.it\/2024\/11\/19\/lazise-und-rosenheim-feiern-45-jahre-staedtepartnerschaft\/","title":{"rendered":"Lazise und Rosenheim feiern 45 Jahre St\u00e4dtepartnerschaft"},"content":{"rendered":"<p>&nbsp;<\/p>\n<p>Stolze 45 Jahr gibt es sie nun schon, die St\u00e4dtepartnerschaft zwischen Lazise und Rosenheim. Das Jubil\u00e4um wurde im November im ehemaligen Zollamt, der Dogana Veneta, gefeiert. Hier kam der Gemeinderat zusammenkam, um dem amtierenden Rosenheimer B\u00fcrgermeister Andreas M\u00e4rz die Ehrenb\u00fcrgerw\u00fcrde der Gemeinde Lazise zu verleihen. Auf die f\u00fcr alle offenstehende Versammlung folgte ein Galadinner mit der Delegation der bayerischen Stadt, der Verwaltung von Lazise und den Personen, die sich f\u00fcr das Fortbestehen dieser Freundschaft eingesetzt haben. \u201eWir haben all diejenigen eingeladen, die sich im Laufe der Jahre der St\u00e4dtepartnerschaft verschrieben haben, von den B\u00fcrgermeistern und Stadtr\u00e4ten, die einander gefolgt sind, bis hin zu den Vereinen, die dazu beigetragen haben und weiterhin beitragen, indem sie Aktivit\u00e4ten mit den Partnergruppen in Rosenheim organisiert haben\u201c, so Mauro Campagnari, der f\u00fcr St\u00e4dtepartnerschaften zust\u00e4ndiger Stadtrat. \u201eWir werden am 30. November zur Er\u00f6ffnung des Weihnachtsmarktes nach Rosenheim fahren und im Dezember werden auch Mittelsch\u00fcler nach Deutschland reisen\u201c, f\u00fcgte Campagnari hinzu und k\u00fcndigte die Wiederaufnahme des kulturellen Austauschs zwischen den Schulen an, der w\u00e4hrend der Covid-Zeit unterbrochen wurde.<\/p>\n<p>Das offizielle Datum des Beginns der St\u00e4dtepartnerschaft war der 12. September 1979, der Tag, an dem der Stadtrat von Lazise zusammentrat und ihn mit einem Beschluss genehmigte, w\u00e4hrend die Ratifizierung von Rosenheim am 12. Oktober 1980 eintraf.<\/p>\n<p>&nbsp;<\/p>\n","protected":false},"excerpt":{"rendered":"<p>Lazise und Rosenheim feiern 45 Jahre St\u00e4dtepartnerschaft<\/p>\n","protected":false},"author":9,"featured_media":17389,"comment_status":"open","ping_status":"open","sticky":false,"template":"","format":"standard","meta":[],"categories":[6],"tags":[5296,23,26,343,5297,4559],"news-destination":[],"news-source":[],"is_homepage":[],"ta_other":[],"featured_media_details":{"width":1080,"height":624,"file":"2024\/11\/licensed-image.jpeg","sizes":{"medium":{"file":"licensed-image-300x173.jpeg","width":300,"height":173,"mime-type":"image\/jpeg","source_url":"https:\/\/www.gardaseezeitung.it\/gardaseezeitung_new\/de\/wp-content\/uploads\/sites\/2\/2024\/11\/licensed-image-300x173.jpeg"},"large":{"file":"licensed-image-1024x592.jpeg","width":1024,"height":592,"mime-type":"image\/jpeg","source_url":"https:\/\/www.gardaseezeitung.it\/gardaseezeitung_new\/de\/wp-content\/uploads\/sites\/2\/2024\/11\/licensed-image-1024x592.jpeg"},"thumbnail":{"file":"licensed-image-150x150.jpeg","width":150,"height":150,"mime-type":"image\/jpeg","source_url":"https:\/\/www.gardaseezeitung.it\/gardaseezeitung_new\/de\/wp-content\/uploads\/sites\/2\/2024\/11\/licensed-image-150x150.jpeg"},"medium_large":{"file":"licensed-image-768x444.jpeg","width":768,"height":444,"mime-type":"image\/jpeg","source_url":"https:\/\/www.gardaseezeitung.it\/gardaseezeitung_new\/de\/wp-content\/uploads\/sites\/2\/2024\/11\/licensed-image-768x444.jpeg"},"big_image":{"file":"licensed-image-750x433.jpeg","width":750,"height":433,"mime-type":"image\/jpeg","source_url":"https:\/\/www.gardaseezeitung.it\/gardaseezeitung_new\/de\/wp-content\/uploads\/sites\/2\/2024\/11\/licensed-image-750x433.jpeg"},"guest-author-32":{"file":"licensed-image-32x32.jpeg","width":32,"height":32,"mime-type":"image\/jpeg","source_url":"https:\/\/www.gardaseezeitung.it\/gardaseezeitung_new\/de\/wp-content\/uploads\/sites\/2\/2024\/11\/licensed-image-32x32.jpeg"},"guest-author-50":{"file":"licensed-image-50x50.jpeg","width":50,"height":50,"mime-type":"image\/jpeg","source_url":"https:\/\/www.gardaseezeitung.it\/gardaseezeitung_new\/de\/wp-content\/uploads\/sites\/2\/2024\/11\/licensed-image-50x50.jpeg"},"guest-author-64":{"file":"licensed-image-64x64.jpeg","width":64,"height":64,"mime-type":"image\/jpeg","source_url":"https:\/\/www.gardaseezeitung.it\/gardaseezeitung_new\/de\/wp-content\/uploads\/sites\/2\/2024\/11\/licensed-image-64x64.jpeg"},"guest-author-96":{"file":"licensed-image-96x96.jpeg","width":96,"height":96,"mime-type":"image\/jpeg","source_url":"https:\/\/www.gardaseezeitung.it\/gardaseezeitung_new\/de\/wp-content\/uploads\/sites\/2\/2024\/11\/licensed-image-96x96.jpeg"},"guest-author-128":{"file":"licensed-image-128x128.jpeg","width":128,"height":128,"mime-type":"image\/jpeg","source_url":"https:\/\/www.gardaseezeitung.it\/gardaseezeitung_new\/de\/wp-content\/uploads\/sites\/2\/2024\/11\/licensed-image-128x128.jpeg"},"full":{"file":"licensed-image.jpeg","width":1080,"height":624,"mime_type":"","source_url":"https:\/\/www.gardaseezeitung.it\/gardaseezeitung_new\/de\/wp-content\/uploads\/sites\/2\/2024\/11\/licensed-image.jpeg"}},"image_meta":{"aperture":"0","credit":"","camera":"","caption":"","created_timestamp":"0","copyright":"","focal_length":"0","iso":"0","shutter_speed":"0","title":"","orientation":"0","keywords":[]}},"_links":{"self":[{"href":"https:\/\/www.gardaseezeitung.it\/gardaseezeitung_new\/de\/wp-json\/wp\/v2\/posts\/17390"}],"collection":[{"href":"https:\/\/www.gardaseezeitung.it\/gardaseezeitung_new\/de\/wp-json\/wp\/v2\/posts"}],"about":[{"href":"https:\/\/www.gardaseezeitung.it\/gardaseezeitung_new\/de\/wp-json\/wp\/v2\/types\/post"}],"author":[{"embeddable":true,"href":"https:\/\/www.gardaseezeitung.it\/gardaseezeitung_new\/de\/wp-json\/wp\/v2\/users\/9"}],"replies":[{"embeddable":true,"href":"https:\/\/www.gardaseezeitung.it\/gardaseezeitung_new\/de\/wp-json\/wp\/v2\/comments?post=17390"}],"version-history":[{"count":0,"href":"https:\/\/www.gardaseezeitung.it\/gardaseezeitung_new\/de\/wp-json\/wp\/v2\/posts\/17390\/revisions"}],"wp:featuredmedia":[{"embeddable":true,"href":"https:\/\/www.gardaseezeitung.it\/gardaseezeitung_new\/de\/wp-json\/wp\/v2\/media\/17389"}],"wp:attachment":[{"href":"https:\/\/www.gardaseezeitung.it\/gardaseezeitung_new\/de\/wp-json\/wp\/v2\/media?parent=17390"}],"wp:term":[{"taxonomy":"category","embeddable":true,"href":"https:\/\/www.gardaseezeitung.it\/gardaseezeitung_new\/de\/wp-json\/wp\/v2\/categories?post=17390"},{"taxonomy":"post_tag","embeddable":true,"href":"https:\/\/www.gardaseezeitung.it\/gardaseezeitung_new\/de\/wp-json\/wp\/v2\/tags?post=17390"},{"taxonomy":"news-destination","embeddable":true,"href":"https:\/\/www.gardaseezeitung.it\/gardaseezeitung_new\/de\/wp-json\/wp\/v2\/news-destination?post=17390"},{"taxonomy":"news-source","embeddable":true,"href":"https:\/\/www.gardaseezeitung.it\/gardaseezeitung_new\/de\/wp-json\/wp\/v2\/news-source?post=17390"},{"taxonomy":"is_homepage","embeddable":true,"href":"https:\/\/www.gardaseezeitung.it\/gardaseezeitung_new\/de\/wp-json\/wp\/v2\/is_homepage?post=17390"},{"taxonomy":"ta_other","embeddable":true,"href":"https:\/\/www.gardaseezeitung.it\/gardaseezeitung_new\/de\/wp-json\/wp\/v2\/ta_other?post=17390"}],"curies":[{"name":"wp","href":"https:\/\/api.w.org\/{rel}","templated":true}]}}