{"id":17393,"date":"2024-11-20T16:25:54","date_gmt":"2024-11-20T15:25:54","guid":{"rendered":"http:\/\/euwps06.newsmemory.com\/gardaseezeitung_new\/de\/2024\/11\/20\/hotelverband-garda-veneto-traf-sich-zur-jahreshauptversammlung-torri\/"},"modified":"2024-11-20T16:37:02","modified_gmt":"2024-11-20T15:37:02","slug":"hotelverband-garda-veneto-traf-sich-zur-jahreshauptversammlung-torri","status":"publish","type":"post","link":"https:\/\/www.gardaseezeitung.it\/2024\/11\/20\/hotelverband-garda-veneto-traf-sich-zur-jahreshauptversammlung-torri\/","title":{"rendered":"Hotelverband Garda Veneto traf sich zur Jahreshauptversammlung in Torri"},"content":{"rendered":"<p>&nbsp;<\/p>\n<p>Anfang November lud der Hotelverband Federalberghi Garda Veneto seine Mitglieder zur 49. Jahreshauptversammlung. Im Rahmen der Veranstaltung wurden die verschiedensten Themen behandelt. Dar\u00fcber hinaus wurden Preise an Mitglieder verliehen, die sich durch ihre Aktivit\u00e4t und Geschichte hervorgetan haben.<\/p>\n<p>Die Vereinigung wurde 1975 gegr\u00fcndet und vertritt mehr als 410 Einrichtungen mit einem Angebot von rund 21.000 Betten. Das Jahrestreffen, das in Torri del Ben\u00e0co stattfand und den Titel \u201eGemeinsam \u2013 Neue Mittel f\u00fcr die Zukunft Ihres Unternehmens\u201c trug, bot ausreichend Raum f\u00fcr technische Aspekte und f\u00fcr die Branche interessante Themen, wie zum Beispiel Versicherung, Zugang zu neuen Kreditlinien und Finanzierungsgarantien, aber auch Nachhaltigkeit. Ein Exkurs war dem Thema Abfall und dessen korrekte Entsorgung gewidmet.<\/p>\n<p>Im Rahmen der Veranstaltung, an der zahlreiche Partner und Interessenvertreter der Vereinigung teilnahmen, wurden die Hotelierpreise 2024 verliehen, wobei besonderes Augenmerk auf die Unternehmen gelegt wurde, die die Geschichte des Tourismus am Gardasee geschrieben haben, ohne dabei die jungen Unternehmer des Gebiets zu vergessen. F\u00fcnf Unternehmen erhielten die Auszeichnung, die den \u00e4ltesten und traditionsreichsten Unternehmen vorbehalten war: das Hotel Al Cacciatore in San Zeno di Montagna, das vor \u00fcber einem Jahrhundert, im Jahr 1913, er\u00f6ffnet wurde; das Parc Hotel Casa Mia in Lazise (1959); das Hotel Panorama Ristorante in Torri del Ben\u00e0co (1962); das Hotel Augusta in Malcesine (1965) und das Hotel Speranza in Bardolino (1965). Zwei Auszeichnungen waren den Bereichen Nachhaltigkeit, Umwelt und Soziales gewidmet. Die erste ging an das Hotel Europa in Malcesine f\u00fcr seine Bem\u00fchungen, seinen \u00f6kologischen Fu\u00dfabdruck zu verringern. Den zweiten Preis gewann das Hotel Campagnola in Bardolino f\u00fcr seine Bem\u00fchungen, Lebensmittelverschwendung einzud\u00e4mmen und Wohlt\u00e4tigkeitsorganisationen zu unterst\u00fctzen. Dar\u00fcber hinaus ging der vom Komitee der jungen Hoteliers vergebene Preis f\u00fcr den besten jungen Hotelier an Matteo Vincenzi vom Ziba Hotel und Mod05 Bike Hotel in Peschiera bzw. Castelnuovo.<\/p>\n<p>An der Versammlung nahmen verschiedene institutionelle Vertreter teil, darunter der B\u00fcrgermeister von Torri Stefano Nicotra, dann der Pr\u00e4sident der Provinz Flavio Pasini und die neue Polizeikommissarin von Verona Rosaria Amato. Der Pr\u00e4sident von Federalberghi Garda Veneto, Ivan De Beni, erinnerte daran, wie wichtig es sei, \u201eeinig zu bleiben\u201c. Nur so k\u00f6nne man eine solide und erfolgreiche Zukunft f\u00fcr die Unternehmen aufbauen.<\/p>\n<p>&nbsp;<\/p>\n","protected":false},"excerpt":{"rendered":"<p>Anfang November lud der Hotelverband Federalberghi Garda Veneto seine Mitglieder zur 49. Jahreshauptversammlung.<\/p>\n","protected":false},"author":9,"featured_media":17392,"comment_status":"open","ping_status":"open","sticky":false,"template":"","format":"standard","meta":[],"categories":[6],"tags":[5296,5297,5298,23,26,156,5299,765,5300,5301],"news-destination":[],"news-source":[],"is_homepage":[],"ta_other":[],"featured_media_details":{"width":1024,"height":768,"file":"2024\/11\/debeni-presidente.jpg","sizes":{"medium":{"file":"debeni-presidente-300x225.jpg","width":300,"height":225,"mime-type":"image\/jpeg","source_url":"https:\/\/www.gardaseezeitung.it\/gardaseezeitung_new\/de\/wp-content\/uploads\/sites\/2\/2024\/11\/debeni-presidente-300x225.jpg"},"thumbnail":{"file":"debeni-presidente-150x150.jpg","width":150,"height":150,"mime-type":"image\/jpeg","source_url":"https:\/\/www.gardaseezeitung.it\/gardaseezeitung_new\/de\/wp-content\/uploads\/sites\/2\/2024\/11\/debeni-presidente-150x150.jpg"},"medium_large":{"file":"debeni-presidente-768x576.jpg","width":768,"height":576,"mime-type":"image\/jpeg","source_url":"https:\/\/www.gardaseezeitung.it\/gardaseezeitung_new\/de\/wp-content\/uploads\/sites\/2\/2024\/11\/debeni-presidente-768x576.jpg"},"big_image":{"file":"debeni-presidente-750x563.jpg","width":750,"height":563,"mime-type":"image\/jpeg","source_url":"https:\/\/www.gardaseezeitung.it\/gardaseezeitung_new\/de\/wp-content\/uploads\/sites\/2\/2024\/11\/debeni-presidente-750x563.jpg"},"guest-author-32":{"file":"debeni-presidente-32x32.jpg","width":32,"height":32,"mime-type":"image\/jpeg","source_url":"https:\/\/www.gardaseezeitung.it\/gardaseezeitung_new\/de\/wp-content\/uploads\/sites\/2\/2024\/11\/debeni-presidente-32x32.jpg"},"guest-author-50":{"file":"debeni-presidente-50x50.jpg","width":50,"height":50,"mime-type":"image\/jpeg","source_url":"https:\/\/www.gardaseezeitung.it\/gardaseezeitung_new\/de\/wp-content\/uploads\/sites\/2\/2024\/11\/debeni-presidente-50x50.jpg"},"guest-author-64":{"file":"debeni-presidente-64x64.jpg","width":64,"height":64,"mime-type":"image\/jpeg","source_url":"https:\/\/www.gardaseezeitung.it\/gardaseezeitung_new\/de\/wp-content\/uploads\/sites\/2\/2024\/11\/debeni-presidente-64x64.jpg"},"guest-author-96":{"file":"debeni-presidente-96x96.jpg","width":96,"height":96,"mime-type":"image\/jpeg","source_url":"https:\/\/www.gardaseezeitung.it\/gardaseezeitung_new\/de\/wp-content\/uploads\/sites\/2\/2024\/11\/debeni-presidente-96x96.jpg"},"guest-author-128":{"file":"debeni-presidente-128x128.jpg","width":128,"height":128,"mime-type":"image\/jpeg","source_url":"https:\/\/www.gardaseezeitung.it\/gardaseezeitung_new\/de\/wp-content\/uploads\/sites\/2\/2024\/11\/debeni-presidente-128x128.jpg"},"full":{"file":"debeni-presidente.jpg","width":1024,"height":768,"mime_type":"","source_url":"https:\/\/www.gardaseezeitung.it\/gardaseezeitung_new\/de\/wp-content\/uploads\/sites\/2\/2024\/11\/debeni-presidente.jpg"}},"image_meta":{"aperture":"0","credit":"","camera":"","caption":"","created_timestamp":"0","copyright":"","focal_length":"0","iso":"0","shutter_speed":"0","title":"","orientation":"1","keywords":[]}},"_links":{"self":[{"href":"https:\/\/www.gardaseezeitung.it\/gardaseezeitung_new\/de\/wp-json\/wp\/v2\/posts\/17393"}],"collection":[{"href":"https:\/\/www.gardaseezeitung.it\/gardaseezeitung_new\/de\/wp-json\/wp\/v2\/posts"}],"about":[{"href":"https:\/\/www.gardaseezeitung.it\/gardaseezeitung_new\/de\/wp-json\/wp\/v2\/types\/post"}],"author":[{"embeddable":true,"href":"https:\/\/www.gardaseezeitung.it\/gardaseezeitung_new\/de\/wp-json\/wp\/v2\/users\/9"}],"replies":[{"embeddable":true,"href":"https:\/\/www.gardaseezeitung.it\/gardaseezeitung_new\/de\/wp-json\/wp\/v2\/comments?post=17393"}],"version-history":[{"count":1,"href":"https:\/\/www.gardaseezeitung.it\/gardaseezeitung_new\/de\/wp-json\/wp\/v2\/posts\/17393\/revisions"}],"predecessor-version":[{"id":17394,"href":"https:\/\/www.gardaseezeitung.it\/gardaseezeitung_new\/de\/wp-json\/wp\/v2\/posts\/17393\/revisions\/17394"}],"wp:featuredmedia":[{"embeddable":true,"href":"https:\/\/www.gardaseezeitung.it\/gardaseezeitung_new\/de\/wp-json\/wp\/v2\/media\/17392"}],"wp:attachment":[{"href":"https:\/\/www.gardaseezeitung.it\/gardaseezeitung_new\/de\/wp-json\/wp\/v2\/media?parent=17393"}],"wp:term":[{"taxonomy":"category","embeddable":true,"href":"https:\/\/www.gardaseezeitung.it\/gardaseezeitung_new\/de\/wp-json\/wp\/v2\/categories?post=17393"},{"taxonomy":"post_tag","embeddable":true,"href":"https:\/\/www.gardaseezeitung.it\/gardaseezeitung_new\/de\/wp-json\/wp\/v2\/tags?post=17393"},{"taxonomy":"news-destination","embeddable":true,"href":"https:\/\/www.gardaseezeitung.it\/gardaseezeitung_new\/de\/wp-json\/wp\/v2\/news-destination?post=17393"},{"taxonomy":"news-source","embeddable":true,"href":"https:\/\/www.gardaseezeitung.it\/gardaseezeitung_new\/de\/wp-json\/wp\/v2\/news-source?post=17393"},{"taxonomy":"is_homepage","embeddable":true,"href":"https:\/\/www.gardaseezeitung.it\/gardaseezeitung_new\/de\/wp-json\/wp\/v2\/is_homepage?post=17393"},{"taxonomy":"ta_other","embeddable":true,"href":"https:\/\/www.gardaseezeitung.it\/gardaseezeitung_new\/de\/wp-json\/wp\/v2\/ta_other?post=17393"}],"curies":[{"name":"wp","href":"https:\/\/api.w.org\/{rel}","templated":true}]}}