{"id":17402,"date":"2024-11-21T15:32:05","date_gmt":"2024-11-21T14:32:05","guid":{"rendered":"https:\/\/euwps05.newsmemory.com\/gardaseezeitung_new\/de\/2024\/11\/21\/weihnachten-sirmione-umfangreicher-veranstaltungskalender-fuer-die-festtage\/"},"modified":"2024-11-22T15:34:25","modified_gmt":"2024-11-22T14:34:25","slug":"weihnachten-sirmione-umfangreicher-veranstaltungskalender-fuer-die-festtage","status":"publish","type":"post","link":"https:\/\/www.gardaseezeitung.it\/2024\/11\/21\/weihnachten-sirmione-umfangreicher-veranstaltungskalender-fuer-die-festtage\/","title":{"rendered":"Weihnachten in Sirmione: umfangreicher Veranstaltungskalender f\u00fcr die Festtage"},"content":{"rendered":"<p>&nbsp;<\/p>\n<p>Sirmione ist zu jeder Jahreszeit eine Reise wert und in der Weihnachtszeit verwandelt sich die Gardesaner Stadt in ein wahres Juwel, das die Besucher verzaubert. Dieses Jahr wird die Stadt dank eines reichhaltigen Veranstaltungskalenders f\u00fcr Gro\u00df und Klein zu einem noch sch\u00f6neren Reise- und Ausflugsziel.<\/p>\n<p>\u201eSirmione ist auch dann ein einladender Ort, wenn die hei\u00dfe Sommersonne den Herbstfarben und den niedrigeren, wenn auch angenehmen Wintertemperaturen, Platz macht. Es ist ein Ort voller Charme und Poesie mit einer einzigartigen Atmosph\u00e4re. Die f\u00fcr die Weihnachtszeit geplanten Veranstaltungen, die uns bis zum 6. Januar 2025 begleiten werden, nehmen die Ferieng\u00e4ste und Einwohner auf eine Reise durch Traditionen, Folklore, Kunst und Aromen mit\u201c, so Luisa Ravelli, B\u00fcrgermeisterin von Sirmione.<\/p>\n<p>Weihnachten in Sirmione ist ein Moment der Besinnung, ein Anlass, bei dem das Gef\u00fchl des Teilens und der N\u00e4he st\u00e4rker wird. Die Stadt hei\u00dft Touristen und Besucher als Teil ihrer gro\u00dfen Familie willkommen und bietet ihnen ein authentisches Erlebnis voller menschlicher W\u00e4rme.<\/p>\n<p>Von der Altstadt bis zum Seeufer wird jede Ecke von Sirmione feierlich beleuchtet und mit einem Veranstaltungskalender f\u00fcr jeden Geschmack und jedes Alter wird f\u00fcr Unterhaltung gesorgt.<\/p>\n<p>Ein Event, das man sich nicht entgehen lassen sollte, ist das \u201eLichter-Fest\u201c am Samstag, dem 30. November, um 17 Uhr, wenn auf dem Piazzale Porto mit dem symbolischen Einschalten der Weihnachtsbeleuchtung und des Weihnachtsbaums offiziell der Startschuss f\u00fcr den weihnachtlichen Veranstaltungskalender f\u00e4llt. Der Einweihung geht am Nachmittag um 15 Uhr die spektakul\u00e4re Parade der Fahnenschwinger in der Altstadt voraus. Um 17.15 Uhr ist in der Altstadt der Veranstaltungsreigen \u201eWeihnachtsnoten\u201c und Stra\u00dfenmusik mit den Rusty Brass vorgesehen.<\/p>\n<p>Riccardo Genovesi, Stadtrat f\u00fcr Tourismus von Sirmione, hebt hervor, dass die \u201eWeihnachtszeit in Sirmione eine Reihe von Veranstaltungen bietet, die man sich nicht entgehen lassen sollte. Dazu geh\u00f6rt die Kollektiv-Ausstellung der K\u00fcnstler aus Sirmione \u201eWenn man die Welt aus einem Bullauge betrachtet\u201c. Die Eislaufbahn, Konzerte und Gospelch\u00f6re werden die Atmosph\u00e4re noch magischer machen.\u201c<\/p>\n<p>Ein \u00dcberblick dar\u00fcber, was alles geplant ist, gibt es online unter https:\/\/visitsirmione.com\/prossimi-eventi\/.<\/p>\n<figure id=\"attachment_17399\" style=\"width: 640px\" class=\"wp-caption alignleft\"><img title=\"Weihnachten in Sirmione: umfangreicher Veranstaltungskalender f\u00fcr die Festtage\" loading=\"lazy\" class=\"size-large wp-image-17399\" src=\"https:\/\/www.gardaseezeitung.it\/gardaseezeitung_new\/de\/wp-content\/uploads\/sites\/2\/2024\/11\/aMANIF-28-NOV_8-DIC.jpg\" alt=\"Natale in Sirmione\" width=\"640\" height=\"914\" srcset=\"https:\/\/euwps05.newsmemory.com\/gardaseezeitung_new\/de\/wp-content\/uploads\/sites\/2\/2024\/11\/aMANIF-28-NOV_8-DIC.jpg 1024w, https:\/\/euwps05.newsmemory.com\/gardaseezeitung_new\/de\/wp-content\/uploads\/sites\/2\/2024\/11\/aMANIF-28-NOV_8-DIC-210x300.jpg 210w, https:\/\/euwps05.newsmemory.com\/gardaseezeitung_new\/de\/wp-content\/uploads\/sites\/2\/2024\/11\/aMANIF-28-NOV_8-DIC-717x1024.jpg 717w, https:\/\/euwps05.newsmemory.com\/gardaseezeitung_new\/de\/wp-content\/uploads\/sites\/2\/2024\/11\/aMANIF-28-NOV_8-DIC-768x1097.jpg 768w, https:\/\/euwps05.newsmemory.com\/gardaseezeitung_new\/de\/wp-content\/uploads\/sites\/2\/2024\/11\/aMANIF-28-NOV_8-DIC-750x1072.jpg 750w\" sizes=\"(max-width: 640px) 100vw, 640px\" \/><figcaption class=\"wp-caption-text\">Natale in Sirmione<\/figcaption><\/figure>\n<figure id=\"attachment_17401\" style=\"width: 640px\" class=\"wp-caption alignleft\"><img title=\"Weihnachten in Sirmione: umfangreicher Veranstaltungskalender f\u00fcr die Festtage\" loading=\"lazy\" class=\"size-large wp-image-17401\" src=\"https:\/\/www.gardaseezeitung.it\/gardaseezeitung_new\/de\/wp-content\/uploads\/sites\/2\/2024\/11\/bMANIF-7_15-DIC.jpg\" alt=\"Natale in Sirmione\" width=\"640\" height=\"914\" srcset=\"https:\/\/euwps05.newsmemory.com\/gardaseezeitung_new\/de\/wp-content\/uploads\/sites\/2\/2024\/11\/bMANIF-7_15-DIC.jpg 1024w, https:\/\/euwps05.newsmemory.com\/gardaseezeitung_new\/de\/wp-content\/uploads\/sites\/2\/2024\/11\/bMANIF-7_15-DIC-210x300.jpg 210w, https:\/\/euwps05.newsmemory.com\/gardaseezeitung_new\/de\/wp-content\/uploads\/sites\/2\/2024\/11\/bMANIF-7_15-DIC-717x1024.jpg 717w, https:\/\/euwps05.newsmemory.com\/gardaseezeitung_new\/de\/wp-content\/uploads\/sites\/2\/2024\/11\/bMANIF-7_15-DIC-768x1097.jpg 768w, https:\/\/euwps05.newsmemory.com\/gardaseezeitung_new\/de\/wp-content\/uploads\/sites\/2\/2024\/11\/bMANIF-7_15-DIC-750x1072.jpg 750w\" sizes=\"(max-width: 640px) 100vw, 640px\" \/><figcaption class=\"wp-caption-text\">Natale in Sirmione<\/figcaption><\/figure>\n<figure id=\"attachment_17400\" style=\"width: 640px\" class=\"wp-caption alignleft\"><img title=\"Weihnachten in Sirmione: umfangreicher Veranstaltungskalender f\u00fcr die Festtage\" loading=\"lazy\" class=\"size-large wp-image-17400\" src=\"https:\/\/www.gardaseezeitung.it\/gardaseezeitung_new\/de\/wp-content\/uploads\/sites\/2\/2024\/11\/cMANIF-18-DIC_6-GEN.jpg\" alt=\"Natale in Sirmione\" width=\"640\" height=\"914\" srcset=\"https:\/\/euwps05.newsmemory.com\/gardaseezeitung_new\/de\/wp-content\/uploads\/sites\/2\/2024\/11\/cMANIF-18-DIC_6-GEN.jpg 1024w, https:\/\/euwps05.newsmemory.com\/gardaseezeitung_new\/de\/wp-content\/uploads\/sites\/2\/2024\/11\/cMANIF-18-DIC_6-GEN-210x300.jpg 210w, https:\/\/euwps05.newsmemory.com\/gardaseezeitung_new\/de\/wp-content\/uploads\/sites\/2\/2024\/11\/cMANIF-18-DIC_6-GEN-717x1024.jpg 717w, https:\/\/euwps05.newsmemory.com\/gardaseezeitung_new\/de\/wp-content\/uploads\/sites\/2\/2024\/11\/cMANIF-18-DIC_6-GEN-768x1097.jpg 768w, https:\/\/euwps05.newsmemory.com\/gardaseezeitung_new\/de\/wp-content\/uploads\/sites\/2\/2024\/11\/cMANIF-18-DIC_6-GEN-750x1072.jpg 750w\" sizes=\"(max-width: 640px) 100vw, 640px\" \/><figcaption class=\"wp-caption-text\">Natale in Sirmione<\/figcaption><\/figure>\n","protected":false},"excerpt":{"rendered":"<p>Sirmiones Veranstaltungskalender f\u00fcr Gro\u00df und Klein zu einem noch sch\u00f6neren Reise- und Ausflugsziel<\/p>\n","protected":false},"author":9,"featured_media":17398,"comment_status":"open","ping_status":"open","sticky":false,"template":"","format":"standard","meta":[],"categories":[5],"tags":[23,5304,5305,31,1646],"news-destination":[],"news-source":[],"is_homepage":[],"ta_other":[],"featured_media_details":{"width":1634,"height":1071,"file":"2024\/11\/Screenshot-2024-11-21-alle-12.45.56.jpg","sizes":{"medium":{"file":"Screenshot-2024-11-21-alle-12.45.56-300x197.jpg","width":300,"height":197,"mime-type":"image\/jpeg","source_url":"https:\/\/www.gardaseezeitung.it\/gardaseezeitung_new\/de\/wp-content\/uploads\/sites\/2\/2024\/11\/Screenshot-2024-11-21-alle-12.45.56-300x197.jpg"},"large":{"file":"Screenshot-2024-11-21-alle-12.45.56-1024x671.jpg","width":1024,"height":671,"mime-type":"image\/jpeg","source_url":"https:\/\/www.gardaseezeitung.it\/gardaseezeitung_new\/de\/wp-content\/uploads\/sites\/2\/2024\/11\/Screenshot-2024-11-21-alle-12.45.56-1024x671.jpg"},"thumbnail":{"file":"Screenshot-2024-11-21-alle-12.45.56-150x150.jpg","width":150,"height":150,"mime-type":"image\/jpeg","source_url":"https:\/\/www.gardaseezeitung.it\/gardaseezeitung_new\/de\/wp-content\/uploads\/sites\/2\/2024\/11\/Screenshot-2024-11-21-alle-12.45.56-150x150.jpg"},"medium_large":{"file":"Screenshot-2024-11-21-alle-12.45.56-768x503.jpg","width":768,"height":503,"mime-type":"image\/jpeg","source_url":"https:\/\/www.gardaseezeitung.it\/gardaseezeitung_new\/de\/wp-content\/uploads\/sites\/2\/2024\/11\/Screenshot-2024-11-21-alle-12.45.56-768x503.jpg"},"1536x1536":{"file":"Screenshot-2024-11-21-alle-12.45.56-1536x1007.jpg","width":1536,"height":1007,"mime-type":"image\/jpeg","source_url":"https:\/\/www.gardaseezeitung.it\/gardaseezeitung_new\/de\/wp-content\/uploads\/sites\/2\/2024\/11\/Screenshot-2024-11-21-alle-12.45.56-1536x1007.jpg"},"big_image":{"file":"Screenshot-2024-11-21-alle-12.45.56-750x492.jpg","width":750,"height":492,"mime-type":"image\/jpeg","source_url":"https:\/\/www.gardaseezeitung.it\/gardaseezeitung_new\/de\/wp-content\/uploads\/sites\/2\/2024\/11\/Screenshot-2024-11-21-alle-12.45.56-750x492.jpg"},"guest-author-32":{"file":"Screenshot-2024-11-21-alle-12.45.56-32x32.jpg","width":32,"height":32,"mime-type":"image\/jpeg","source_url":"https:\/\/www.gardaseezeitung.it\/gardaseezeitung_new\/de\/wp-content\/uploads\/sites\/2\/2024\/11\/Screenshot-2024-11-21-alle-12.45.56-32x32.jpg"},"guest-author-50":{"file":"Screenshot-2024-11-21-alle-12.45.56-50x50.jpg","width":50,"height":50,"mime-type":"image\/jpeg","source_url":"https:\/\/www.gardaseezeitung.it\/gardaseezeitung_new\/de\/wp-content\/uploads\/sites\/2\/2024\/11\/Screenshot-2024-11-21-alle-12.45.56-50x50.jpg"},"guest-author-64":{"file":"Screenshot-2024-11-21-alle-12.45.56-64x64.jpg","width":64,"height":64,"mime-type":"image\/jpeg","source_url":"https:\/\/www.gardaseezeitung.it\/gardaseezeitung_new\/de\/wp-content\/uploads\/sites\/2\/2024\/11\/Screenshot-2024-11-21-alle-12.45.56-64x64.jpg"},"guest-author-96":{"file":"Screenshot-2024-11-21-alle-12.45.56-96x96.jpg","width":96,"height":96,"mime-type":"image\/jpeg","source_url":"https:\/\/www.gardaseezeitung.it\/gardaseezeitung_new\/de\/wp-content\/uploads\/sites\/2\/2024\/11\/Screenshot-2024-11-21-alle-12.45.56-96x96.jpg"},"guest-author-128":{"file":"Screenshot-2024-11-21-alle-12.45.56-128x128.jpg","width":128,"height":128,"mime-type":"image\/jpeg","source_url":"https:\/\/www.gardaseezeitung.it\/gardaseezeitung_new\/de\/wp-content\/uploads\/sites\/2\/2024\/11\/Screenshot-2024-11-21-alle-12.45.56-128x128.jpg"},"full":{"file":"Screenshot-2024-11-21-alle-12.45.56.jpg","width":1634,"height":1071,"mime_type":"","source_url":"https:\/\/www.gardaseezeitung.it\/gardaseezeitung_new\/de\/wp-content\/uploads\/sites\/2\/2024\/11\/Screenshot-2024-11-21-alle-12.45.56.jpg"}},"image_meta":{"aperture":"0","credit":"","camera":"","caption":"","created_timestamp":"0","copyright":"","focal_length":"0","iso":"0","shutter_speed":"0","title":"","orientation":"0","keywords":[]}},"_links":{"self":[{"href":"https:\/\/www.gardaseezeitung.it\/gardaseezeitung_new\/de\/wp-json\/wp\/v2\/posts\/17402"}],"collection":[{"href":"https:\/\/www.gardaseezeitung.it\/gardaseezeitung_new\/de\/wp-json\/wp\/v2\/posts"}],"about":[{"href":"https:\/\/www.gardaseezeitung.it\/gardaseezeitung_new\/de\/wp-json\/wp\/v2\/types\/post"}],"author":[{"embeddable":true,"href":"https:\/\/www.gardaseezeitung.it\/gardaseezeitung_new\/de\/wp-json\/wp\/v2\/users\/9"}],"replies":[{"embeddable":true,"href":"https:\/\/www.gardaseezeitung.it\/gardaseezeitung_new\/de\/wp-json\/wp\/v2\/comments?post=17402"}],"version-history":[{"count":1,"href":"https:\/\/www.gardaseezeitung.it\/gardaseezeitung_new\/de\/wp-json\/wp\/v2\/posts\/17402\/revisions"}],"predecessor-version":[{"id":17459,"href":"https:\/\/www.gardaseezeitung.it\/gardaseezeitung_new\/de\/wp-json\/wp\/v2\/posts\/17402\/revisions\/17459"}],"wp:featuredmedia":[{"embeddable":true,"href":"https:\/\/www.gardaseezeitung.it\/gardaseezeitung_new\/de\/wp-json\/wp\/v2\/media\/17398"}],"wp:attachment":[{"href":"https:\/\/www.gardaseezeitung.it\/gardaseezeitung_new\/de\/wp-json\/wp\/v2\/media?parent=17402"}],"wp:term":[{"taxonomy":"category","embeddable":true,"href":"https:\/\/www.gardaseezeitung.it\/gardaseezeitung_new\/de\/wp-json\/wp\/v2\/categories?post=17402"},{"taxonomy":"post_tag","embeddable":true,"href":"https:\/\/www.gardaseezeitung.it\/gardaseezeitung_new\/de\/wp-json\/wp\/v2\/tags?post=17402"},{"taxonomy":"news-destination","embeddable":true,"href":"https:\/\/www.gardaseezeitung.it\/gardaseezeitung_new\/de\/wp-json\/wp\/v2\/news-destination?post=17402"},{"taxonomy":"news-source","embeddable":true,"href":"https:\/\/www.gardaseezeitung.it\/gardaseezeitung_new\/de\/wp-json\/wp\/v2\/news-source?post=17402"},{"taxonomy":"is_homepage","embeddable":true,"href":"https:\/\/www.gardaseezeitung.it\/gardaseezeitung_new\/de\/wp-json\/wp\/v2\/is_homepage?post=17402"},{"taxonomy":"ta_other","embeddable":true,"href":"https:\/\/www.gardaseezeitung.it\/gardaseezeitung_new\/de\/wp-json\/wp\/v2\/ta_other?post=17402"}],"curies":[{"name":"wp","href":"https:\/\/api.w.org\/{rel}","templated":true}]}}