{"id":17478,"date":"2024-11-29T14:19:08","date_gmt":"2024-11-29T13:19:08","guid":{"rendered":"https:\/\/euwps05.newsmemory.com\/gardaseezeitung_new\/de\/2024\/11\/28\/30-november-affi-einweihung-der-eislaufbahn\/"},"modified":"2024-11-29T14:20:12","modified_gmt":"2024-11-29T13:20:12","slug":"30-november-affi-einweihung-der-eislaufbahn","status":"publish","type":"post","link":"https:\/\/www.gardaseezeitung.it\/2024\/11\/29\/30-november-affi-einweihung-der-eislaufbahn\/","title":{"rendered":"30. November, in Affi Einweihung der Eislaufbahn"},"content":{"rendered":"<p>&nbsp;<\/p>\n<p>Weihnachten steht vor der T\u00fcr und die Eislaufbahn darf auch in Affi nicht fehlen. Am Samstag, den 30. November um 11 Uhr wird der B\u00fcrgermeister von Affi, Marco Sega, in der Via San Pieretto (vor dem Grand Affi) die Eisbahn und den Spielplatz einweihen, die bis zum 6. Januar ge\u00f6ffnet sein werden. Bei der Zeremonie des Durchschneidens des Bandes werden Prezzemolo, das Maskottchen von Gardaland, und die B\u00fcrgermeister der Region anwesend sein. Zu diesem Anlass wird die Eisbahn eine Stunde lang kostenlos f\u00fcr alle Kinder ge\u00f6ffnet sein.<\/p>\n<p>&nbsp;<\/p>\n<p>&nbsp;<\/p>\n<figure id=\"attachment_17477\" style=\"width: 640px\" class=\"wp-caption alignleft\"><img title=\"30. November, in Affi Einweihung der Eislaufbahn\" loading=\"lazy\" class=\"size-large wp-image-17477\" src=\"https:\/\/www.gardaseezeitung.it\/gardaseezeitung_new\/de\/wp-content\/uploads\/sites\/2\/2024\/11\/image2.jpg\" alt=\"Affi - &quot;Natale sul ghiaccio&quot;\" width=\"640\" height=\"905\" srcset=\"https:\/\/euwps05.newsmemory.com\/gardaseezeitung_new\/de\/wp-content\/uploads\/sites\/2\/2024\/11\/image2.jpg 1024w, https:\/\/euwps05.newsmemory.com\/gardaseezeitung_new\/de\/wp-content\/uploads\/sites\/2\/2024\/11\/image2-212x300.jpg 212w, https:\/\/euwps05.newsmemory.com\/gardaseezeitung_new\/de\/wp-content\/uploads\/sites\/2\/2024\/11\/image2-724x1024.jpg 724w, https:\/\/euwps05.newsmemory.com\/gardaseezeitung_new\/de\/wp-content\/uploads\/sites\/2\/2024\/11\/image2-768x1087.jpg 768w, https:\/\/euwps05.newsmemory.com\/gardaseezeitung_new\/de\/wp-content\/uploads\/sites\/2\/2024\/11\/image2-750x1061.jpg 750w\" sizes=\"(max-width: 640px) 100vw, 640px\" \/><figcaption class=\"wp-caption-text\">Affi &#8211; &#8222;Natale sul ghiaccio&#8220;<\/figcaption><\/figure>\n","protected":false},"excerpt":{"rendered":"<p>Durchschneiden des Bandes mit Prezzemolo und eine Stunde kostenloses Schlittschuhlaufen f\u00fcr Kinder<\/p>\n","protected":false},"author":9,"featured_media":17476,"comment_status":"open","ping_status":"open","sticky":false,"template":"","format":"standard","meta":[],"categories":[5],"tags":[478,1840,116,23,26,499],"news-destination":[],"news-source":[],"is_homepage":[],"ta_other":[],"featured_media_details":{"width":1024,"height":600,"file":"2024\/11\/image.jpg","sizes":{"medium":{"file":"image-300x176.jpg","width":300,"height":176,"mime-type":"image\/jpeg","source_url":"https:\/\/www.gardaseezeitung.it\/gardaseezeitung_new\/de\/wp-content\/uploads\/sites\/2\/2024\/11\/image-300x176.jpg"},"thumbnail":{"file":"image-150x150.jpg","width":150,"height":150,"mime-type":"image\/jpeg","source_url":"https:\/\/www.gardaseezeitung.it\/gardaseezeitung_new\/de\/wp-content\/uploads\/sites\/2\/2024\/11\/image-150x150.jpg"},"medium_large":{"file":"image-768x450.jpg","width":768,"height":450,"mime-type":"image\/jpeg","source_url":"https:\/\/www.gardaseezeitung.it\/gardaseezeitung_new\/de\/wp-content\/uploads\/sites\/2\/2024\/11\/image-768x450.jpg"},"big_image":{"file":"image-750x439.jpg","width":750,"height":439,"mime-type":"image\/jpeg","source_url":"https:\/\/www.gardaseezeitung.it\/gardaseezeitung_new\/de\/wp-content\/uploads\/sites\/2\/2024\/11\/image-750x439.jpg"},"guest-author-32":{"file":"image-32x32.jpg","width":32,"height":32,"mime-type":"image\/jpeg","source_url":"https:\/\/www.gardaseezeitung.it\/gardaseezeitung_new\/de\/wp-content\/uploads\/sites\/2\/2024\/11\/image-32x32.jpg"},"guest-author-50":{"file":"image-50x50.jpg","width":50,"height":50,"mime-type":"image\/jpeg","source_url":"https:\/\/www.gardaseezeitung.it\/gardaseezeitung_new\/de\/wp-content\/uploads\/sites\/2\/2024\/11\/image-50x50.jpg"},"guest-author-64":{"file":"image-64x64.jpg","width":64,"height":64,"mime-type":"image\/jpeg","source_url":"https:\/\/www.gardaseezeitung.it\/gardaseezeitung_new\/de\/wp-content\/uploads\/sites\/2\/2024\/11\/image-64x64.jpg"},"guest-author-96":{"file":"image-96x96.jpg","width":96,"height":96,"mime-type":"image\/jpeg","source_url":"https:\/\/www.gardaseezeitung.it\/gardaseezeitung_new\/de\/wp-content\/uploads\/sites\/2\/2024\/11\/image-96x96.jpg"},"guest-author-128":{"file":"image-128x128.jpg","width":128,"height":128,"mime-type":"image\/jpeg","source_url":"https:\/\/www.gardaseezeitung.it\/gardaseezeitung_new\/de\/wp-content\/uploads\/sites\/2\/2024\/11\/image-128x128.jpg"},"full":{"file":"image.jpg","width":1024,"height":600,"mime_type":"","source_url":"https:\/\/www.gardaseezeitung.it\/gardaseezeitung_new\/de\/wp-content\/uploads\/sites\/2\/2024\/11\/image.jpg"}},"image_meta":{"aperture":"0","credit":"","camera":"","caption":"","created_timestamp":"0","copyright":"","focal_length":"0","iso":"0","shutter_speed":"0","title":"","orientation":"1","keywords":[]}},"_links":{"self":[{"href":"https:\/\/www.gardaseezeitung.it\/gardaseezeitung_new\/de\/wp-json\/wp\/v2\/posts\/17478"}],"collection":[{"href":"https:\/\/www.gardaseezeitung.it\/gardaseezeitung_new\/de\/wp-json\/wp\/v2\/posts"}],"about":[{"href":"https:\/\/www.gardaseezeitung.it\/gardaseezeitung_new\/de\/wp-json\/wp\/v2\/types\/post"}],"author":[{"embeddable":true,"href":"https:\/\/www.gardaseezeitung.it\/gardaseezeitung_new\/de\/wp-json\/wp\/v2\/users\/9"}],"replies":[{"embeddable":true,"href":"https:\/\/www.gardaseezeitung.it\/gardaseezeitung_new\/de\/wp-json\/wp\/v2\/comments?post=17478"}],"version-history":[{"count":1,"href":"https:\/\/www.gardaseezeitung.it\/gardaseezeitung_new\/de\/wp-json\/wp\/v2\/posts\/17478\/revisions"}],"predecessor-version":[{"id":17483,"href":"https:\/\/www.gardaseezeitung.it\/gardaseezeitung_new\/de\/wp-json\/wp\/v2\/posts\/17478\/revisions\/17483"}],"wp:featuredmedia":[{"embeddable":true,"href":"https:\/\/www.gardaseezeitung.it\/gardaseezeitung_new\/de\/wp-json\/wp\/v2\/media\/17476"}],"wp:attachment":[{"href":"https:\/\/www.gardaseezeitung.it\/gardaseezeitung_new\/de\/wp-json\/wp\/v2\/media?parent=17478"}],"wp:term":[{"taxonomy":"category","embeddable":true,"href":"https:\/\/www.gardaseezeitung.it\/gardaseezeitung_new\/de\/wp-json\/wp\/v2\/categories?post=17478"},{"taxonomy":"post_tag","embeddable":true,"href":"https:\/\/www.gardaseezeitung.it\/gardaseezeitung_new\/de\/wp-json\/wp\/v2\/tags?post=17478"},{"taxonomy":"news-destination","embeddable":true,"href":"https:\/\/www.gardaseezeitung.it\/gardaseezeitung_new\/de\/wp-json\/wp\/v2\/news-destination?post=17478"},{"taxonomy":"news-source","embeddable":true,"href":"https:\/\/www.gardaseezeitung.it\/gardaseezeitung_new\/de\/wp-json\/wp\/v2\/news-source?post=17478"},{"taxonomy":"is_homepage","embeddable":true,"href":"https:\/\/www.gardaseezeitung.it\/gardaseezeitung_new\/de\/wp-json\/wp\/v2\/is_homepage?post=17478"},{"taxonomy":"ta_other","embeddable":true,"href":"https:\/\/www.gardaseezeitung.it\/gardaseezeitung_new\/de\/wp-json\/wp\/v2\/ta_other?post=17478"}],"curies":[{"name":"wp","href":"https:\/\/api.w.org\/{rel}","templated":true}]}}