{"id":17487,"date":"2024-12-01T00:34:59","date_gmt":"2024-11-30T23:34:59","guid":{"rendered":"http:\/\/euwps06.newsmemory.com\/gardaseezeitung_new\/de\/2024\/12\/01\/gardone-riviera-festival-tener-mente-mika-konzert-24-juli-2025\/"},"modified":"2024-12-01T00:35:51","modified_gmt":"2024-11-30T23:35:51","slug":"gardone-riviera-festival-tener-mente-mika-konzert-24-juli-2025","status":"publish","type":"post","link":"https:\/\/www.gardaseezeitung.it\/2024\/12\/01\/gardone-riviera-festival-tener-mente-mika-konzert-24-juli-2025\/","title":{"rendered":"Festival Tener-a-mente: Mika tritt im Sommer in Gardone auf"},"content":{"rendered":"<p>&nbsp;<\/p>\n<p>In Gardone Riviera laufen bereits die Vorbereitungen f\u00fcr die vierzehnte Ausgabe des Musikfestivals \u201eTener-a-mente\u201c (ein Wortspiel aus teneramente= z\u00e4rtlich und tenere a mente= in Erinnerung behalten). Das Festival, das im Sommer im wundersch\u00f6nen Amphitheater der Denkmalst\u00e4tte \u201eVittoriale degli Italiani\u201c organisiert wird, begeistert jedes Jahr die Musikfans aus In- und Ausland. Im Laufe der Jahre haben viele Gr\u00f6\u00dfen der internationalen Musikszene an ihm teilgenommen \u2013 Lou Reed,\u00a0Ben Harper,\u00a0Herbie Hancock und\u00a0Burt Bacharach ebenso wie\u00a0Damien Rice,\u00a0James Taylor,\u00a0Joan Baez,\u00a0James Blake,\u00a0Patti Smith,\u00a0Pat Metheny,\u00a0Jeff Beck,\u00a0Johnny Depp,\u00a0Passenger und viele andere.<\/p>\n<p>Nun ist man dabei den Spielplan f\u00fcr das kommende Jahr zusammenzustellen und der erste internationale Star hat bereits seine Anwesenheit best\u00e4tigt. Am 24. Juli wird der Liedermacher und Entertainer Mika im Vittoriale erwartet. Der 1983 in Beirut geborene MIKA, der 2007 durch die Single \u201eGrace Kelly\u201c ber\u00fchmt wurde, hat in \u00fcber siebzehn Jahren Karriere, die von einem facettenreichen Pop-Sound gepr\u00e4gt ist, unter anderem vier World Music Awards, einen Brit Award und eine Grammy-Nominierung gewonnen und zwei Nominierungen f\u00fcr die MTV Music Awards. 2008 gab er sein erstes Konzert in einem Stadion, im Parc des Princes in Paris, und 2012 wurde ihm von der Franz\u00f6sischen Republik der Titel \u201eRitter des Ordens der K\u00fcnste und Literatur\u201c verliehen. In Italien sehr beliebt, hat er an zahlreichen Fernsehsendungen und Musikfestivals teilgenommen und war 2022 zusammen mit Alessandro Cattelan und Laura Pausini Co-Moderator der 66. Ausgabe des Eurovision Song Contest in Turin.<\/p>\n<p>Die Tickets f\u00fcr sein Konzert im Vittoriale gibt es online bei ticketone.it<\/p>\n","protected":false},"excerpt":{"rendered":"<p>S\u00e4nger nimmt an 14. Ausgabe des Festivals Tener-a-mente teil<\/p>\n","protected":false},"author":9,"featured_media":17486,"comment_status":"open","ping_status":"open","sticky":false,"template":"","format":"standard","meta":[],"categories":[4,5,3],"tags":[23,26,33,5321,5322,82],"news-destination":[],"news-source":[],"is_homepage":[],"ta_other":[],"featured_media_details":{"width":1024,"height":576,"file":"2024\/11\/Mika_2022.jpg","sizes":{"medium":{"file":"Mika_2022-300x169.jpg","width":300,"height":169,"mime-type":"image\/jpeg","source_url":"https:\/\/www.gardaseezeitung.it\/gardaseezeitung_new\/de\/wp-content\/uploads\/sites\/2\/2024\/11\/Mika_2022-300x169.jpg"},"thumbnail":{"file":"Mika_2022-150x150.jpg","width":150,"height":150,"mime-type":"image\/jpeg","source_url":"https:\/\/www.gardaseezeitung.it\/gardaseezeitung_new\/de\/wp-content\/uploads\/sites\/2\/2024\/11\/Mika_2022-150x150.jpg"},"medium_large":{"file":"Mika_2022-768x432.jpg","width":768,"height":432,"mime-type":"image\/jpeg","source_url":"https:\/\/www.gardaseezeitung.it\/gardaseezeitung_new\/de\/wp-content\/uploads\/sites\/2\/2024\/11\/Mika_2022-768x432.jpg"},"big_image":{"file":"Mika_2022-750x422.jpg","width":750,"height":422,"mime-type":"image\/jpeg","source_url":"https:\/\/www.gardaseezeitung.it\/gardaseezeitung_new\/de\/wp-content\/uploads\/sites\/2\/2024\/11\/Mika_2022-750x422.jpg"},"guest-author-32":{"file":"Mika_2022-32x32.jpg","width":32,"height":32,"mime-type":"image\/jpeg","source_url":"https:\/\/www.gardaseezeitung.it\/gardaseezeitung_new\/de\/wp-content\/uploads\/sites\/2\/2024\/11\/Mika_2022-32x32.jpg"},"guest-author-50":{"file":"Mika_2022-50x50.jpg","width":50,"height":50,"mime-type":"image\/jpeg","source_url":"https:\/\/www.gardaseezeitung.it\/gardaseezeitung_new\/de\/wp-content\/uploads\/sites\/2\/2024\/11\/Mika_2022-50x50.jpg"},"guest-author-64":{"file":"Mika_2022-64x64.jpg","width":64,"height":64,"mime-type":"image\/jpeg","source_url":"https:\/\/www.gardaseezeitung.it\/gardaseezeitung_new\/de\/wp-content\/uploads\/sites\/2\/2024\/11\/Mika_2022-64x64.jpg"},"guest-author-96":{"file":"Mika_2022-96x96.jpg","width":96,"height":96,"mime-type":"image\/jpeg","source_url":"https:\/\/www.gardaseezeitung.it\/gardaseezeitung_new\/de\/wp-content\/uploads\/sites\/2\/2024\/11\/Mika_2022-96x96.jpg"},"guest-author-128":{"file":"Mika_2022-128x128.jpg","width":128,"height":128,"mime-type":"image\/jpeg","source_url":"https:\/\/www.gardaseezeitung.it\/gardaseezeitung_new\/de\/wp-content\/uploads\/sites\/2\/2024\/11\/Mika_2022-128x128.jpg"},"full":{"file":"Mika_2022.jpg","width":1024,"height":576,"mime_type":"","source_url":"https:\/\/www.gardaseezeitung.it\/gardaseezeitung_new\/de\/wp-content\/uploads\/sites\/2\/2024\/11\/Mika_2022.jpg"}},"image_meta":{"aperture":"0","credit":"","camera":"","caption":"","created_timestamp":"0","copyright":"","focal_length":"0","iso":"0","shutter_speed":"0","title":"","orientation":"1","keywords":[]}},"_links":{"self":[{"href":"https:\/\/www.gardaseezeitung.it\/gardaseezeitung_new\/de\/wp-json\/wp\/v2\/posts\/17487"}],"collection":[{"href":"https:\/\/www.gardaseezeitung.it\/gardaseezeitung_new\/de\/wp-json\/wp\/v2\/posts"}],"about":[{"href":"https:\/\/www.gardaseezeitung.it\/gardaseezeitung_new\/de\/wp-json\/wp\/v2\/types\/post"}],"author":[{"embeddable":true,"href":"https:\/\/www.gardaseezeitung.it\/gardaseezeitung_new\/de\/wp-json\/wp\/v2\/users\/9"}],"replies":[{"embeddable":true,"href":"https:\/\/www.gardaseezeitung.it\/gardaseezeitung_new\/de\/wp-json\/wp\/v2\/comments?post=17487"}],"version-history":[{"count":2,"href":"https:\/\/www.gardaseezeitung.it\/gardaseezeitung_new\/de\/wp-json\/wp\/v2\/posts\/17487\/revisions"}],"predecessor-version":[{"id":17493,"href":"https:\/\/www.gardaseezeitung.it\/gardaseezeitung_new\/de\/wp-json\/wp\/v2\/posts\/17487\/revisions\/17493"}],"wp:featuredmedia":[{"embeddable":true,"href":"https:\/\/www.gardaseezeitung.it\/gardaseezeitung_new\/de\/wp-json\/wp\/v2\/media\/17486"}],"wp:attachment":[{"href":"https:\/\/www.gardaseezeitung.it\/gardaseezeitung_new\/de\/wp-json\/wp\/v2\/media?parent=17487"}],"wp:term":[{"taxonomy":"category","embeddable":true,"href":"https:\/\/www.gardaseezeitung.it\/gardaseezeitung_new\/de\/wp-json\/wp\/v2\/categories?post=17487"},{"taxonomy":"post_tag","embeddable":true,"href":"https:\/\/www.gardaseezeitung.it\/gardaseezeitung_new\/de\/wp-json\/wp\/v2\/tags?post=17487"},{"taxonomy":"news-destination","embeddable":true,"href":"https:\/\/www.gardaseezeitung.it\/gardaseezeitung_new\/de\/wp-json\/wp\/v2\/news-destination?post=17487"},{"taxonomy":"news-source","embeddable":true,"href":"https:\/\/www.gardaseezeitung.it\/gardaseezeitung_new\/de\/wp-json\/wp\/v2\/news-source?post=17487"},{"taxonomy":"is_homepage","embeddable":true,"href":"https:\/\/www.gardaseezeitung.it\/gardaseezeitung_new\/de\/wp-json\/wp\/v2\/is_homepage?post=17487"},{"taxonomy":"ta_other","embeddable":true,"href":"https:\/\/www.gardaseezeitung.it\/gardaseezeitung_new\/de\/wp-json\/wp\/v2\/ta_other?post=17487"}],"curies":[{"name":"wp","href":"https:\/\/api.w.org\/{rel}","templated":true}]}}