{"id":17499,"date":"2024-12-03T00:27:54","date_gmt":"2024-12-02T23:27:54","guid":{"rendered":"http:\/\/euwps06.newsmemory.com\/gardaseezeitung_new\/de\/2024\/12\/03\/weihnachtliche-initiativen-im-oldtimer-museum-nicolis\/"},"modified":"2024-12-04T15:47:53","modified_gmt":"2024-12-04T14:47:53","slug":"weihnachtliche-initiativen-im-oldtimer-museum-nicolis","status":"publish","type":"post","link":"https:\/\/www.gardaseezeitung.it\/2024\/12\/03\/weihnachtliche-initiativen-im-oldtimer-museum-nicolis\/","title":{"rendered":"Weihnachtliche Initiativen im Oldtimer-Museum Nicolis"},"content":{"rendered":"<p>&nbsp;<\/p>\n<p>Die magischste Zeit des Jahres steht vor der T\u00fcr und im Oldtimer-Museum Nicolis in Villafranca m\u00f6chte man diesen Moment unvergesslich machen, und so werden interessante Initiativen organisiert, um die Festtage geb\u00fchrend zu feiern.<\/p>\n<p>Jeden Samstag und Sonntag um 15.30 Uhr erwartet man die Besucher mit einer faszinierenden kostenlosen F\u00fchrung, die im Eintrittsticket enthalten ist. F\u00fcr Familien eine hervorragende Gelegenheit, sch\u00f6ne gemeinsame Stunden an einem ungew\u00f6hnlichen Ort zu verbringen, denn Kinder und Jugendliche bis 18 Jahre haben kostenlos Zutritt zum Museum. Eine spannende Reise in die Vergangenheit inmitten von Traumautos und wundervollen Vintage-Objekten, auf Entdeckung seltener mechanischer Meisterwerke, die der Museumsgr\u00fcnder Luciano Nicolis mit Leidenschaft gesammelt und restauriert hat, erwartet sie.<\/p>\n<p>Am 26. Dezember steht f\u00fcr die Kleinen ein ganz besonderer Moment auf dem Programm. Um 15.30 Uhr hei\u00dft das Museums-Maskottchen Freccia alle Kinder herzlich willkommen und l\u00e4dt sie zu Momenten voller Spa\u00df im Rahmen einer f\u00fcr sie konzipierten kostenlosen F\u00fchrung, animiert von einem erfahrenen F\u00fchrer, und nat\u00fcrlich mit einem Selfie mit Freccia als Erinnerung an diesen Tag. Das ist aber noch nicht alles: die kleinen Teilnehmer dieser Familienaktivit\u00e4t ein kleines Souvenir zum Mitnehmen (die Initiative ist nach vorheriger Reservierung im Eintrittsticket enthalten, 0\u201318 Jahre frei).<\/p>\n<p>Zur Freude aller, die die sozialen Netzwerke lieben, besteht die M\u00f6glichkeit, an Bord einer legend\u00e4ren BMW Isetta 300 von 1957 zu steigen und in der Selfie-Ecke der 1950er-Jahre ein Foto zu machen.<\/p>\n<p>Weihnachten bei Nicolis ist aber noch mehr: wer seine Lieben mit einem ungew\u00f6hnlichen Geschenk unter den Baum \u00fcberraschen m\u00f6chte, dem bietet sich die Gelegenheit, ein Ticket zusammen mit einem der Museums-Gadgets zu erstehen. Ein zweites Ticket gibt es kostenlos hinzu. Und um die Geschenkverpackung k\u00fcmmert sich das Museum.<\/p>\n<p>Das Nicolis Museum ist von Dienstag bis Sonntag durchgehend von 10 bis 18 Uhr ge\u00f6ffnet. Weitere Informationen gibt es unter www.museonicolis.com<\/p>\n<p>&nbsp;<\/p>\n<p><img title=\"Weihnachtliche Initiativen im Oldtimer-Museum Nicolis\" loading=\"lazy\" class=\"size-large wp-image-17502\" src=\"https:\/\/www.gardaseezeitung.it\/gardaseezeitung_new\/de\/wp-content\/uploads\/sites\/2\/2024\/12\/Museo-Nicolis-Villafranca-Verona-Didattica-e-Family-day-ph-Leaduser-2-scaled.jpg\" alt=\"Museo Nicolis \" width=\"640\" height=\"427\" srcset=\"https:\/\/euwps06.newsmemory.com\/gardaseezeitung_new\/de\/wp-content\/uploads\/sites\/2\/2024\/12\/Museo-Nicolis-Villafranca-Verona-Didattica-e-Family-day-ph-Leaduser-2-scaled.jpg 2560w, https:\/\/euwps06.newsmemory.com\/gardaseezeitung_new\/de\/wp-content\/uploads\/sites\/2\/2024\/12\/Museo-Nicolis-Villafranca-Verona-Didattica-e-Family-day-ph-Leaduser-2-scaled-300x200.jpg 300w, https:\/\/euwps06.newsmemory.com\/gardaseezeitung_new\/de\/wp-content\/uploads\/sites\/2\/2024\/12\/Museo-Nicolis-Villafranca-Verona-Didattica-e-Family-day-ph-Leaduser-2-scaled-1024x683.jpg 1024w, https:\/\/euwps06.newsmemory.com\/gardaseezeitung_new\/de\/wp-content\/uploads\/sites\/2\/2024\/12\/Museo-Nicolis-Villafranca-Verona-Didattica-e-Family-day-ph-Leaduser-2-scaled-768x512.jpg 768w, https:\/\/euwps06.newsmemory.com\/gardaseezeitung_new\/de\/wp-content\/uploads\/sites\/2\/2024\/12\/Museo-Nicolis-Villafranca-Verona-Didattica-e-Family-day-ph-Leaduser-2-scaled-1536x1025.jpg 1536w, https:\/\/euwps06.newsmemory.com\/gardaseezeitung_new\/de\/wp-content\/uploads\/sites\/2\/2024\/12\/Museo-Nicolis-Villafranca-Verona-Didattica-e-Family-day-ph-Leaduser-2-scaled-2048x1366.jpg 2048w, https:\/\/euwps06.newsmemory.com\/gardaseezeitung_new\/de\/wp-content\/uploads\/sites\/2\/2024\/12\/Museo-Nicolis-Villafranca-Verona-Didattica-e-Family-day-ph-Leaduser-2-scaled-750x500.jpg 750w\" sizes=\"(max-width: 640px) 100vw, 640px\" \/><\/p>\n<p><img alt=\"Weihnachtliche Initiativen im Oldtimer-Museum Nicolis\" title=\"Weihnachtliche Initiativen im Oldtimer-Museum Nicolis\" loading=\"lazy\" class=\"size-large wp-image-17501\" src=\"https:\/\/www.gardaseezeitung.it\/gardaseezeitung_new\/de\/wp-content\/uploads\/sites\/2\/2024\/12\/Museo-Nicolis-Villafranca-Verona-Didattica-e-Family-day-auto-depoca-ph-Leaduser-2-scaled.jpg\" alt=\"\" width=\"640\" height=\"427\" srcset=\"https:\/\/euwps06.newsmemory.com\/gardaseezeitung_new\/de\/wp-content\/uploads\/sites\/2\/2024\/12\/Museo-Nicolis-Villafranca-Verona-Didattica-e-Family-day-auto-depoca-ph-Leaduser-2-scaled.jpg 2560w, https:\/\/euwps06.newsmemory.com\/gardaseezeitung_new\/de\/wp-content\/uploads\/sites\/2\/2024\/12\/Museo-Nicolis-Villafranca-Verona-Didattica-e-Family-day-auto-depoca-ph-Leaduser-2-scaled-300x200.jpg 300w, https:\/\/euwps06.newsmemory.com\/gardaseezeitung_new\/de\/wp-content\/uploads\/sites\/2\/2024\/12\/Museo-Nicolis-Villafranca-Verona-Didattica-e-Family-day-auto-depoca-ph-Leaduser-2-scaled-1024x683.jpg 1024w, https:\/\/euwps06.newsmemory.com\/gardaseezeitung_new\/de\/wp-content\/uploads\/sites\/2\/2024\/12\/Museo-Nicolis-Villafranca-Verona-Didattica-e-Family-day-auto-depoca-ph-Leaduser-2-scaled-768x512.jpg 768w, https:\/\/euwps06.newsmemory.com\/gardaseezeitung_new\/de\/wp-content\/uploads\/sites\/2\/2024\/12\/Museo-Nicolis-Villafranca-Verona-Didattica-e-Family-day-auto-depoca-ph-Leaduser-2-scaled-1536x1025.jpg 1536w, https:\/\/euwps06.newsmemory.com\/gardaseezeitung_new\/de\/wp-content\/uploads\/sites\/2\/2024\/12\/Museo-Nicolis-Villafranca-Verona-Didattica-e-Family-day-auto-depoca-ph-Leaduser-2-scaled-2048x1366.jpg 2048w, https:\/\/euwps06.newsmemory.com\/gardaseezeitung_new\/de\/wp-content\/uploads\/sites\/2\/2024\/12\/Museo-Nicolis-Villafranca-Verona-Didattica-e-Family-day-auto-depoca-ph-Leaduser-2-scaled-750x500.jpg 750w\" sizes=\"(max-width: 640px) 100vw, 640px\" \/><\/p>\n<p>&nbsp;<\/p>\n<figure id=\"attachment_17503\" style=\"width: 640px\" class=\"wp-caption alignleft\"><img title=\"Weihnachtliche Initiativen im Oldtimer-Museum Nicolis\" loading=\"lazy\" class=\"size-large wp-image-17503\" src=\"https:\/\/www.gardaseezeitung.it\/gardaseezeitung_new\/de\/wp-content\/uploads\/sites\/2\/2024\/12\/Museo-Nicolis-Villafranca-Verona-Didattica-e-Family-day-ph-Leaduser-3-scaled.jpg\" alt=\"Museo Nicolis\" width=\"640\" height=\"427\" srcset=\"https:\/\/euwps06.newsmemory.com\/gardaseezeitung_new\/de\/wp-content\/uploads\/sites\/2\/2024\/12\/Museo-Nicolis-Villafranca-Verona-Didattica-e-Family-day-ph-Leaduser-3-scaled.jpg 2560w, https:\/\/euwps06.newsmemory.com\/gardaseezeitung_new\/de\/wp-content\/uploads\/sites\/2\/2024\/12\/Museo-Nicolis-Villafranca-Verona-Didattica-e-Family-day-ph-Leaduser-3-scaled-300x200.jpg 300w, https:\/\/euwps06.newsmemory.com\/gardaseezeitung_new\/de\/wp-content\/uploads\/sites\/2\/2024\/12\/Museo-Nicolis-Villafranca-Verona-Didattica-e-Family-day-ph-Leaduser-3-scaled-1024x683.jpg 1024w, https:\/\/euwps06.newsmemory.com\/gardaseezeitung_new\/de\/wp-content\/uploads\/sites\/2\/2024\/12\/Museo-Nicolis-Villafranca-Verona-Didattica-e-Family-day-ph-Leaduser-3-scaled-768x512.jpg 768w, https:\/\/euwps06.newsmemory.com\/gardaseezeitung_new\/de\/wp-content\/uploads\/sites\/2\/2024\/12\/Museo-Nicolis-Villafranca-Verona-Didattica-e-Family-day-ph-Leaduser-3-scaled-1536x1025.jpg 1536w, https:\/\/euwps06.newsmemory.com\/gardaseezeitung_new\/de\/wp-content\/uploads\/sites\/2\/2024\/12\/Museo-Nicolis-Villafranca-Verona-Didattica-e-Family-day-ph-Leaduser-3-scaled-2048x1366.jpg 2048w, https:\/\/euwps06.newsmemory.com\/gardaseezeitung_new\/de\/wp-content\/uploads\/sites\/2\/2024\/12\/Museo-Nicolis-Villafranca-Verona-Didattica-e-Family-day-ph-Leaduser-3-scaled-750x500.jpg 750w\" sizes=\"(max-width: 640px) 100vw, 640px\" \/><figcaption class=\"wp-caption-text\">Museo Nicolis Leaduser - Leaduser<\/figcaption><\/figure>\n<p>&nbsp;<\/p>\n<p>&nbsp;<\/p>\n<p>&nbsp;<\/p>\n","protected":false},"excerpt":{"rendered":"<p>An den Wochenenden kostenlose F\u00fchrungen und mehr<\/p>\n","protected":false},"author":9,"featured_media":17515,"comment_status":"open","ping_status":"open","sticky":false,"template":"","format":"standard","meta":[],"categories":[2,5],"tags":[23,26,1678,463,1357,530,1646],"news-destination":[],"news-source":[],"is_homepage":[],"ta_other":[],"featured_media_details":{"width":1024,"height":683,"file":"2024\/12\/xMuseo-Nicolis-Villafranca-Verona-Didattica-e-Family-day-ph-Leaduser.jpg","sizes":{"medium":{"file":"xMuseo-Nicolis-Villafranca-Verona-Didattica-e-Family-day-ph-Leaduser-300x200.jpg","width":300,"height":200,"mime-type":"image\/jpeg","source_url":"https:\/\/www.gardaseezeitung.it\/gardaseezeitung_new\/de\/wp-content\/uploads\/sites\/2\/2024\/12\/xMuseo-Nicolis-Villafranca-Verona-Didattica-e-Family-day-ph-Leaduser-300x200.jpg"},"thumbnail":{"file":"xMuseo-Nicolis-Villafranca-Verona-Didattica-e-Family-day-ph-Leaduser-150x150.jpg","width":150,"height":150,"mime-type":"image\/jpeg","source_url":"https:\/\/www.gardaseezeitung.it\/gardaseezeitung_new\/de\/wp-content\/uploads\/sites\/2\/2024\/12\/xMuseo-Nicolis-Villafranca-Verona-Didattica-e-Family-day-ph-Leaduser-150x150.jpg"},"medium_large":{"file":"xMuseo-Nicolis-Villafranca-Verona-Didattica-e-Family-day-ph-Leaduser-768x512.jpg","width":768,"height":512,"mime-type":"image\/jpeg","source_url":"https:\/\/www.gardaseezeitung.it\/gardaseezeitung_new\/de\/wp-content\/uploads\/sites\/2\/2024\/12\/xMuseo-Nicolis-Villafranca-Verona-Didattica-e-Family-day-ph-Leaduser-768x512.jpg"},"big_image":{"file":"xMuseo-Nicolis-Villafranca-Verona-Didattica-e-Family-day-ph-Leaduser-750x500.jpg","width":750,"height":500,"mime-type":"image\/jpeg","source_url":"https:\/\/www.gardaseezeitung.it\/gardaseezeitung_new\/de\/wp-content\/uploads\/sites\/2\/2024\/12\/xMuseo-Nicolis-Villafranca-Verona-Didattica-e-Family-day-ph-Leaduser-750x500.jpg"},"guest-author-32":{"file":"xMuseo-Nicolis-Villafranca-Verona-Didattica-e-Family-day-ph-Leaduser-32x32.jpg","width":32,"height":32,"mime-type":"image\/jpeg","source_url":"https:\/\/www.gardaseezeitung.it\/gardaseezeitung_new\/de\/wp-content\/uploads\/sites\/2\/2024\/12\/xMuseo-Nicolis-Villafranca-Verona-Didattica-e-Family-day-ph-Leaduser-32x32.jpg"},"guest-author-50":{"file":"xMuseo-Nicolis-Villafranca-Verona-Didattica-e-Family-day-ph-Leaduser-50x50.jpg","width":50,"height":50,"mime-type":"image\/jpeg","source_url":"https:\/\/www.gardaseezeitung.it\/gardaseezeitung_new\/de\/wp-content\/uploads\/sites\/2\/2024\/12\/xMuseo-Nicolis-Villafranca-Verona-Didattica-e-Family-day-ph-Leaduser-50x50.jpg"},"guest-author-64":{"file":"xMuseo-Nicolis-Villafranca-Verona-Didattica-e-Family-day-ph-Leaduser-64x64.jpg","width":64,"height":64,"mime-type":"image\/jpeg","source_url":"https:\/\/www.gardaseezeitung.it\/gardaseezeitung_new\/de\/wp-content\/uploads\/sites\/2\/2024\/12\/xMuseo-Nicolis-Villafranca-Verona-Didattica-e-Family-day-ph-Leaduser-64x64.jpg"},"guest-author-96":{"file":"xMuseo-Nicolis-Villafranca-Verona-Didattica-e-Family-day-ph-Leaduser-96x96.jpg","width":96,"height":96,"mime-type":"image\/jpeg","source_url":"https:\/\/www.gardaseezeitung.it\/gardaseezeitung_new\/de\/wp-content\/uploads\/sites\/2\/2024\/12\/xMuseo-Nicolis-Villafranca-Verona-Didattica-e-Family-day-ph-Leaduser-96x96.jpg"},"guest-author-128":{"file":"xMuseo-Nicolis-Villafranca-Verona-Didattica-e-Family-day-ph-Leaduser-128x128.jpg","width":128,"height":128,"mime-type":"image\/jpeg","source_url":"https:\/\/www.gardaseezeitung.it\/gardaseezeitung_new\/de\/wp-content\/uploads\/sites\/2\/2024\/12\/xMuseo-Nicolis-Villafranca-Verona-Didattica-e-Family-day-ph-Leaduser-128x128.jpg"},"full":{"file":"xMuseo-Nicolis-Villafranca-Verona-Didattica-e-Family-day-ph-Leaduser.jpg","width":1024,"height":683,"mime_type":"","source_url":"https:\/\/www.gardaseezeitung.it\/gardaseezeitung_new\/de\/wp-content\/uploads\/sites\/2\/2024\/12\/xMuseo-Nicolis-Villafranca-Verona-Didattica-e-Family-day-ph-Leaduser.jpg"}},"image_meta":{"aperture":"3.5","credit":"graziani_andrea","camera":"Canon EOS R5","caption":"","created_timestamp":"1727627019","copyright":"graziani_andrea","focal_length":"62","iso":"3200","shutter_speed":"0.004","title":"","orientation":"1","keywords":[]}},"_links":{"self":[{"href":"https:\/\/www.gardaseezeitung.it\/gardaseezeitung_new\/de\/wp-json\/wp\/v2\/posts\/17499"}],"collection":[{"href":"https:\/\/www.gardaseezeitung.it\/gardaseezeitung_new\/de\/wp-json\/wp\/v2\/posts"}],"about":[{"href":"https:\/\/www.gardaseezeitung.it\/gardaseezeitung_new\/de\/wp-json\/wp\/v2\/types\/post"}],"author":[{"embeddable":true,"href":"https:\/\/www.gardaseezeitung.it\/gardaseezeitung_new\/de\/wp-json\/wp\/v2\/users\/9"}],"replies":[{"embeddable":true,"href":"https:\/\/www.gardaseezeitung.it\/gardaseezeitung_new\/de\/wp-json\/wp\/v2\/comments?post=17499"}],"version-history":[{"count":3,"href":"https:\/\/www.gardaseezeitung.it\/gardaseezeitung_new\/de\/wp-json\/wp\/v2\/posts\/17499\/revisions"}],"predecessor-version":[{"id":17516,"href":"https:\/\/www.gardaseezeitung.it\/gardaseezeitung_new\/de\/wp-json\/wp\/v2\/posts\/17499\/revisions\/17516"}],"wp:featuredmedia":[{"embeddable":true,"href":"https:\/\/www.gardaseezeitung.it\/gardaseezeitung_new\/de\/wp-json\/wp\/v2\/media\/17515"}],"wp:attachment":[{"href":"https:\/\/www.gardaseezeitung.it\/gardaseezeitung_new\/de\/wp-json\/wp\/v2\/media?parent=17499"}],"wp:term":[{"taxonomy":"category","embeddable":true,"href":"https:\/\/www.gardaseezeitung.it\/gardaseezeitung_new\/de\/wp-json\/wp\/v2\/categories?post=17499"},{"taxonomy":"post_tag","embeddable":true,"href":"https:\/\/www.gardaseezeitung.it\/gardaseezeitung_new\/de\/wp-json\/wp\/v2\/tags?post=17499"},{"taxonomy":"news-destination","embeddable":true,"href":"https:\/\/www.gardaseezeitung.it\/gardaseezeitung_new\/de\/wp-json\/wp\/v2\/news-destination?post=17499"},{"taxonomy":"news-source","embeddable":true,"href":"https:\/\/www.gardaseezeitung.it\/gardaseezeitung_new\/de\/wp-json\/wp\/v2\/news-source?post=17499"},{"taxonomy":"is_homepage","embeddable":true,"href":"https:\/\/www.gardaseezeitung.it\/gardaseezeitung_new\/de\/wp-json\/wp\/v2\/is_homepage?post=17499"},{"taxonomy":"ta_other","embeddable":true,"href":"https:\/\/www.gardaseezeitung.it\/gardaseezeitung_new\/de\/wp-json\/wp\/v2\/ta_other?post=17499"}],"curies":[{"name":"wp","href":"https:\/\/api.w.org\/{rel}","templated":true}]}}