{"id":17520,"date":"2024-12-05T02:49:50","date_gmt":"2024-12-05T01:49:50","guid":{"rendered":"http:\/\/euwps06.newsmemory.com\/gardaseezeitung_new\/de\/2024\/12\/04\/herbst-im-mincio-park-kostenloser-spaziergang-8-dezember\/"},"modified":"2024-12-05T02:49:54","modified_gmt":"2024-12-05T01:49:54","slug":"herbst-im-mincio-park-kostenloser-spaziergang-8-dezember","status":"publish","type":"post","link":"https:\/\/www.gardaseezeitung.it\/2024\/12\/05\/herbst-im-mincio-park-kostenloser-spaziergang-8-dezember\/","title":{"rendered":"Herbst im Mincio-Park: kostenloser Spaziergang am 8. Dezember"},"content":{"rendered":"<p>&nbsp;<\/p>\n<p>Am <b>Sonntag, den 8. Dezember,<\/b> findet im Oberen Mincio eine kostenlose Exkursion mit dem <b>Titel \u201eHerbstzauber im Reservat von Castellaro\u201c statt, ein<\/b> Naturspaziergang im Naturschutzgebiet \u201eCastellaro Lagusello Morainic Complex\u201c in Zusammenarbeit mit den Freiwilligen \u00d6kologischen W\u00e4chtern des Mincio-Parks. Eingetaucht in die Farben und Stimmungen des Herbstes, umarmen die H\u00fcgel das alte mittelalterliche Dorf und den herzf\u00f6rmigen See und bieten Einblicke in einen unvergleichlichen Zauber. Treffpunkt und Abfahrt um 9 Uhr auf dem Parkplatz neben dem Tamburinfeld. Kostenlose Teilnahme mit obligatorischer Anmeldung unter www.parcodelmincio.it oder per E-Mail an eventi@parcodelmincio.it<\/p>\n<p>&nbsp;<\/p>\n","protected":false},"excerpt":{"rendered":"<p>Die letzte der kostenlosen Exkursionen zur Entdeckung des Herbstzaubers an den Ufern des Mincio ist geplant<\/p>\n","protected":false},"author":9,"featured_media":17521,"comment_status":"open","ping_status":"open","sticky":false,"template":"","format":"standard","meta":[],"categories":[2,4],"tags":[350,23,26,79],"news-destination":[],"news-source":[],"is_homepage":[],"ta_other":[],"featured_media_details":{"width":1024,"height":684,"file":"2024\/12\/Parco_Mincio_StefanoMariga.png","sizes":{"medium":{"file":"Parco_Mincio_StefanoMariga-300x200.png","width":300,"height":200,"mime-type":"image\/png","source_url":"https:\/\/www.gardaseezeitung.it\/gardaseezeitung_new\/de\/wp-content\/uploads\/sites\/2\/2024\/12\/Parco_Mincio_StefanoMariga-300x200.png"},"thumbnail":{"file":"Parco_Mincio_StefanoMariga-150x150.png","width":150,"height":150,"mime-type":"image\/png","source_url":"https:\/\/www.gardaseezeitung.it\/gardaseezeitung_new\/de\/wp-content\/uploads\/sites\/2\/2024\/12\/Parco_Mincio_StefanoMariga-150x150.png"},"medium_large":{"file":"Parco_Mincio_StefanoMariga-768x513.png","width":768,"height":513,"mime-type":"image\/png","source_url":"https:\/\/www.gardaseezeitung.it\/gardaseezeitung_new\/de\/wp-content\/uploads\/sites\/2\/2024\/12\/Parco_Mincio_StefanoMariga-768x513.png"},"big_image":{"file":"Parco_Mincio_StefanoMariga-750x501.png","width":750,"height":501,"mime-type":"image\/png","source_url":"https:\/\/www.gardaseezeitung.it\/gardaseezeitung_new\/de\/wp-content\/uploads\/sites\/2\/2024\/12\/Parco_Mincio_StefanoMariga-750x501.png"},"guest-author-32":{"file":"Parco_Mincio_StefanoMariga-32x32.png","width":32,"height":32,"mime-type":"image\/png","source_url":"https:\/\/www.gardaseezeitung.it\/gardaseezeitung_new\/de\/wp-content\/uploads\/sites\/2\/2024\/12\/Parco_Mincio_StefanoMariga-32x32.png"},"guest-author-50":{"file":"Parco_Mincio_StefanoMariga-50x50.png","width":50,"height":50,"mime-type":"image\/png","source_url":"https:\/\/www.gardaseezeitung.it\/gardaseezeitung_new\/de\/wp-content\/uploads\/sites\/2\/2024\/12\/Parco_Mincio_StefanoMariga-50x50.png"},"guest-author-64":{"file":"Parco_Mincio_StefanoMariga-64x64.png","width":64,"height":64,"mime-type":"image\/png","source_url":"https:\/\/www.gardaseezeitung.it\/gardaseezeitung_new\/de\/wp-content\/uploads\/sites\/2\/2024\/12\/Parco_Mincio_StefanoMariga-64x64.png"},"guest-author-96":{"file":"Parco_Mincio_StefanoMariga-96x96.png","width":96,"height":96,"mime-type":"image\/png","source_url":"https:\/\/www.gardaseezeitung.it\/gardaseezeitung_new\/de\/wp-content\/uploads\/sites\/2\/2024\/12\/Parco_Mincio_StefanoMariga-96x96.png"},"guest-author-128":{"file":"Parco_Mincio_StefanoMariga-128x128.png","width":128,"height":128,"mime-type":"image\/png","source_url":"https:\/\/www.gardaseezeitung.it\/gardaseezeitung_new\/de\/wp-content\/uploads\/sites\/2\/2024\/12\/Parco_Mincio_StefanoMariga-128x128.png"},"full":{"file":"Parco_Mincio_StefanoMariga.png","width":1024,"height":684,"mime_type":"","source_url":"https:\/\/www.gardaseezeitung.it\/gardaseezeitung_new\/de\/wp-content\/uploads\/sites\/2\/2024\/12\/Parco_Mincio_StefanoMariga.png"}},"image_meta":{"aperture":"0","credit":"","camera":"","caption":"","created_timestamp":"0","copyright":"","focal_length":"0","iso":"0","shutter_speed":"0","title":"","orientation":"0","keywords":[]}},"_links":{"self":[{"href":"https:\/\/www.gardaseezeitung.it\/gardaseezeitung_new\/de\/wp-json\/wp\/v2\/posts\/17520"}],"collection":[{"href":"https:\/\/www.gardaseezeitung.it\/gardaseezeitung_new\/de\/wp-json\/wp\/v2\/posts"}],"about":[{"href":"https:\/\/www.gardaseezeitung.it\/gardaseezeitung_new\/de\/wp-json\/wp\/v2\/types\/post"}],"author":[{"embeddable":true,"href":"https:\/\/www.gardaseezeitung.it\/gardaseezeitung_new\/de\/wp-json\/wp\/v2\/users\/9"}],"replies":[{"embeddable":true,"href":"https:\/\/www.gardaseezeitung.it\/gardaseezeitung_new\/de\/wp-json\/wp\/v2\/comments?post=17520"}],"version-history":[{"count":1,"href":"https:\/\/www.gardaseezeitung.it\/gardaseezeitung_new\/de\/wp-json\/wp\/v2\/posts\/17520\/revisions"}],"predecessor-version":[{"id":17522,"href":"https:\/\/www.gardaseezeitung.it\/gardaseezeitung_new\/de\/wp-json\/wp\/v2\/posts\/17520\/revisions\/17522"}],"wp:featuredmedia":[{"embeddable":true,"href":"https:\/\/www.gardaseezeitung.it\/gardaseezeitung_new\/de\/wp-json\/wp\/v2\/media\/17521"}],"wp:attachment":[{"href":"https:\/\/www.gardaseezeitung.it\/gardaseezeitung_new\/de\/wp-json\/wp\/v2\/media?parent=17520"}],"wp:term":[{"taxonomy":"category","embeddable":true,"href":"https:\/\/www.gardaseezeitung.it\/gardaseezeitung_new\/de\/wp-json\/wp\/v2\/categories?post=17520"},{"taxonomy":"post_tag","embeddable":true,"href":"https:\/\/www.gardaseezeitung.it\/gardaseezeitung_new\/de\/wp-json\/wp\/v2\/tags?post=17520"},{"taxonomy":"news-destination","embeddable":true,"href":"https:\/\/www.gardaseezeitung.it\/gardaseezeitung_new\/de\/wp-json\/wp\/v2\/news-destination?post=17520"},{"taxonomy":"news-source","embeddable":true,"href":"https:\/\/www.gardaseezeitung.it\/gardaseezeitung_new\/de\/wp-json\/wp\/v2\/news-source?post=17520"},{"taxonomy":"is_homepage","embeddable":true,"href":"https:\/\/www.gardaseezeitung.it\/gardaseezeitung_new\/de\/wp-json\/wp\/v2\/is_homepage?post=17520"},{"taxonomy":"ta_other","embeddable":true,"href":"https:\/\/www.gardaseezeitung.it\/gardaseezeitung_new\/de\/wp-json\/wp\/v2\/ta_other?post=17520"}],"curies":[{"name":"wp","href":"https:\/\/api.w.org\/{rel}","templated":true}]}}