{"id":17589,"date":"2024-12-12T00:47:54","date_gmt":"2024-12-11T23:47:54","guid":{"rendered":"http:\/\/euwps06.newsmemory.com\/gardaseezeitung_new\/de\/2024\/12\/12\/sirmione-widmet-seinen-kuenstlern-eine-ausstellung\/"},"modified":"2024-12-12T10:16:54","modified_gmt":"2024-12-12T09:16:54","slug":"sirmione-widmet-seinen-kuenstlern-eine-ausstellung","status":"publish","type":"post","link":"https:\/\/www.gardaseezeitung.it\/2024\/12\/12\/sirmione-widmet-seinen-kuenstlern-eine-ausstellung\/","title":{"rendered":"Sirmione widmet seinen K\u00fcnstlern eine Ausstellung"},"content":{"rendered":"<p>&nbsp;<\/p>\n<p>Vor wenigen Tagen ist im Palazzo Callas Exhibitions in Sirmione die XVII. Ausgabe der Kollektivausstellung der K\u00fcnstler von Sirmione angelaufen. Kunst, Kultur, Farben und Werke aller Art kehren so in den Palazzo zur\u00fcck. Der Besucher wird zu einer einzigartigen Reise eingeladen &#8211; eine beispiellose Vision, um die Realit\u00e4t aus sehr pers\u00f6nlichen und originellen Blickwinkeln zu betrachten.<\/p>\n<p>\u201eWenn man die Welt aus einem Bullauge betrachtet\u201c, ist Titel und Inspiration f\u00fcr die Entstehung der diesj\u00e4hrigen Werke; Als Symbol der \u00d6ffnung nach au\u00dfen wird das Bullauge zu einer Metapher, die in ihrer Einfachheit unkonventionelle Visionen des Universums anregt. Entlang des Ausstellungsrundgangs wird der Besucher dazu eingeladen, verschiedene Arten der Interpretation der Realit\u00e4t zu erkunden.<\/p>\n<p>\u201eKreativit\u00e4t spielt in unserer Gemeinschaft eine grundlegende Rolle und spiegelt unsere Erfahrungen und W\u00fcnsche wider. Der Blick auf die Welt durch ein Bullauge l\u00e4dt uns ein, neue Perspektiven zu erkunden und die Welt um uns herum besser zu verstehen. Lokale K\u00fcnstler regen uns mit ihrem Talent und Engagement an, nachzudenken und als Gemeinschaft zu wachsen. Wir sind stolz darauf, das k\u00fcnstlerische Talent von Sirmione zu unterst\u00fctzen und zu f\u00f6rdern\u201c, so Luisa Lavelli, B\u00fcrgermeisterin von Sirmione.<\/p>\n<p>Auch in diesem Jahr best\u00e4tigen die gro\u00dfe Beteiligung von 41 Autoren und die zahlreichen pr\u00e4sentierten Werke die Bedeutung der Ausstellung f\u00fcr die Gemeinschaft von Sirmione.<\/p>\n<p>Palazzo Callas Exhibitions, ein Symbol der Kunst in Sirmione und das Zuhause der K\u00fcnstler aus Sirmione, bietet einen Raum, in dem Kreativit\u00e4t ihren vollen Ausdruck findet. Die R\u00e4umlichkeiten des Geb\u00e4udes werden zur idealen B\u00fchne f\u00fcr die verschiedensten Werke &#8211; von der Poesie \u00fcber die Fotografie bis hin zu anderen k\u00fcnstlerischen Techniken.<\/p>\n<p>Die Ausstellung, die bis zum 9. M\u00e4rz l\u00e4uft, ist freitags von 15 bis 18 Uhr sowie an Samstagen und an Sonn- und Feiertagen von 10.30 bis 12.30 Uhr und von 15 bis 18 Uhr ge\u00f6ffnet. Am 25. Dezember bleibt der Palazzo Callas Exhibitions geschlossen. Der Eintritt ist frei.<\/p>\n<p>&nbsp;<\/p>\n<figure id=\"attachment_17596\" style=\"width: 750px\" class=\"wp-caption alignleft\"><img title=\"Sirmione widmet seinen K\u00fcnstlern eine Ausstellung\" loading=\"lazy\" class=\"size-full wp-image-17596\" src=\"https:\/\/www.gardaseezeitung.it\/gardaseezeitung_new\/de\/wp-content\/uploads\/sites\/2\/2024\/12\/x.jpg\" alt=\"&quot;Se guardi il mondo da un obl\u00f2&quot;\" width=\"750\" height=\"441\" srcset=\"https:\/\/euwps06.newsmemory.com\/gardaseezeitung_new\/de\/wp-content\/uploads\/sites\/2\/2024\/12\/x.jpg 750w, https:\/\/euwps06.newsmemory.com\/gardaseezeitung_new\/de\/wp-content\/uploads\/sites\/2\/2024\/12\/x-300x176.jpg 300w\" sizes=\"(max-width: 750px) 100vw, 750px\" \/><figcaption class=\"wp-caption-text\">&#8222;Se guardi il mondo da un obl\u00f2&#8220;<\/figcaption><\/figure>\n","protected":false},"excerpt":{"rendered":"<p>Die Besucher werden dazu eingeladen, die Welt aus einem Bullauge zu betrachten<\/p>\n","protected":false},"author":9,"featured_media":17588,"comment_status":"open","ping_status":"open","sticky":false,"template":"","format":"standard","meta":[],"categories":[2,6],"tags":[23,26,1083,118,31],"news-destination":[],"news-source":[],"is_homepage":[],"ta_other":[],"featured_media_details":{"width":833,"height":625,"file":"2024\/12\/MOSTRA_ARTISTI_SIRMIONE_2024_OBLO-19.jpeg","sizes":{"medium":{"file":"MOSTRA_ARTISTI_SIRMIONE_2024_OBLO-19-300x225.jpeg","width":300,"height":225,"mime-type":"image\/jpeg","source_url":"https:\/\/www.gardaseezeitung.it\/gardaseezeitung_new\/de\/wp-content\/uploads\/sites\/2\/2024\/12\/MOSTRA_ARTISTI_SIRMIONE_2024_OBLO-19-300x225.jpeg"},"thumbnail":{"file":"MOSTRA_ARTISTI_SIRMIONE_2024_OBLO-19-150x150.jpeg","width":150,"height":150,"mime-type":"image\/jpeg","source_url":"https:\/\/www.gardaseezeitung.it\/gardaseezeitung_new\/de\/wp-content\/uploads\/sites\/2\/2024\/12\/MOSTRA_ARTISTI_SIRMIONE_2024_OBLO-19-150x150.jpeg"},"medium_large":{"file":"MOSTRA_ARTISTI_SIRMIONE_2024_OBLO-19-768x576.jpeg","width":768,"height":576,"mime-type":"image\/jpeg","source_url":"https:\/\/www.gardaseezeitung.it\/gardaseezeitung_new\/de\/wp-content\/uploads\/sites\/2\/2024\/12\/MOSTRA_ARTISTI_SIRMIONE_2024_OBLO-19-768x576.jpeg"},"big_image":{"file":"MOSTRA_ARTISTI_SIRMIONE_2024_OBLO-19-750x563.jpeg","width":750,"height":563,"mime-type":"image\/jpeg","source_url":"https:\/\/www.gardaseezeitung.it\/gardaseezeitung_new\/de\/wp-content\/uploads\/sites\/2\/2024\/12\/MOSTRA_ARTISTI_SIRMIONE_2024_OBLO-19-750x563.jpeg"},"guest-author-32":{"file":"MOSTRA_ARTISTI_SIRMIONE_2024_OBLO-19-32x32.jpeg","width":32,"height":32,"mime-type":"image\/jpeg","source_url":"https:\/\/www.gardaseezeitung.it\/gardaseezeitung_new\/de\/wp-content\/uploads\/sites\/2\/2024\/12\/MOSTRA_ARTISTI_SIRMIONE_2024_OBLO-19-32x32.jpeg"},"guest-author-50":{"file":"MOSTRA_ARTISTI_SIRMIONE_2024_OBLO-19-50x50.jpeg","width":50,"height":50,"mime-type":"image\/jpeg","source_url":"https:\/\/www.gardaseezeitung.it\/gardaseezeitung_new\/de\/wp-content\/uploads\/sites\/2\/2024\/12\/MOSTRA_ARTISTI_SIRMIONE_2024_OBLO-19-50x50.jpeg"},"guest-author-64":{"file":"MOSTRA_ARTISTI_SIRMIONE_2024_OBLO-19-64x64.jpeg","width":64,"height":64,"mime-type":"image\/jpeg","source_url":"https:\/\/www.gardaseezeitung.it\/gardaseezeitung_new\/de\/wp-content\/uploads\/sites\/2\/2024\/12\/MOSTRA_ARTISTI_SIRMIONE_2024_OBLO-19-64x64.jpeg"},"guest-author-96":{"file":"MOSTRA_ARTISTI_SIRMIONE_2024_OBLO-19-96x96.jpeg","width":96,"height":96,"mime-type":"image\/jpeg","source_url":"https:\/\/www.gardaseezeitung.it\/gardaseezeitung_new\/de\/wp-content\/uploads\/sites\/2\/2024\/12\/MOSTRA_ARTISTI_SIRMIONE_2024_OBLO-19-96x96.jpeg"},"guest-author-128":{"file":"MOSTRA_ARTISTI_SIRMIONE_2024_OBLO-19-128x128.jpeg","width":128,"height":128,"mime-type":"image\/jpeg","source_url":"https:\/\/www.gardaseezeitung.it\/gardaseezeitung_new\/de\/wp-content\/uploads\/sites\/2\/2024\/12\/MOSTRA_ARTISTI_SIRMIONE_2024_OBLO-19-128x128.jpeg"},"full":{"file":"MOSTRA_ARTISTI_SIRMIONE_2024_OBLO-19.jpeg","width":833,"height":625,"mime_type":"","source_url":"https:\/\/www.gardaseezeitung.it\/gardaseezeitung_new\/de\/wp-content\/uploads\/sites\/2\/2024\/12\/MOSTRA_ARTISTI_SIRMIONE_2024_OBLO-19.jpeg"}},"image_meta":{"aperture":"0","credit":"","camera":"","caption":"","created_timestamp":"0","copyright":"","focal_length":"0","iso":"0","shutter_speed":"0","title":"","orientation":"1","keywords":[]}},"_links":{"self":[{"href":"https:\/\/www.gardaseezeitung.it\/gardaseezeitung_new\/de\/wp-json\/wp\/v2\/posts\/17589"}],"collection":[{"href":"https:\/\/www.gardaseezeitung.it\/gardaseezeitung_new\/de\/wp-json\/wp\/v2\/posts"}],"about":[{"href":"https:\/\/www.gardaseezeitung.it\/gardaseezeitung_new\/de\/wp-json\/wp\/v2\/types\/post"}],"author":[{"embeddable":true,"href":"https:\/\/www.gardaseezeitung.it\/gardaseezeitung_new\/de\/wp-json\/wp\/v2\/users\/9"}],"replies":[{"embeddable":true,"href":"https:\/\/www.gardaseezeitung.it\/gardaseezeitung_new\/de\/wp-json\/wp\/v2\/comments?post=17589"}],"version-history":[{"count":8,"href":"https:\/\/www.gardaseezeitung.it\/gardaseezeitung_new\/de\/wp-json\/wp\/v2\/posts\/17589\/revisions"}],"predecessor-version":[{"id":17599,"href":"https:\/\/www.gardaseezeitung.it\/gardaseezeitung_new\/de\/wp-json\/wp\/v2\/posts\/17589\/revisions\/17599"}],"wp:featuredmedia":[{"embeddable":true,"href":"https:\/\/www.gardaseezeitung.it\/gardaseezeitung_new\/de\/wp-json\/wp\/v2\/media\/17588"}],"wp:attachment":[{"href":"https:\/\/www.gardaseezeitung.it\/gardaseezeitung_new\/de\/wp-json\/wp\/v2\/media?parent=17589"}],"wp:term":[{"taxonomy":"category","embeddable":true,"href":"https:\/\/www.gardaseezeitung.it\/gardaseezeitung_new\/de\/wp-json\/wp\/v2\/categories?post=17589"},{"taxonomy":"post_tag","embeddable":true,"href":"https:\/\/www.gardaseezeitung.it\/gardaseezeitung_new\/de\/wp-json\/wp\/v2\/tags?post=17589"},{"taxonomy":"news-destination","embeddable":true,"href":"https:\/\/www.gardaseezeitung.it\/gardaseezeitung_new\/de\/wp-json\/wp\/v2\/news-destination?post=17589"},{"taxonomy":"news-source","embeddable":true,"href":"https:\/\/www.gardaseezeitung.it\/gardaseezeitung_new\/de\/wp-json\/wp\/v2\/news-source?post=17589"},{"taxonomy":"is_homepage","embeddable":true,"href":"https:\/\/www.gardaseezeitung.it\/gardaseezeitung_new\/de\/wp-json\/wp\/v2\/is_homepage?post=17589"},{"taxonomy":"ta_other","embeddable":true,"href":"https:\/\/www.gardaseezeitung.it\/gardaseezeitung_new\/de\/wp-json\/wp\/v2\/ta_other?post=17589"}],"curies":[{"name":"wp","href":"https:\/\/api.w.org\/{rel}","templated":true}]}}