{"id":17602,"date":"2024-12-13T13:50:12","date_gmt":"2024-12-13T12:50:12","guid":{"rendered":"https:\/\/euwps05.newsmemory.com\/gardaseezeitung_new\/de\/2024\/12\/13\/manerba-erwartet-die-besucher-mit-der-mechanischen-weihnachtskrippe\/"},"modified":"2024-12-20T16:49:35","modified_gmt":"2024-12-20T15:49:35","slug":"manerba-erwartet-die-besucher-mit-der-mechanischen-weihnachtskrippe","status":"publish","type":"post","link":"https:\/\/www.gardaseezeitung.it\/2024\/12\/13\/manerba-erwartet-die-besucher-mit-der-mechanischen-weihnachtskrippe\/","title":{"rendered":"Manerba erwartet die Besucher mit der mechanischen Weihnachtskrippe"},"content":{"rendered":"<p>&nbsp;<\/p>\n<p>Das Tourismus- und Kulturamt von Manerba del Garda hat einen reichhaltigen Veranstaltungskalender f\u00fcr die Weihnachts- und Neujahrsfeiertage zusammengestellt.<\/p>\n<p>Eines der zentralen Elemente der Feierlichkeiten ist in Manerba del Garda die mechanische Weihnachtskrippe, die traditionell in der Kirche San Giovanni aufgestellt wird. Als Symbol der Weihnachtsfeierlichkeiten ist die Krippe, die dank ihrer eindrucksvollen Kombination aus Tradition und Handwerkskunst jedes Jahr von Zehntausenden Besuchern bewundert wird, bis zum 26. Januar f\u00fcr die \u00d6ffentlichkeit zug\u00e4nglich.<\/p>\n<p>Zum Weihnachtsprogramm geh\u00f6ren in Manerba aber auch eine Vielzahl weitere an Initiativen. Im St\u00e4dtischen Arch\u00e4ologischen Museum von Valtenesi l\u00e4uft zum Beispiel ab dem 14. Dezember die Fotoausstellung Benacus Mater, eine visuelle Reise durch die Landschaften des s\u00fcdlichen Gardasees und der Mor\u00e4nenh\u00fcgel mit Fotografien von Attilio Giorgio Mutti. Eine weitere Initiative von besonderer Bedeutung wird Minervae Luces sein, ein eindrucksvoller Lichtertanz, der mit der Video-Mapping-Technik eine unglaubliche Szenografie erm\u00f6glicht und das \u00c4u\u00dfere der Kirche von Manerba in ein faszinierendes Licht- und Bildspektakel verwandelt. Vom 18. Dezember bis zum 18. Januar k\u00f6nnen die Besucher jeden Abend einer innovativen Show beiwohnen, die Tradition und Technologie miteinander verbindet, mit Bildern und Projektionen, die Geschichten und Emotionen erz\u00e4hlen, die mit der lokalen Kultur und dem Gebiet verbunden sind. Diese am Gardasee noch nie dagewesene Initiative stellt eine wichtige Neuheit der Weihnachtszeit dar und bringt den Zauber von Weihnachten auf ein v\u00f6llig neues Niveau.<\/p>\n<p>Weitere Momente sind der Musik und den Shows gewidmet. Zu den Hauptveranstaltungen geh\u00f6rt das Konzert am 26. Dezember der Stadtkapelle von Manerba del Garda.<\/p>\n<p>Mit Spannung erwartet werden auch die Superstar Show am 3. Januar, die eine Hommage an die gro\u00dfen Namen der Pop- und Rockmusik ist, und die Jackson One-Hommage am 4. Januar, bei der die unvergesslichen Auftritte des King of Pop Michael Jackson im Mittelpunkt stehen. Beide Shows finden in der Sporthalle statt. Am 6. Januar enden die Feiertage mit Christmas Melodies, einem Weihnachtskonzert in der Kirche Santa Maria Assunta.<\/p>\n<p>F\u00fcr die Kleinen umfasst der Kalender Tage mit kreativen Workshops, Theaterauff\u00fchrungen, die in Zusammenarbeit mit Playup und Variart veranstaltet werden, sowie Filmvorf\u00fchrungen wie \u201eKung Fu Panda\u201c und \u201eInside Out 2\u201c.<\/p>\n<p>Der vollst\u00e4ndige Veranstaltungskalender ist in den sozialen Netzwerken Facebook und Instagram @manerbaeventi verf\u00fcgbar. F\u00fcr weitere Informationen zu den Abenden des 3. und 4. Januar kann man sich per Mail oder telefonisch an das Amt f\u00fcr Kultur und Tourismus wenden (eventi@manerbaservizi.it; +39 0365 55274).<\/p>\n<p>&nbsp;<\/p>\n<figure id=\"attachment_17610\" style=\"width: 750px\" class=\"wp-caption alignleft\"><img title=\"Manerba erwartet die Besucher mit der mechanischen Weihnachtskrippe\" loading=\"lazy\" class=\"size-full wp-image-17610\" src=\"https:\/\/www.gardaseezeitung.it\/gardaseezeitung_new\/de\/wp-content\/uploads\/sites\/2\/2024\/12\/Comune-di-Manerba-Michael-Jackson-4-5.jpg\" alt=\"Weihnachten am Gardasee - Manerba\" width=\"750\" height=\"937\" srcset=\"https:\/\/euwps05.newsmemory.com\/gardaseezeitung_new\/de\/wp-content\/uploads\/sites\/2\/2024\/12\/Comune-di-Manerba-Michael-Jackson-4-5.jpg 750w, https:\/\/euwps05.newsmemory.com\/gardaseezeitung_new\/de\/wp-content\/uploads\/sites\/2\/2024\/12\/Comune-di-Manerba-Michael-Jackson-4-5-240x300.jpg 240w\" sizes=\"(max-width: 750px) 100vw, 750px\" \/><figcaption class=\"wp-caption-text\">Weihnachten am Gardasee &#8211; Manerba<\/figcaption><\/figure>\n<p><img alt=\"Manerba erwartet die Besucher mit der mechanischen Weihnachtskrippe\" title=\"Manerba erwartet die Besucher mit der mechanischen Weihnachtskrippe\" loading=\"lazy\" class=\"size-large wp-image-17608\" src=\"https:\/\/www.gardaseezeitung.it\/gardaseezeitung_new\/de\/wp-content\/uploads\/sites\/2\/2024\/12\/Comune-di-Manerba-Super-Star-Show-4-5.jpg\" alt=\"\" width=\"640\" height=\"800\" srcset=\"https:\/\/euwps05.newsmemory.com\/gardaseezeitung_new\/de\/wp-content\/uploads\/sites\/2\/2024\/12\/Comune-di-Manerba-Super-Star-Show-4-5.jpg 833w, https:\/\/euwps05.newsmemory.com\/gardaseezeitung_new\/de\/wp-content\/uploads\/sites\/2\/2024\/12\/Comune-di-Manerba-Super-Star-Show-4-5-240x300.jpg 240w, https:\/\/euwps05.newsmemory.com\/gardaseezeitung_new\/de\/wp-content\/uploads\/sites\/2\/2024\/12\/Comune-di-Manerba-Super-Star-Show-4-5-819x1024.jpg 819w, https:\/\/euwps05.newsmemory.com\/gardaseezeitung_new\/de\/wp-content\/uploads\/sites\/2\/2024\/12\/Comune-di-Manerba-Super-Star-Show-4-5-768x960.jpg 768w, https:\/\/euwps05.newsmemory.com\/gardaseezeitung_new\/de\/wp-content\/uploads\/sites\/2\/2024\/12\/Comune-di-Manerba-Super-Star-Show-4-5-750x937.jpg 750w\" sizes=\"(max-width: 640px) 100vw, 640px\" \/> <img alt=\"Manerba erwartet die Besucher mit der mechanischen Weihnachtskrippe\" title=\"Manerba erwartet die Besucher mit der mechanischen Weihnachtskrippe\" loading=\"lazy\" class=\"size-large wp-image-17609\" src=\"https:\/\/www.gardaseezeitung.it\/gardaseezeitung_new\/de\/wp-content\/uploads\/sites\/2\/2024\/12\/Comune-di-Manerba-Video-mapping-Chiesa-4-5.jpg\" alt=\"\" width=\"640\" height=\"800\" srcset=\"https:\/\/euwps05.newsmemory.com\/gardaseezeitung_new\/de\/wp-content\/uploads\/sites\/2\/2024\/12\/Comune-di-Manerba-Video-mapping-Chiesa-4-5.jpg 750w, https:\/\/euwps05.newsmemory.com\/gardaseezeitung_new\/de\/wp-content\/uploads\/sites\/2\/2024\/12\/Comune-di-Manerba-Video-mapping-Chiesa-4-5-240x300.jpg 240w\" sizes=\"(max-width: 640px) 100vw, 640px\" \/><\/p>\n<p>&nbsp;<\/p>\n","protected":false},"excerpt":{"rendered":"<p>Auf dem Veranstaltungskalender stehen auch einige innovative Initiativen<\/p>\n","protected":false},"author":9,"featured_media":17613,"comment_status":"open","ping_status":"open","sticky":false,"template":"","format":"standard","meta":[],"categories":[2,5],"tags":[23,26,5363,1431,5364],"news-destination":[],"news-source":[],"is_homepage":[],"ta_other":[],"featured_media_details":{"width":932,"height":549,"file":"2024\/12\/Weihnachten-am-Gardasee.jpg","sizes":{"medium":{"file":"Weihnachten-am-Gardasee-300x177.jpg","width":300,"height":177,"mime-type":"image\/jpeg","source_url":"https:\/\/www.gardaseezeitung.it\/gardaseezeitung_new\/de\/wp-content\/uploads\/sites\/2\/2024\/12\/Weihnachten-am-Gardasee-300x177.jpg"},"thumbnail":{"file":"Weihnachten-am-Gardasee-150x150.jpg","width":150,"height":150,"mime-type":"image\/jpeg","source_url":"https:\/\/www.gardaseezeitung.it\/gardaseezeitung_new\/de\/wp-content\/uploads\/sites\/2\/2024\/12\/Weihnachten-am-Gardasee-150x150.jpg"},"medium_large":{"file":"Weihnachten-am-Gardasee-768x452.jpg","width":768,"height":452,"mime-type":"image\/jpeg","source_url":"https:\/\/www.gardaseezeitung.it\/gardaseezeitung_new\/de\/wp-content\/uploads\/sites\/2\/2024\/12\/Weihnachten-am-Gardasee-768x452.jpg"},"big_image":{"file":"Weihnachten-am-Gardasee-750x442.jpg","width":750,"height":442,"mime-type":"image\/jpeg","source_url":"https:\/\/www.gardaseezeitung.it\/gardaseezeitung_new\/de\/wp-content\/uploads\/sites\/2\/2024\/12\/Weihnachten-am-Gardasee-750x442.jpg"},"guest-author-32":{"file":"Weihnachten-am-Gardasee-32x32.jpg","width":32,"height":32,"mime-type":"image\/jpeg","source_url":"https:\/\/www.gardaseezeitung.it\/gardaseezeitung_new\/de\/wp-content\/uploads\/sites\/2\/2024\/12\/Weihnachten-am-Gardasee-32x32.jpg"},"guest-author-50":{"file":"Weihnachten-am-Gardasee-50x50.jpg","width":50,"height":50,"mime-type":"image\/jpeg","source_url":"https:\/\/www.gardaseezeitung.it\/gardaseezeitung_new\/de\/wp-content\/uploads\/sites\/2\/2024\/12\/Weihnachten-am-Gardasee-50x50.jpg"},"guest-author-64":{"file":"Weihnachten-am-Gardasee-64x64.jpg","width":64,"height":64,"mime-type":"image\/jpeg","source_url":"https:\/\/www.gardaseezeitung.it\/gardaseezeitung_new\/de\/wp-content\/uploads\/sites\/2\/2024\/12\/Weihnachten-am-Gardasee-64x64.jpg"},"guest-author-96":{"file":"Weihnachten-am-Gardasee-96x96.jpg","width":96,"height":96,"mime-type":"image\/jpeg","source_url":"https:\/\/www.gardaseezeitung.it\/gardaseezeitung_new\/de\/wp-content\/uploads\/sites\/2\/2024\/12\/Weihnachten-am-Gardasee-96x96.jpg"},"guest-author-128":{"file":"Weihnachten-am-Gardasee-128x128.jpg","width":128,"height":128,"mime-type":"image\/jpeg","source_url":"https:\/\/www.gardaseezeitung.it\/gardaseezeitung_new\/de\/wp-content\/uploads\/sites\/2\/2024\/12\/Weihnachten-am-Gardasee-128x128.jpg"},"full":{"file":"Weihnachten-am-Gardasee.jpg","width":932,"height":549,"mime_type":"","source_url":"https:\/\/www.gardaseezeitung.it\/gardaseezeitung_new\/de\/wp-content\/uploads\/sites\/2\/2024\/12\/Weihnachten-am-Gardasee.jpg"}},"image_meta":{"aperture":"0","credit":"","camera":"","caption":"","created_timestamp":"0","copyright":"","focal_length":"0","iso":"0","shutter_speed":"0","title":"","orientation":"0","keywords":[]}},"_links":{"self":[{"href":"https:\/\/www.gardaseezeitung.it\/gardaseezeitung_new\/de\/wp-json\/wp\/v2\/posts\/17602"}],"collection":[{"href":"https:\/\/www.gardaseezeitung.it\/gardaseezeitung_new\/de\/wp-json\/wp\/v2\/posts"}],"about":[{"href":"https:\/\/www.gardaseezeitung.it\/gardaseezeitung_new\/de\/wp-json\/wp\/v2\/types\/post"}],"author":[{"embeddable":true,"href":"https:\/\/www.gardaseezeitung.it\/gardaseezeitung_new\/de\/wp-json\/wp\/v2\/users\/9"}],"replies":[{"embeddable":true,"href":"https:\/\/www.gardaseezeitung.it\/gardaseezeitung_new\/de\/wp-json\/wp\/v2\/comments?post=17602"}],"version-history":[{"count":2,"href":"https:\/\/www.gardaseezeitung.it\/gardaseezeitung_new\/de\/wp-json\/wp\/v2\/posts\/17602\/revisions"}],"predecessor-version":[{"id":17611,"href":"https:\/\/www.gardaseezeitung.it\/gardaseezeitung_new\/de\/wp-json\/wp\/v2\/posts\/17602\/revisions\/17611"}],"wp:featuredmedia":[{"embeddable":true,"href":"https:\/\/www.gardaseezeitung.it\/gardaseezeitung_new\/de\/wp-json\/wp\/v2\/media\/17613"}],"wp:attachment":[{"href":"https:\/\/www.gardaseezeitung.it\/gardaseezeitung_new\/de\/wp-json\/wp\/v2\/media?parent=17602"}],"wp:term":[{"taxonomy":"category","embeddable":true,"href":"https:\/\/www.gardaseezeitung.it\/gardaseezeitung_new\/de\/wp-json\/wp\/v2\/categories?post=17602"},{"taxonomy":"post_tag","embeddable":true,"href":"https:\/\/www.gardaseezeitung.it\/gardaseezeitung_new\/de\/wp-json\/wp\/v2\/tags?post=17602"},{"taxonomy":"news-destination","embeddable":true,"href":"https:\/\/www.gardaseezeitung.it\/gardaseezeitung_new\/de\/wp-json\/wp\/v2\/news-destination?post=17602"},{"taxonomy":"news-source","embeddable":true,"href":"https:\/\/www.gardaseezeitung.it\/gardaseezeitung_new\/de\/wp-json\/wp\/v2\/news-source?post=17602"},{"taxonomy":"is_homepage","embeddable":true,"href":"https:\/\/www.gardaseezeitung.it\/gardaseezeitung_new\/de\/wp-json\/wp\/v2\/is_homepage?post=17602"},{"taxonomy":"ta_other","embeddable":true,"href":"https:\/\/www.gardaseezeitung.it\/gardaseezeitung_new\/de\/wp-json\/wp\/v2\/ta_other?post=17602"}],"curies":[{"name":"wp","href":"https:\/\/api.w.org\/{rel}","templated":true}]}}