{"id":17615,"date":"2024-12-15T01:00:19","date_gmt":"2024-12-15T00:00:19","guid":{"rendered":"https:\/\/euwps05.newsmemory.com\/gardaseezeitung_new\/de\/2024\/12\/15\/weihnachtskonzert-mit-dem-chor-santa-cecilia-manerba\/"},"modified":"2024-12-15T01:00:26","modified_gmt":"2024-12-15T00:00:26","slug":"weihnachtskonzert-mit-dem-chor-santa-cecilia-manerba","status":"publish","type":"post","link":"https:\/\/www.gardaseezeitung.it\/2024\/12\/15\/weihnachtskonzert-mit-dem-chor-santa-cecilia-manerba\/","title":{"rendered":"Weihnachtskonzert mit dem Chor Santa Cecilia in Manerba"},"content":{"rendered":"<p>&nbsp;<\/p>\n<p>Das zwanzigste Konzert des Konzertreigens \u201eSuoni e Sapori del Garda\u201c ist f\u00fcr den 15. Dezember um 21 Uhr vorgesehen. Konzertlocation ist die Kirche Santa Maria Assunta in Manerba del Garda (Piazza Aldo Moro 2). Auf der B\u00fchne steht der Chor Santa Cecilia von Maderno unter der Leitung von Maestro Gianpietro Bertella mit Francesco Botti an der Orgel und der Sopranistin Claudia Dolcini.<\/p>\n<p>Das Konzert wird mit einigen Maria gewidmeten St\u00fccken er\u00f6ffnet, denn schlie\u00dflich ist sie eine zentrale Figur der Weihnachtszeit. Weiter geht es dann mit von der Volkstradition inspirierten, bekannten Melodien, die an die Weihnachtskrippe und die Geburt Jesu erinnern. Im dritten Teil des Konzerts steht hingegen klassische Weihnachtsmusik vom 18. und 19. Jahrhundert bis heute auf dem Programm. Abschlie\u00dfend folgt &#8211; nach der Magnificat, mit der das Konzert er\u00f6ffnet wurde -, ein weiterer Dankgesang: das von Franz Joseph Haydn vertonte Te Deum.<\/p>\n<p>Diesem Leitfaden folgend (von den Maria gewidmeten Liedern \u00fcber die traditionellen und die gehobeneren Weihnachtsmelodien bis zum abschlie\u00dfenden Te Deum) l\u00e4dt der Chor zu einer Reise durch vier Jahrhunderte der Geschichte der Chormusik: von Pachelbel bis Eybler, von Bruckner bis Zandonai, von Haydn bis Bettinelli und Rutter.<\/p>\n<p>Der Eintritt zu dem Konzert ist frei.<\/p>\n","protected":false},"excerpt":{"rendered":"<p>Konzertabend am 15. Dezember ist eine Reise durch vier Jahrhunderte der Geschichte der Chormusik<\/p>\n","protected":false},"author":9,"featured_media":17614,"comment_status":"open","ping_status":"open","sticky":false,"template":"","format":"standard","meta":[],"categories":[2,4],"tags":[5369,5370,5371,5372,5373,5374,26,5375,2270,1431,5376,5377,3791,1041,5378],"news-destination":[],"news-source":[],"is_homepage":[],"ta_other":[],"featured_media_details":{"width":750,"height":500,"file":"2024\/12\/Corale-Santa-Cecilia-di-Maderno.jpg","sizes":{"medium":{"file":"Corale-Santa-Cecilia-di-Maderno-300x200.jpg","width":300,"height":200,"mime-type":"image\/jpeg","source_url":"https:\/\/www.gardaseezeitung.it\/gardaseezeitung_new\/de\/wp-content\/uploads\/sites\/2\/2024\/12\/Corale-Santa-Cecilia-di-Maderno-300x200.jpg"},"thumbnail":{"file":"Corale-Santa-Cecilia-di-Maderno-150x150.jpg","width":150,"height":150,"mime-type":"image\/jpeg","source_url":"https:\/\/www.gardaseezeitung.it\/gardaseezeitung_new\/de\/wp-content\/uploads\/sites\/2\/2024\/12\/Corale-Santa-Cecilia-di-Maderno-150x150.jpg"},"guest-author-32":{"file":"Corale-Santa-Cecilia-di-Maderno-32x32.jpg","width":32,"height":32,"mime-type":"image\/jpeg","source_url":"https:\/\/www.gardaseezeitung.it\/gardaseezeitung_new\/de\/wp-content\/uploads\/sites\/2\/2024\/12\/Corale-Santa-Cecilia-di-Maderno-32x32.jpg"},"guest-author-50":{"file":"Corale-Santa-Cecilia-di-Maderno-50x50.jpg","width":50,"height":50,"mime-type":"image\/jpeg","source_url":"https:\/\/www.gardaseezeitung.it\/gardaseezeitung_new\/de\/wp-content\/uploads\/sites\/2\/2024\/12\/Corale-Santa-Cecilia-di-Maderno-50x50.jpg"},"guest-author-64":{"file":"Corale-Santa-Cecilia-di-Maderno-64x64.jpg","width":64,"height":64,"mime-type":"image\/jpeg","source_url":"https:\/\/www.gardaseezeitung.it\/gardaseezeitung_new\/de\/wp-content\/uploads\/sites\/2\/2024\/12\/Corale-Santa-Cecilia-di-Maderno-64x64.jpg"},"guest-author-96":{"file":"Corale-Santa-Cecilia-di-Maderno-96x96.jpg","width":96,"height":96,"mime-type":"image\/jpeg","source_url":"https:\/\/www.gardaseezeitung.it\/gardaseezeitung_new\/de\/wp-content\/uploads\/sites\/2\/2024\/12\/Corale-Santa-Cecilia-di-Maderno-96x96.jpg"},"guest-author-128":{"file":"Corale-Santa-Cecilia-di-Maderno-128x128.jpg","width":128,"height":128,"mime-type":"image\/jpeg","source_url":"https:\/\/www.gardaseezeitung.it\/gardaseezeitung_new\/de\/wp-content\/uploads\/sites\/2\/2024\/12\/Corale-Santa-Cecilia-di-Maderno-128x128.jpg"},"full":{"file":"Corale-Santa-Cecilia-di-Maderno.jpg","width":750,"height":500,"mime_type":"","source_url":"https:\/\/www.gardaseezeitung.it\/gardaseezeitung_new\/de\/wp-content\/uploads\/sites\/2\/2024\/12\/Corale-Santa-Cecilia-di-Maderno.jpg"}},"image_meta":{"aperture":"4","credit":"MAURIZIO POINELLI","camera":"NIKON D780","caption":"","created_timestamp":"1671318752","copyright":"Maurizio Poinelli","focal_length":"16","iso":"4000","shutter_speed":"0.0125","title":"","orientation":"1","keywords":[]}},"_links":{"self":[{"href":"https:\/\/www.gardaseezeitung.it\/gardaseezeitung_new\/de\/wp-json\/wp\/v2\/posts\/17615"}],"collection":[{"href":"https:\/\/www.gardaseezeitung.it\/gardaseezeitung_new\/de\/wp-json\/wp\/v2\/posts"}],"about":[{"href":"https:\/\/www.gardaseezeitung.it\/gardaseezeitung_new\/de\/wp-json\/wp\/v2\/types\/post"}],"author":[{"embeddable":true,"href":"https:\/\/www.gardaseezeitung.it\/gardaseezeitung_new\/de\/wp-json\/wp\/v2\/users\/9"}],"replies":[{"embeddable":true,"href":"https:\/\/www.gardaseezeitung.it\/gardaseezeitung_new\/de\/wp-json\/wp\/v2\/comments?post=17615"}],"version-history":[{"count":1,"href":"https:\/\/www.gardaseezeitung.it\/gardaseezeitung_new\/de\/wp-json\/wp\/v2\/posts\/17615\/revisions"}],"predecessor-version":[{"id":17616,"href":"https:\/\/www.gardaseezeitung.it\/gardaseezeitung_new\/de\/wp-json\/wp\/v2\/posts\/17615\/revisions\/17616"}],"wp:featuredmedia":[{"embeddable":true,"href":"https:\/\/www.gardaseezeitung.it\/gardaseezeitung_new\/de\/wp-json\/wp\/v2\/media\/17614"}],"wp:attachment":[{"href":"https:\/\/www.gardaseezeitung.it\/gardaseezeitung_new\/de\/wp-json\/wp\/v2\/media?parent=17615"}],"wp:term":[{"taxonomy":"category","embeddable":true,"href":"https:\/\/www.gardaseezeitung.it\/gardaseezeitung_new\/de\/wp-json\/wp\/v2\/categories?post=17615"},{"taxonomy":"post_tag","embeddable":true,"href":"https:\/\/www.gardaseezeitung.it\/gardaseezeitung_new\/de\/wp-json\/wp\/v2\/tags?post=17615"},{"taxonomy":"news-destination","embeddable":true,"href":"https:\/\/www.gardaseezeitung.it\/gardaseezeitung_new\/de\/wp-json\/wp\/v2\/news-destination?post=17615"},{"taxonomy":"news-source","embeddable":true,"href":"https:\/\/www.gardaseezeitung.it\/gardaseezeitung_new\/de\/wp-json\/wp\/v2\/news-source?post=17615"},{"taxonomy":"is_homepage","embeddable":true,"href":"https:\/\/www.gardaseezeitung.it\/gardaseezeitung_new\/de\/wp-json\/wp\/v2\/is_homepage?post=17615"},{"taxonomy":"ta_other","embeddable":true,"href":"https:\/\/www.gardaseezeitung.it\/gardaseezeitung_new\/de\/wp-json\/wp\/v2\/ta_other?post=17615"}],"curies":[{"name":"wp","href":"https:\/\/api.w.org\/{rel}","templated":true}]}}