{"id":17766,"date":"2025-02-19T14:47:30","date_gmt":"2025-02-19T13:47:30","guid":{"rendered":"http:\/\/euwps06.newsmemory.com\/gardaseezeitung_new\/de\/2025\/02\/19\/wie-es-tradition-ist-hier-die-erste-ausgabe-der-gardasee-zeitung-muenchen-und-bayern\/"},"modified":"2025-02-19T14:57:57","modified_gmt":"2025-02-19T13:57:57","slug":"wie-es-tradition-ist-hier-die-erste-ausgabe-der-gardasee-zeitung-muenchen-und-bayern","status":"publish","type":"post","link":"https:\/\/www.gardaseezeitung.it\/2025\/02\/19\/wie-es-tradition-ist-hier-die-erste-ausgabe-der-gardasee-zeitung-muenchen-und-bayern\/","title":{"rendered":"Wie es Tradition ist, hier die erste Ausgabe der Gardasee Zeitung in M\u00fcnchen und Bayern"},"content":{"rendered":"<p>&nbsp;<\/p>\n<p>Hier sind wir wieder mit der ersten Ausgabe des Jahres der Gardasee Zeitung an unserem Stand auf der F.re.e, M\u00fcnchner Reise- und Freizeitmesse. Sie k\u00f6nnen sich Ihr kostenloses Exemplar an unserem Stand 321 in Halle A4 abholen, aber auch an den St\u00e4nden \u201eUrlaub am Gardasee\/Lago di Garda Italia\u201c und \u201eLagoDiGardaCamping\u201c bis Sonntag, 23. Februar. Wir freuen uns auf Sie!<\/p>\n<p>&nbsp;<\/p>\n<p><img title=\"Wie es Tradition ist, hier die erste Ausgabe der Gardasee Zeitung in M\u00fcnchen und Bayern\" loading=\"lazy\" class=\"size-full wp-image-17761\" src=\"https:\/\/www.gardaseezeitung.it\/gardaseezeitung_new\/de\/wp-content\/uploads\/sites\/2\/2025\/02\/IMG_7597-copia.jpg\" alt=\"Gardasee Zeitung am FREE Messe 2025\" width=\"1024\" height=\"611\" srcset=\"https:\/\/euwps06.newsmemory.com\/gardaseezeitung_new\/de\/wp-content\/uploads\/sites\/2\/2025\/02\/IMG_7597-copia.jpg 1024w, https:\/\/euwps06.newsmemory.com\/gardaseezeitung_new\/de\/wp-content\/uploads\/sites\/2\/2025\/02\/IMG_7597-copia-300x179.jpg 300w, https:\/\/euwps06.newsmemory.com\/gardaseezeitung_new\/de\/wp-content\/uploads\/sites\/2\/2025\/02\/IMG_7597-copia-768x458.jpg 768w, https:\/\/euwps06.newsmemory.com\/gardaseezeitung_new\/de\/wp-content\/uploads\/sites\/2\/2025\/02\/IMG_7597-copia-750x448.jpg 750w\" sizes=\"(max-width: 1024px) 100vw, 1024px\" \/><img title=\"Wie es Tradition ist, hier die erste Ausgabe der Gardasee Zeitung in M\u00fcnchen und Bayern\" loading=\"lazy\" class=\"size-full wp-image-17762\" src=\"https:\/\/www.gardaseezeitung.it\/gardaseezeitung_new\/de\/wp-content\/uploads\/sites\/2\/2025\/02\/IMG_7599-copia.jpg\" alt=\"Gardasee Zeitung am FREE Messe 2025\" width=\"1024\" height=\"828\" srcset=\"https:\/\/euwps06.newsmemory.com\/gardaseezeitung_new\/de\/wp-content\/uploads\/sites\/2\/2025\/02\/IMG_7599-copia.jpg 1024w, https:\/\/euwps06.newsmemory.com\/gardaseezeitung_new\/de\/wp-content\/uploads\/sites\/2\/2025\/02\/IMG_7599-copia-300x243.jpg 300w, https:\/\/euwps06.newsmemory.com\/gardaseezeitung_new\/de\/wp-content\/uploads\/sites\/2\/2025\/02\/IMG_7599-copia-768x621.jpg 768w, https:\/\/euwps06.newsmemory.com\/gardaseezeitung_new\/de\/wp-content\/uploads\/sites\/2\/2025\/02\/IMG_7599-copia-750x606.jpg 750w\" sizes=\"(max-width: 1024px) 100vw, 1024px\" \/><img title=\"Wie es Tradition ist, hier die erste Ausgabe der Gardasee Zeitung in M\u00fcnchen und Bayern\" loading=\"lazy\" class=\"alignnone wp-image-17763 size-large\" src=\"https:\/\/www.gardaseezeitung.it\/gardaseezeitung_new\/de\/wp-content\/uploads\/sites\/2\/2025\/02\/IMG_7603-copia.jpg\" alt=\"Gardasee Zeitung am Free Messe 2025\" width=\"640\" height=\"913\" srcset=\"https:\/\/euwps06.newsmemory.com\/gardaseezeitung_new\/de\/wp-content\/uploads\/sites\/2\/2025\/02\/IMG_7603-copia.jpg 1024w, https:\/\/euwps06.newsmemory.com\/gardaseezeitung_new\/de\/wp-content\/uploads\/sites\/2\/2025\/02\/IMG_7603-copia-210x300.jpg 210w, https:\/\/euwps06.newsmemory.com\/gardaseezeitung_new\/de\/wp-content\/uploads\/sites\/2\/2025\/02\/IMG_7603-copia-718x1024.jpg 718w, https:\/\/euwps06.newsmemory.com\/gardaseezeitung_new\/de\/wp-content\/uploads\/sites\/2\/2025\/02\/IMG_7603-copia-768x1095.jpg 768w, https:\/\/euwps06.newsmemory.com\/gardaseezeitung_new\/de\/wp-content\/uploads\/sites\/2\/2025\/02\/IMG_7603-copia-750x1069.jpg 750w\" sizes=\"(max-width: 640px) 100vw, 640px\" \/><img title=\"Wie es Tradition ist, hier die erste Ausgabe der Gardasee Zeitung in M\u00fcnchen und Bayern\" loading=\"lazy\" class=\"size-full wp-image-17764\" src=\"https:\/\/www.gardaseezeitung.it\/gardaseezeitung_new\/de\/wp-content\/uploads\/sites\/2\/2025\/02\/IMG_7592-copia.jpg\" alt=\"Gardasee Zeitung am FREE Messe 2025\" width=\"1024\" height=\"645\" srcset=\"https:\/\/euwps06.newsmemory.com\/gardaseezeitung_new\/de\/wp-content\/uploads\/sites\/2\/2025\/02\/IMG_7592-copia.jpg 1024w, https:\/\/euwps06.newsmemory.com\/gardaseezeitung_new\/de\/wp-content\/uploads\/sites\/2\/2025\/02\/IMG_7592-copia-300x189.jpg 300w, https:\/\/euwps06.newsmemory.com\/gardaseezeitung_new\/de\/wp-content\/uploads\/sites\/2\/2025\/02\/IMG_7592-copia-768x484.jpg 768w, https:\/\/euwps06.newsmemory.com\/gardaseezeitung_new\/de\/wp-content\/uploads\/sites\/2\/2025\/02\/IMG_7592-copia-750x472.jpg 750w\" sizes=\"(max-width: 1024px) 100vw, 1024px\" \/><img title=\"Wie es Tradition ist, hier die erste Ausgabe der Gardasee Zeitung in M\u00fcnchen und Bayern\" loading=\"lazy\" class=\"size-full wp-image-17760\" src=\"https:\/\/www.gardaseezeitung.it\/gardaseezeitung_new\/de\/wp-content\/uploads\/sites\/2\/2025\/02\/IMG_7577-copia.jpg\" alt=\"Gardasee Zeitung am FREE Messe 2025\" width=\"1024\" height=\"768\" srcset=\"https:\/\/euwps06.newsmemory.com\/gardaseezeitung_new\/de\/wp-content\/uploads\/sites\/2\/2025\/02\/IMG_7577-copia.jpg 1024w, https:\/\/euwps06.newsmemory.com\/gardaseezeitung_new\/de\/wp-content\/uploads\/sites\/2\/2025\/02\/IMG_7577-copia-300x225.jpg 300w, https:\/\/euwps06.newsmemory.com\/gardaseezeitung_new\/de\/wp-content\/uploads\/sites\/2\/2025\/02\/IMG_7577-copia-768x576.jpg 768w, https:\/\/euwps06.newsmemory.com\/gardaseezeitung_new\/de\/wp-content\/uploads\/sites\/2\/2025\/02\/IMG_7577-copia-750x563.jpg 750w\" sizes=\"(max-width: 1024px) 100vw, 1024px\" \/><img title=\"Wie es Tradition ist, hier die erste Ausgabe der Gardasee Zeitung in M\u00fcnchen und Bayern\" loading=\"lazy\" class=\"size-full wp-image-17765\" src=\"https:\/\/www.gardaseezeitung.it\/gardaseezeitung_new\/de\/wp-content\/uploads\/sites\/2\/2025\/02\/IMG_7581.jpg\" alt=\"Gardasee Zeitung am Free Messe 2025\" width=\"1024\" height=\"768\" srcset=\"https:\/\/euwps06.newsmemory.com\/gardaseezeitung_new\/de\/wp-content\/uploads\/sites\/2\/2025\/02\/IMG_7581.jpg 1024w, https:\/\/euwps06.newsmemory.com\/gardaseezeitung_new\/de\/wp-content\/uploads\/sites\/2\/2025\/02\/IMG_7581-300x225.jpg 300w, https:\/\/euwps06.newsmemory.com\/gardaseezeitung_new\/de\/wp-content\/uploads\/sites\/2\/2025\/02\/IMG_7581-768x576.jpg 768w, https:\/\/euwps06.newsmemory.com\/gardaseezeitung_new\/de\/wp-content\/uploads\/sites\/2\/2025\/02\/IMG_7581-750x563.jpg 750w\" sizes=\"(max-width: 1024px) 100vw, 1024px\" \/><\/p>\n<p>&nbsp;<\/p>\n<div class=\"mceTemp\"><\/div>\n","protected":false},"excerpt":{"rendered":"<p>Sie k\u00f6nnen sich Ihr kostenloses Exemplar an unserem Stand 321 in Halle A4 abholen, aber auch an den St\u00e4nden \u201eUrlaub am Gardasee\/Lago di Garda Italia\u201c und \u201eLago di Garda camping\u201c bis Sonntag, 23. Februar<\/p>\n","protected":false},"author":9,"featured_media":17760,"comment_status":"open","ping_status":"open","sticky":false,"template":"","format":"standard","meta":[],"categories":[2],"tags":[5410,5411,23,26,5412,973],"news-destination":[],"news-source":[],"is_homepage":[],"ta_other":[],"featured_media_details":{"width":1024,"height":768,"file":"2025\/02\/IMG_7577-copia.jpg","sizes":{"medium":{"file":"IMG_7577-copia-300x225.jpg","width":300,"height":225,"mime-type":"image\/jpeg","source_url":"https:\/\/www.gardaseezeitung.it\/gardaseezeitung_new\/de\/wp-content\/uploads\/sites\/2\/2025\/02\/IMG_7577-copia-300x225.jpg"},"thumbnail":{"file":"IMG_7577-copia-150x150.jpg","width":150,"height":150,"mime-type":"image\/jpeg","source_url":"https:\/\/www.gardaseezeitung.it\/gardaseezeitung_new\/de\/wp-content\/uploads\/sites\/2\/2025\/02\/IMG_7577-copia-150x150.jpg"},"medium_large":{"file":"IMG_7577-copia-768x576.jpg","width":768,"height":576,"mime-type":"image\/jpeg","source_url":"https:\/\/www.gardaseezeitung.it\/gardaseezeitung_new\/de\/wp-content\/uploads\/sites\/2\/2025\/02\/IMG_7577-copia-768x576.jpg"},"big_image":{"file":"IMG_7577-copia-750x563.jpg","width":750,"height":563,"mime-type":"image\/jpeg","source_url":"https:\/\/www.gardaseezeitung.it\/gardaseezeitung_new\/de\/wp-content\/uploads\/sites\/2\/2025\/02\/IMG_7577-copia-750x563.jpg"},"guest-author-32":{"file":"IMG_7577-copia-32x32.jpg","width":32,"height":32,"mime-type":"image\/jpeg","source_url":"https:\/\/www.gardaseezeitung.it\/gardaseezeitung_new\/de\/wp-content\/uploads\/sites\/2\/2025\/02\/IMG_7577-copia-32x32.jpg"},"guest-author-50":{"file":"IMG_7577-copia-50x50.jpg","width":50,"height":50,"mime-type":"image\/jpeg","source_url":"https:\/\/www.gardaseezeitung.it\/gardaseezeitung_new\/de\/wp-content\/uploads\/sites\/2\/2025\/02\/IMG_7577-copia-50x50.jpg"},"guest-author-64":{"file":"IMG_7577-copia-64x64.jpg","width":64,"height":64,"mime-type":"image\/jpeg","source_url":"https:\/\/www.gardaseezeitung.it\/gardaseezeitung_new\/de\/wp-content\/uploads\/sites\/2\/2025\/02\/IMG_7577-copia-64x64.jpg"},"guest-author-96":{"file":"IMG_7577-copia-96x96.jpg","width":96,"height":96,"mime-type":"image\/jpeg","source_url":"https:\/\/www.gardaseezeitung.it\/gardaseezeitung_new\/de\/wp-content\/uploads\/sites\/2\/2025\/02\/IMG_7577-copia-96x96.jpg"},"guest-author-128":{"file":"IMG_7577-copia-128x128.jpg","width":128,"height":128,"mime-type":"image\/jpeg","source_url":"https:\/\/www.gardaseezeitung.it\/gardaseezeitung_new\/de\/wp-content\/uploads\/sites\/2\/2025\/02\/IMG_7577-copia-128x128.jpg"},"full":{"file":"IMG_7577-copia.jpg","width":1024,"height":768,"mime_type":"","source_url":"https:\/\/www.gardaseezeitung.it\/gardaseezeitung_new\/de\/wp-content\/uploads\/sites\/2\/2025\/02\/IMG_7577-copia.jpg"}},"image_meta":{"aperture":"1.78","credit":"","camera":"iPhone 16 Pro","caption":"","created_timestamp":"1739960220","copyright":"","focal_length":"6.7649998663709","iso":"125","shutter_speed":"0.01","title":"","orientation":"1","keywords":[]}},"_links":{"self":[{"href":"https:\/\/www.gardaseezeitung.it\/gardaseezeitung_new\/de\/wp-json\/wp\/v2\/posts\/17766"}],"collection":[{"href":"https:\/\/www.gardaseezeitung.it\/gardaseezeitung_new\/de\/wp-json\/wp\/v2\/posts"}],"about":[{"href":"https:\/\/www.gardaseezeitung.it\/gardaseezeitung_new\/de\/wp-json\/wp\/v2\/types\/post"}],"author":[{"embeddable":true,"href":"https:\/\/www.gardaseezeitung.it\/gardaseezeitung_new\/de\/wp-json\/wp\/v2\/users\/9"}],"replies":[{"embeddable":true,"href":"https:\/\/www.gardaseezeitung.it\/gardaseezeitung_new\/de\/wp-json\/wp\/v2\/comments?post=17766"}],"version-history":[{"count":1,"href":"https:\/\/www.gardaseezeitung.it\/gardaseezeitung_new\/de\/wp-json\/wp\/v2\/posts\/17766\/revisions"}],"predecessor-version":[{"id":17767,"href":"https:\/\/www.gardaseezeitung.it\/gardaseezeitung_new\/de\/wp-json\/wp\/v2\/posts\/17766\/revisions\/17767"}],"wp:featuredmedia":[{"embeddable":true,"href":"https:\/\/www.gardaseezeitung.it\/gardaseezeitung_new\/de\/wp-json\/wp\/v2\/media\/17760"}],"wp:attachment":[{"href":"https:\/\/www.gardaseezeitung.it\/gardaseezeitung_new\/de\/wp-json\/wp\/v2\/media?parent=17766"}],"wp:term":[{"taxonomy":"category","embeddable":true,"href":"https:\/\/www.gardaseezeitung.it\/gardaseezeitung_new\/de\/wp-json\/wp\/v2\/categories?post=17766"},{"taxonomy":"post_tag","embeddable":true,"href":"https:\/\/www.gardaseezeitung.it\/gardaseezeitung_new\/de\/wp-json\/wp\/v2\/tags?post=17766"},{"taxonomy":"news-destination","embeddable":true,"href":"https:\/\/www.gardaseezeitung.it\/gardaseezeitung_new\/de\/wp-json\/wp\/v2\/news-destination?post=17766"},{"taxonomy":"news-source","embeddable":true,"href":"https:\/\/www.gardaseezeitung.it\/gardaseezeitung_new\/de\/wp-json\/wp\/v2\/news-source?post=17766"},{"taxonomy":"is_homepage","embeddable":true,"href":"https:\/\/www.gardaseezeitung.it\/gardaseezeitung_new\/de\/wp-json\/wp\/v2\/is_homepage?post=17766"},{"taxonomy":"ta_other","embeddable":true,"href":"https:\/\/www.gardaseezeitung.it\/gardaseezeitung_new\/de\/wp-json\/wp\/v2\/ta_other?post=17766"}],"curies":[{"name":"wp","href":"https:\/\/api.w.org\/{rel}","templated":true}]}}