{"id":17796,"date":"2025-03-11T00:47:45","date_gmt":"2025-03-10T23:47:45","guid":{"rendered":"https:\/\/euwps05.newsmemory.com\/gardaseezeitung_new\/de\/2025\/03\/11\/naechtliche-sperrung-der-autobahn-a4-zwischen-peschiera-und-sommacampagna\/"},"modified":"2025-03-11T00:48:20","modified_gmt":"2025-03-10T23:48:20","slug":"naechtliche-sperrung-der-autobahn-a4-zwischen-peschiera-und-sommacampagna","status":"publish","type":"post","link":"https:\/\/www.gardaseezeitung.it\/2025\/03\/11\/naechtliche-sperrung-der-autobahn-a4-zwischen-peschiera-und-sommacampagna\/","title":{"rendered":"N\u00e4chtliche Sperrung der Autobahn A4 zwischen Peschiera und Sommacampagna"},"content":{"rendered":"<p>&nbsp;<\/p>\n<p>Von Freitag, 14. M\u00e4rz, 22.00 Uhr, bis Samstag, 15. M\u00e4rz 2025, 6.00 Uhr, wird zwischen den Mautstellen Peschiera und Sommacampagna in Richtung Venedig nur ein Fahrstreifen zur Verf\u00fcgung stehen. Die Arbeiten dienen der Vorbereitung der Vollsperrung des Autobahnabschnitts zwischen den Mautstellen Sommacampagna und Peschiera auf beiden Fahrbahnen (von km 270+700 bis km 259+300) von Samstag, den 15. M\u00e4rz um 20.00 Uhr bis Sonntag, den 16. M\u00e4rz 2025 um 8.00 Uhr. Diese Arbeiten sind im Rahmen der vom Konsortium Cepav begonnenen Arbeiten f\u00fcr den Bau des Loses Brescia-Verona der Hochgeschwindigkeitsstrecke Turin-Venedig erforderlich.<\/p>\n<p>Reisende in Richtung Mailand k\u00f6nnen an der Mautstelle Sommacampagna abfahren und nach der Umleitung auf die S.R.11 an der Mautstelle Peschiera wieder auf die Autobahn auffahren. Ebenso m\u00fcssen Reisende in Richtung Venedig an der Mautstelle Peschiera ausfahren und k\u00f6nnen nach der Auffahrt auf die S.R.11 an der Mautstelle Sommacampagna wieder auf die A4 auffahren. Zu den gleichen Zeiten werden die Einfahrt in Richtung Mailand an der Mautstelle Sommacampagna und die Einfahrt in Richtung Venedig an der Mautstelle Peschiera geschlossen.<\/p>\n","protected":false},"excerpt":{"rendered":"<p>Verkehrsbeschr\u00e4nkungen ab 14. M\u00e4rz. Sperrung in der Nacht von Samstag, 15. M\u00e4rz, auf Sonntag, 16. M\u00e4rz, wegen Hochgeschwindigkeitsarbeiten<\/p>\n","protected":false},"author":9,"featured_media":6260,"comment_status":"open","ping_status":"open","sticky":false,"template":"","format":"standard","meta":[],"categories":[2,6],"tags":[659,1899,23,26,765,528,1430],"news-destination":[],"news-source":[],"is_homepage":[],"ta_other":[],"featured_media_details":{"width":2560,"height":1707,"file":"2021\/04\/2560px-A4_Meolo.jpg","sizes":{"thumbnail":{"file":"2560px-A4_Meolo-150x150.jpg","width":150,"height":150,"mime-type":"image\/jpeg","source_url":"https:\/\/www.gardaseezeitung.it\/gardaseezeitung_new\/de\/wp-content\/uploads\/sites\/2\/2021\/04\/2560px-A4_Meolo-150x150.jpg"},"medium":{"file":"2560px-A4_Meolo-300x200.jpg","width":300,"height":200,"mime-type":"image\/jpeg","source_url":"https:\/\/www.gardaseezeitung.it\/gardaseezeitung_new\/de\/wp-content\/uploads\/sites\/2\/2021\/04\/2560px-A4_Meolo-300x200.jpg"},"medium_large":{"file":"2560px-A4_Meolo-768x512.jpg","width":768,"height":512,"mime-type":"image\/jpeg","source_url":"https:\/\/www.gardaseezeitung.it\/gardaseezeitung_new\/de\/wp-content\/uploads\/sites\/2\/2021\/04\/2560px-A4_Meolo-768x512.jpg"},"large":{"file":"2560px-A4_Meolo-1024x683.jpg","width":1024,"height":683,"mime-type":"image\/jpeg","source_url":"https:\/\/www.gardaseezeitung.it\/gardaseezeitung_new\/de\/wp-content\/uploads\/sites\/2\/2021\/04\/2560px-A4_Meolo-1024x683.jpg"},"big_image":{"file":"2560px-A4_Meolo-750x500.jpg","width":750,"height":500,"mime-type":"image\/jpeg","source_url":"https:\/\/www.gardaseezeitung.it\/gardaseezeitung_new\/de\/wp-content\/uploads\/sites\/2\/2021\/04\/2560px-A4_Meolo-750x500.jpg"},"guest-author-32":{"file":"2560px-A4_Meolo-32x32.jpg","width":32,"height":32,"mime-type":"image\/jpeg","source_url":"https:\/\/www.gardaseezeitung.it\/gardaseezeitung_new\/de\/wp-content\/uploads\/sites\/2\/2021\/04\/2560px-A4_Meolo-32x32.jpg"},"guest-author-50":{"file":"2560px-A4_Meolo-50x50.jpg","width":50,"height":50,"mime-type":"image\/jpeg","source_url":"https:\/\/www.gardaseezeitung.it\/gardaseezeitung_new\/de\/wp-content\/uploads\/sites\/2\/2021\/04\/2560px-A4_Meolo-50x50.jpg"},"guest-author-64":{"file":"2560px-A4_Meolo-64x64.jpg","width":64,"height":64,"mime-type":"image\/jpeg","source_url":"https:\/\/www.gardaseezeitung.it\/gardaseezeitung_new\/de\/wp-content\/uploads\/sites\/2\/2021\/04\/2560px-A4_Meolo-64x64.jpg"},"guest-author-96":{"file":"2560px-A4_Meolo-96x96.jpg","width":96,"height":96,"mime-type":"image\/jpeg","source_url":"https:\/\/www.gardaseezeitung.it\/gardaseezeitung_new\/de\/wp-content\/uploads\/sites\/2\/2021\/04\/2560px-A4_Meolo-96x96.jpg"},"guest-author-128":{"file":"2560px-A4_Meolo-128x128.jpg","width":128,"height":128,"mime-type":"image\/jpeg","source_url":"https:\/\/www.gardaseezeitung.it\/gardaseezeitung_new\/de\/wp-content\/uploads\/sites\/2\/2021\/04\/2560px-A4_Meolo-128x128.jpg"},"full":{"file":"2560px-A4_Meolo.jpg","width":2560,"height":1707,"mime_type":"","source_url":"https:\/\/www.gardaseezeitung.it\/gardaseezeitung_new\/de\/wp-content\/uploads\/sites\/2\/2021\/04\/2560px-A4_Meolo.jpg"}},"image_meta":{"aperture":"0","credit":"","camera":"","caption":"","created_timestamp":"0","copyright":"","focal_length":"0","iso":"0","shutter_speed":"0","title":"","orientation":"0","keywords":[]}},"_links":{"self":[{"href":"https:\/\/www.gardaseezeitung.it\/gardaseezeitung_new\/de\/wp-json\/wp\/v2\/posts\/17796"}],"collection":[{"href":"https:\/\/www.gardaseezeitung.it\/gardaseezeitung_new\/de\/wp-json\/wp\/v2\/posts"}],"about":[{"href":"https:\/\/www.gardaseezeitung.it\/gardaseezeitung_new\/de\/wp-json\/wp\/v2\/types\/post"}],"author":[{"embeddable":true,"href":"https:\/\/www.gardaseezeitung.it\/gardaseezeitung_new\/de\/wp-json\/wp\/v2\/users\/9"}],"replies":[{"embeddable":true,"href":"https:\/\/www.gardaseezeitung.it\/gardaseezeitung_new\/de\/wp-json\/wp\/v2\/comments?post=17796"}],"version-history":[{"count":1,"href":"https:\/\/www.gardaseezeitung.it\/gardaseezeitung_new\/de\/wp-json\/wp\/v2\/posts\/17796\/revisions"}],"predecessor-version":[{"id":17797,"href":"https:\/\/www.gardaseezeitung.it\/gardaseezeitung_new\/de\/wp-json\/wp\/v2\/posts\/17796\/revisions\/17797"}],"wp:featuredmedia":[{"embeddable":true,"href":"https:\/\/www.gardaseezeitung.it\/gardaseezeitung_new\/de\/wp-json\/wp\/v2\/media\/6260"}],"wp:attachment":[{"href":"https:\/\/www.gardaseezeitung.it\/gardaseezeitung_new\/de\/wp-json\/wp\/v2\/media?parent=17796"}],"wp:term":[{"taxonomy":"category","embeddable":true,"href":"https:\/\/www.gardaseezeitung.it\/gardaseezeitung_new\/de\/wp-json\/wp\/v2\/categories?post=17796"},{"taxonomy":"post_tag","embeddable":true,"href":"https:\/\/www.gardaseezeitung.it\/gardaseezeitung_new\/de\/wp-json\/wp\/v2\/tags?post=17796"},{"taxonomy":"news-destination","embeddable":true,"href":"https:\/\/www.gardaseezeitung.it\/gardaseezeitung_new\/de\/wp-json\/wp\/v2\/news-destination?post=17796"},{"taxonomy":"news-source","embeddable":true,"href":"https:\/\/www.gardaseezeitung.it\/gardaseezeitung_new\/de\/wp-json\/wp\/v2\/news-source?post=17796"},{"taxonomy":"is_homepage","embeddable":true,"href":"https:\/\/www.gardaseezeitung.it\/gardaseezeitung_new\/de\/wp-json\/wp\/v2\/is_homepage?post=17796"},{"taxonomy":"ta_other","embeddable":true,"href":"https:\/\/www.gardaseezeitung.it\/gardaseezeitung_new\/de\/wp-json\/wp\/v2\/ta_other?post=17796"}],"curies":[{"name":"wp","href":"https:\/\/api.w.org\/{rel}","templated":true}]}}